{"id":105,"date":"2015-12-09T00:21:12","date_gmt":"2015-12-09T00:21:12","guid":{"rendered":"http:\/\/www.anti-defamation.pl\/english\/?p=105"},"modified":"2015-12-09T00:21:12","modified_gmt":"2015-12-09T00:21:12","slug":"precz-z-rasizmem-w-norwegii-uwolnic-jozia-podpisujemy-petycje","status":"publish","type":"post","link":"https:\/\/rdi.org.pl\/english\/precz-z-rasizmem-w-norwegii-uwolnic-jozia-podpisujemy-petycje\/","title":{"rendered":"Precz z rasizmem w Norwegii! Uwolni\u0107 J\u00f3zia! Podpisujemy petycj\u0119! Wstrz\u0105saj\u0105ca historia polskiego dziecka w niewoli norweskiej."},"content":{"rendered":"<p style=\"text-align: justify;\">1.<\/p>\n<p style=\"text-align: justify;\">Reduta Dobrego Imienia z przyjmuje o\u015bwiadczenie norweskiej Rady Etyki Medi\u00f3w w kt\u00f3rym Rada wyja\u015bnia, \u017ce nie usankcjonowa\u0142a terminu \u201epolski ob\u00f3z koncentracyjny\u201d, a jedynie zaakceptowa\u0142a przeprosiny gazety, kt\u00f3ra go u\u017cy\u0142a.<\/p>\n<p style=\"text-align: justify;\">O\u015bwiadczenie Rady jest efektem zorganizowanej przez Redut\u0119 zmasowanej akcji protestacyjnej polskich internaut\u00f3w, kt\u00f3rzy w ci\u0105gu kilku dni wys\u0142ali blisko 40 tys. maili blokuj\u0105c skrzynki pocztowe najwi\u0119kszych norweskich organizacji dziennikarskich.<\/p>\n<p style=\"text-align: justify;\">2.<\/p>\n<p style=\"text-align: justify;\">To jednak nie rozwi\u0105zuje problemu rasistowskiego podej\u015bcia do Polak\u00f3w w Norwegii, gdzie \u0142amane s\u0105 podstawowe prawa r\u00f3wno\u015bciowe. Polacy traktowani s\u0105 gorzej jako pracownicy, nie otrzymuj\u0105 nale\u017cnych bonus\u00f3w za nadgodziny, nie chce ich si\u0119 zatrudnia\u0107 legalnie zmuszaj\u0105c do pracy na czarno.<\/p>\n<p style=\"text-align: justify;\">Jednak to, co szczeg\u00f3lnie bulwersuje, to liczne przypadki odbierania pod byle pretekstem polskim rodzinom ich dzieci \u2013 polskich obywateli. Barnevernet (urz\u0105d ochrony dzieci) wykorzystuje w tym celu najdrobniejsze r\u00f3\u017cnice kulturowe, posuwaj\u0105c si\u0119 wr\u0119cz do absurdu.<\/p>\n<p style=\"text-align: justify;\">Dla Barnevernet np. przytulanie dziecka jest molestowaniem seksualnym, a wyrwanie z\u0119ba-mleczaka bez wiedzy dentysty &#8211; zaniedbaniem w opiece. Rozmowy prowadzone s\u0105 z dzieckiem bez psychologa oraz t\u0142umacza i najcz\u0119\u015bciej opieraj\u0105 si\u0119 na domys\u0142ach. Barnevernet ma na swoim koncie wyj\u0105tkowo drastyczne przyk\u0142ady post\u0119powania, nawet wobec dzieci niepe\u0142nosprawnych.<\/p>\n<p style=\"text-align: justify;\">Dzia\u0142 Dokumentacji RDI ocenia, \u017ce te praktyki s\u0105 skutkiem rasistowskiego i dyskryminuj\u0105cego stosunku Norweg\u00f3w i w\u0142adz norweskich do Polak\u00f3w.<\/p>\n<p style=\"text-align: justify;\">Polacy s\u0105 uwa\u017cani za Europejczyk\u00f3w gorszej kategorii, kt\u00f3rych mo\u017cna bezkarnie poni\u017ca\u0107 i dyskryminowa\u0107 \u2013 czego dowodem jest fakt, \u017ce podobne przypadki o wiele rzadziej zdarzaj\u0105 si\u0119 innym narodowo\u015bciom nies\u0142owia\u0144skim (mniejszo\u015bciom) zamieszka\u0142ym w Norwegii.<\/p>\n<p style=\"text-align: justify;\">Zachodzi podejrzenie, \u017ce odbieranie polskich dzieci ma na celu wynarodowienie, aby mie\u0107 wi\u0119cej obywateli pochodzenia europejskiego, \u0142atwo asymiluj\u0105cych si\u0119.<\/p>\n<p style=\"text-align: justify;\">Poniewa\u017c dotychczas III RP nie troszczy\u0142a si\u0119 o obywateli polskich przebywaj\u0105cych za granic\u0105 tego rodzaju rasistowskie praktyki, podobne do niemieckiej akcji Lebensborn z czas\u00f3w III Rzeszy, nie spotyka\u0142y si\u0119 z w\u0142a\u015bciwym przeciwdzia\u0142aniem.<\/p>\n<p style=\"text-align: justify;\">W opinii Dzia\u0142u Dokumentacji RDI rasistowskie traktowanie S\u0142owian, a przede wszystkim Polak\u00f3w w Norwegii jest pok\u0142osiem narodowego socjalizmu. W latach II wojny \u015bwiatowej nazistowski kolaboracyjny rz\u0105d Vidikuna Quislinga wzi\u0105\u0142 udzia\u0142 w anty\u017cydowskich czystkach we w\u0142asnym kraju, a co najmniej 15 000 Norweg\u00f3w wst\u0105pi\u0142o do ochotniczych, doborowych, norweskich oddzia\u0142\u00f3w Waffen SS, z tego 6000 Norweg\u00f3w z tych oddzia\u0142\u00f3w wzi\u0119\u0142o udzia\u0142 w cz\u0119sto ludob\u00f3jczych walkach na wschodzie Europy.<\/p>\n<p><img loading=\"lazy\" decoding=\"async\" class=\"alignright wp-image-107\" src=\"http:\/\/www.anti-defamation.pl\/english\/wp-content\/uploads\/2015\/12\/J\u00f3zio-1Media.jpg\" alt=\"J\u00f3zio 1Media\" width=\"195\" height=\"281\" \/><\/p>\n<p style=\"text-align: justify;\">Pani Teresa Skr\u0119towska z Warszawy walczy o odzyskanie swojego jedynego wnuka J\u00f3zia, od czterech lat przetrzymywanego przez w\u0142adze norweskie.<\/p>\n<p style=\"text-align: justify;\">J\u00f3zio urodzi\u0142 si\u0119 jako dziecko niepe\u0142nosprawne. Przez pierwsze cztery lata \u017cycia by\u0142 rehabilitowany w Instytucie Matki i Dziecka z bardzo dobrymi efektami i przy bardzo du\u017cym wsparciu ze strony babci. W wieku czterech lat wraz z rodzicami wyjecha\u0142 do Stavanger w Norwegii.<\/p>\n<p style=\"text-align: justify;\">Rodzice J\u00f3zefa postanowili jednak \u017cy\u0107 w separacji, ze wzgl\u0119du na porywczo\u015b\u0107 ojca. Z czasem ojciec otrzyma\u0142 policyjny zakaz zbli\u017cania si\u0119 do matki oraz dziecka, rozpocz\u0105\u0142 si\u0119 tak\u017ce proces ograniczenia jego praw rodzicielskich.<\/p>\n<p style=\"text-align: justify;\">Koszmar zacz\u0105\u0142 si\u0119 w kwietniu 2011 r. kiedy nagle zmar\u0142a matka. J\u00f3zef mia\u0142 wtedy osiem lat. Mimo, \u017ce w nast\u0119pnym dniu po \u015bmierci c\u00f3rki pani Teresa wyst\u0105pi\u0142a z wnioskiem o przej\u0119cie opieki nad niepe\u0142nosprawnym wnukiem, Barnevernet (urz\u0105d ochrony dzieci) przyzna\u0142 j\u0105 warunkowo ojcu J\u00f3zefa.<\/p>\n<p style=\"text-align: justify;\">Ju\u017c po dw\u00f3ch miesi\u0105cach w zwi\u0105zku ze z\u0142\u0105 opiek\u0105 ojca, J\u00f3zef zosta\u0142 przej\u0119ty przez Barnevernet. Od tego czasu przebywa\u0142 albo w sieroci\u0144cu, albo w kolejnej rodzinie zast\u0119pczej bez jakiegokolwiek kontaktu z j\u0119zykiem i kultur\u0105 polsk\u0105, a tak\u017ce religi\u0105 katolick\u0105. Walcz\u0105cej o prawo do opieki pani Teresie przyznano mo\u017cliwo\u015b\u0107 widywania si\u0119 z wnukiem dwa razy w roku przez trzy godziny, w obecno\u015bci urz\u0119dnika. Kontakty telefoniczne s\u0105 utrudniane. Wszelkie listy i kartki przej\u0119to informuj\u0105c, \u017ce J\u00f3zef je otrzyma po uzyskaniu pe\u0142noletnio\u015bci.<\/p>\n<p style=\"text-align: justify;\"><img loading=\"lazy\" decoding=\"async\" class=\"alignleft wp-image-108\" src=\"http:\/\/www.anti-defamation.pl\/english\/wp-content\/uploads\/2015\/12\/J\u00f3zio-2.Media_.jpg\" alt=\"J\u00f3zio 2.Media\" width=\"170\" height=\"256\" \/>W maju 2014 roku po wizycie u J\u00f3zefa w rodzinie zast\u0119pczej, pani Teresa postanowi\u0142a kolejny raz interweniowa\u0107 w Barnevernet, jednak bezskutecznie. J\u00f3zef by\u0142 wychudzony, niezwykle os\u0142abiony, mieszka\u0142 w pomieszczeniu przypominaj\u0105cym piwnic\u0119 z oknem pod sufitem. Pojawi\u0142y si\u0119 tak\u017ce podejrzenia o molestowanie seksualne.<\/p>\n<p style=\"text-align: justify;\">Dzi\u0119ki pomocy jednej z organizacji pozarz\u0105dowych do kt\u00f3rej zwr\u00f3ci\u0142a si\u0119 pani Teresa, spraw\u0105 zainteresowa\u0142a si\u0119 policja. To w\u0142a\u015bnie w wyniku jej interwencji w lipcu br. J\u00f3zef znowu trafi\u0142 do sieroci\u0144ca. Teraz czeka na przej\u0119cie przez kolejn\u0105 rodzin\u0119 zast\u0119pcz\u0105, prawdopodobnie tu\u017c przed \u015bwi\u0119tami Bo\u017cego Narodzenia.<\/p>\n<p style=\"text-align: justify;\">Rodzina zast\u0119pcza z tytu\u0142u niepe\u0142nosprawno\u015bci J\u00f3zefa otrzymuje dodatkowe, niema\u0142e fundusze.<\/p>\n<p style=\"text-align: justify;\">W efekcie \u201eopieki\u201d norweskich urz\u0119dnik\u00f3w J\u00f3zef prawie nie m\u00f3wi po polsku, ale rozumie. Jest tak\u017ce dowo\u017cony na praktyki jakiej\u015b sekty religijnej.<\/p>\n<p style=\"text-align: justify;\">W maju br. po wyczerpaniu wszelkich mo\u017cliwych \u015brodk\u00f3w s\u0105dowych na terenie Norwegii pani Teresa skierowa\u0142a spraw\u0119 do Europejskiego Trybuna\u0142u Praw Cz\u0142owieka w Strasburgu.<a href=\"http:\/\/www.anti-defamation.pl\/english\/wp-content\/uploads\/2015\/12\/J\u00f3zio-3Media.jpg\"><br \/>\n<\/a><\/p>\n<p><img loading=\"lazy\" decoding=\"async\" class=\"alignleft wp-image-109\" src=\"http:\/\/www.anti-defamation.pl\/english\/wp-content\/uploads\/2015\/12\/J\u00f3zio-3Media.jpg\" alt=\"J\u00f3zio 3Media\" width=\"207\" height=\"313\" \/><\/p>\n<p style=\"text-align: justify;\">Obecnie na terenie Norwegii udokumentowano ponad 100 przypadk\u00f3w zabrania polskich rodzinom dzieci. Ponad 40 polskich dzieci ulokowano ju\u017c w rodzinach zast\u0119pczych. Nie s\u0105 to wszystkie przypadki, gdy\u017c Bernevernet (urz\u0105d ochrony dzieci) nie przekazuje informacji o liczbie przej\u0119tych dzieci nawet w\u0142adzom konsularnym. Czyni to wbrew prawu mi\u0119dzynarodowemu.<\/p>\n<p style=\"text-align: justify;\">Swoimi praktykami Barnevernet \u0142amie nie tylko Konwencj\u0119 Wiede\u0144sk\u0105, ale tak\u017ce Konwencj\u0119 Praw Dziecka. Najcz\u0119\u015bciej \u0142amany jest art. 36 Konwencji Wiede\u0144skiej bowiem nie informuje si\u0119 o zatrzymaniu ma\u0142oletnich obywateli polskich oraz maksymalnie utrudnia kontakt dziecka z konsulem. Z kolei zgodnie art. 8 Konwencji Praw Dziecka, dziecko ma prawo do zachowania nazwiska, narodowo\u015bci, relacji rodzinnych, kultury i religii rodzic\u00f3w. Zgodnie z tym art. urz\u0105d powinien szuka\u0107 rodziny zast\u0119pczej w kr\u0119gu rodziny biologicznej i najbli\u017cszych krewnych w Polsce. Oczywi\u015bcie nigdy tego nie robi. Ma\u0142o tego, podczas spotka\u0144 z dzie\u0107mi pod kontrol\u0105 pracownik\u00f3w zabrania si\u0119 m\u00f3wienia po polsku, a rodze\u0144stwa s\u0105 rozdzielane celem zaniku wi\u0119zi i j\u0119zyka ojczystego. \u0141ami\u0105c art. 14 zrywane s\u0105 wi\u0119zi z religi\u0105 w kt\u00f3rej dziecko si\u0119 wychowywa\u0142o. I wreszcie \u0142amany jest najbardziej podstawowy art. 3 Konwencji Praw Dziecka zgodnie z kt\u00f3rym urz\u0105d powinien dzia\u0142a\u0107 w najlepiej poj\u0119tym interesie dziecka, tymczasem polskim obywatelom odmawia si\u0119 prawa do to\u017csamo\u015bci.<\/p>\n<p style=\"text-align: justify;\">Kr\u00f3lestwo Norwegii jest stron\u0105 wszystkich powy\u017cej wymienionych akt\u00f3w prawa mi\u0119dzynarodowego.<\/p>\n<p style=\"text-align: justify;\">Pytamy zatem, dlaczego obywatele Polscy traktowani s\u0105 w Norwegii w spos\u00f3b ur\u0105gaj\u0105cy dorobkowi zachodniej cywilizacji?<\/p>\n<p style=\"text-align: justify;\">Takich praktyk nie stosuje si\u0119 cho\u0107by w stosunku do Niemc\u00f3w, kt\u00f3rzy tak\u017ce w niema\u0142ej populacji zamieszkuj\u0105 Norwegi\u0119.<\/p>\n<p style=\"text-align: justify;\">Traktuj\u0105c post\u0119powanie Norweg\u00f3w jako szczeg\u00f3lnie okrutne, bo wymierzone w bezbronne dzieci, wzywamy w\u0142adze Norwegii do walki z tak drastycznymi przejawami rasizmu, do respektowania Konwencji Wiede\u0144skiej i Konwencji Praw Dziecka oraz do uwolnienia J\u00f3zefa oraz wszystkich przej\u0119tych przez Barnevernet polskich dzieci, obywateli Polski.<\/p>\n<p style=\"text-align: justify;\">Zamierzamy w tym celu wykorzysta\u0107 wszelkie dost\u0119pne \u015brodki, \u0142\u0105cznie z wezwaniem do bojkotu norweskich towar\u00f3w i firm<\/p>\n<p style=\"text-align: justify;\">Raport Dzia\u0142u Dokumentacji RDI do pobrania\u00a0[ddownload id=&#8221;116&#8243;]<\/p>\n<p style=\"text-align: justify;\">Aby wezwa\u0107 w\u0142adze Norwegii do uwolnienia J\u00f3zia Reduta sporz\u0105dzi\u0142a petycj\u0119, kt\u00f3r\u0105 mo\u017cna podpisywa\u0107\u00a0po klikni\u0119ciu w poni\u017cszy klawisz:<\/p>\n<p style=\"text-align: center;\"><a href=\"http:\/\/citizengo.org\/pl\/sy\/31671-uwolnic-jozia-z-norwegii\" target=\"_blank\" rel=\"noopener\"><img loading=\"lazy\" decoding=\"async\" class=\"aligncenter wp-image-95 size-full\" src=\"http:\/\/www.anti-defamation.pl\/english\/wp-content\/uploads\/2015\/11\/podpisz-klawisz.jpg\" alt=\"podpisz klawisz\" width=\"225\" height=\"54\" \/><\/a><\/p>\n","protected":false},"excerpt":{"rendered":"<p>1. Reduta Dobrego Imienia z przyjmuje o\u015bwiadczenie norweskiej Rady Etyki Medi\u00f3w w kt\u00f3rym Rada wyja\u015bnia, \u017ce nie usankcjonowa\u0142a terminu \u201epolski ob\u00f3z koncentracyjny\u201d, a jedynie zaakceptowa\u0142a przeprosiny gazety, kt\u00f3ra go u\u017cy\u0142a. O\u015bwiadczenie Rady jest efektem zorganizowanej przez Redut\u0119 zmasowanej akcji protestacyjnej polskich internaut\u00f3w, kt\u00f3rzy w ci\u0105gu kilku dni wys\u0142ali blisko 40 tys. maili blokuj\u0105c skrzynki pocztowe [&hellip;]<\/p>\n","protected":false},"author":3,"featured_media":471295,"comment_status":"open","ping_status":"open","sticky":false,"template":"","format":"standard","meta":{"_et_pb_use_builder":"","_et_pb_old_content":"","_et_gb_content_width":"","sfsi_plus_gutenberg_text_before_share":"","sfsi_plus_gutenberg_show_text_before_share":"","sfsi_plus_gutenberg_icon_type":"","sfsi_plus_gutenberg_icon_alignemt":"","sfsi_plus_gutenburg_max_per_row":"","footnotes":""},"categories":[43],"tags":[],"class_list":["post-105","post","type-post","status-publish","format-standard","has-post-thumbnail","hentry","category-petycje"],"_links":{"self":[{"href":"https:\/\/rdi.org.pl\/english\/wp-json\/wp\/v2\/posts\/105","targetHints":{"allow":["GET"]}}],"collection":[{"href":"https:\/\/rdi.org.pl\/english\/wp-json\/wp\/v2\/posts"}],"about":[{"href":"https:\/\/rdi.org.pl\/english\/wp-json\/wp\/v2\/types\/post"}],"author":[{"embeddable":true,"href":"https:\/\/rdi.org.pl\/english\/wp-json\/wp\/v2\/users\/3"}],"replies":[{"embeddable":true,"href":"https:\/\/rdi.org.pl\/english\/wp-json\/wp\/v2\/comments?post=105"}],"version-history":[{"count":0,"href":"https:\/\/rdi.org.pl\/english\/wp-json\/wp\/v2\/posts\/105\/revisions"}],"wp:featuredmedia":[{"embeddable":true,"href":"https:\/\/rdi.org.pl\/english\/wp-json\/wp\/v2\/media\/471295"}],"wp:attachment":[{"href":"https:\/\/rdi.org.pl\/english\/wp-json\/wp\/v2\/media?parent=105"}],"wp:term":[{"taxonomy":"category","embeddable":true,"href":"https:\/\/rdi.org.pl\/english\/wp-json\/wp\/v2\/categories?post=105"},{"taxonomy":"post_tag","embeddable":true,"href":"https:\/\/rdi.org.pl\/english\/wp-json\/wp\/v2\/tags?post=105"}],"curies":[{"name":"wp","href":"https:\/\/api.w.org\/{rel}","templated":true}]}}