{"id":123,"date":"2015-12-19T11:29:24","date_gmt":"2015-12-19T11:29:24","guid":{"rendered":"http:\/\/www.anti-defamation.pl\/english\/?p=123"},"modified":"2015-12-19T11:29:24","modified_gmt":"2015-12-19T11:29:24","slug":"stanowisko-rdi-w-sprawie-skandalicznej-wypowiedzi-martina-schulza","status":"publish","type":"post","link":"https:\/\/rdi.org.pl\/english\/stanowisko-rdi-w-sprawie-skandalicznej-wypowiedzi-martina-schulza\/","title":{"rendered":"Stanowisko RDI w sprawie skandalicznej wypowiedzi Martina Schulza"},"content":{"rendered":"<p>Otrzymali\u015bmy wiele maili z pro\u015bb\u0105 o zorganizowanie akcji petycyjnej w sprawie skandalicznej wypowiedzi Martina Schultza na temat Polski.\u00a0Przewodnicz\u0105cy Parlamentu Europejskiego raczy\u0142 wyrazi\u0107 pogl\u0105d, jakoby w Polsce zosta\u0142 przeprowadzony zamach stanu, za co uzna\u0142 zmiany wprowadzane w ustawie \u00a0o Trybunale Konstytucyjnym.<\/p>\n<p>Martin Schulz jak wi\u0119kszo\u015b\u0107 polityk\u00f3w niemieckich i europejskiej lewicy czerpie sw\u0105 wiedz\u0119 na temat Polski z artyku\u0142\u00f3w prasy mainstreamowej z Polski, t\u0142umaczonych i zamieszczanych w mediach niemieckich, co potem jest podawane w mediach mainstreamu w Polsce jako opinie niemieckiej prasy na temat Polski.<\/p>\n<p>Poniewa\u017c Martin Schulz legitymuje si\u0119 jedynie wykszta\u0142ceniem podstawowym nic dziwnego, \u017ce nie jest w stanie sam zrozumie\u0107 tego co si\u0119 dzieje w Polsce i musi pos\u0142ugiwa\u0107 si\u0119 atrapami informacyjnymi.<\/p>\n<p>Misj\u0105 Reduty jest walka z rasizmem i ksenofobi\u0105 zwr\u00f3con\u0105 przeciwko obywatelom polskim bez wzgl\u0119du na pochodzenie oraz informowanie o prawdziwej przesz\u0142o\u015bci i tera\u017aniejszo\u015bci Polski.<\/p>\n<p>W zwi\u0105zku z powy\u017cszym Reduta Dobrego Imienia przygotuje pakiet informacyjny na temat Polski dla p. Schulza napisany w spos\u00f3b przyst\u0119pny, j\u0119zykiem prostym i zrozumia\u0142ym nawet dla niego. Poniewa\u017c Rz\u0105d RP w spos\u00f3b prawid\u0142owy zareagowa\u0142 na skandaliczn\u0105 wypowied\u017a p. Schulza, a po spotkaniu z Pani\u0105 Premier Beat\u0105 Szyd\u0142o p. Schulz zacz\u0105\u0142 si\u0119 wycofywa\u0107 ze swojej g\u0142upiej wypowiedzi, Reduta nie b\u0119dzie podejmowa\u0107 zorganizowanych dzia\u0142a\u0144 w jego sprawie.<\/p>\n<p>Liczymy, \u017ce p. Martin Schulz po uzupe\u0142nieniu wiadomo\u015bci na temat Polski b\u0119dzie w stanie wyg\u0142asza\u0107 opinie oparte na faktach, a nie na urojeniach wynikaj\u0105cych z lektury stronniczych tekst\u00f3w pochodz\u0105cych z gazet znanych z tego, \u017ce ich redaktorzy nienawidz\u0105 przedstawicieli partii obecnie sprawuj\u0105cych w\u0142adz\u0119 w Polsce.<\/p>\n<p>Maciej \u015awirski<br \/>\nPrezes Reduty Dobrego Imienia.<\/p>\n<p>Warszawa, 19.12.2015<\/p>\n","protected":false},"excerpt":{"rendered":"<p>Otrzymali\u015bmy wiele maili z pro\u015bb\u0105 o zorganizowanie akcji petycyjnej w sprawie skandalicznej wypowiedzi Martina Schultza na temat Polski.\u00a0Przewodnicz\u0105cy Parlamentu Europejskiego raczy\u0142 wyrazi\u0107 pogl\u0105d, jakoby w Polsce zosta\u0142 przeprowadzony zamach stanu, za co uzna\u0142 zmiany wprowadzane w ustawie \u00a0o Trybunale Konstytucyjnym. Martin Schulz jak wi\u0119kszo\u015b\u0107 polityk\u00f3w niemieckich i europejskiej lewicy czerpie sw\u0105 wiedz\u0119 na temat Polski [&hellip;]<\/p>\n","protected":false},"author":3,"featured_media":471295,"comment_status":"open","ping_status":"open","sticky":false,"template":"","format":"standard","meta":{"_et_pb_use_builder":"","_et_pb_old_content":"","_et_gb_content_width":"","sfsi_plus_gutenberg_text_before_share":"","sfsi_plus_gutenberg_show_text_before_share":"","sfsi_plus_gutenberg_icon_type":"","sfsi_plus_gutenberg_icon_alignemt":"","sfsi_plus_gutenburg_max_per_row":"","footnotes":""},"categories":[39],"tags":[],"class_list":["post-123","post","type-post","status-publish","format-standard","has-post-thumbnail","hentry","category-aktualnosci"],"_links":{"self":[{"href":"https:\/\/rdi.org.pl\/english\/wp-json\/wp\/v2\/posts\/123","targetHints":{"allow":["GET"]}}],"collection":[{"href":"https:\/\/rdi.org.pl\/english\/wp-json\/wp\/v2\/posts"}],"about":[{"href":"https:\/\/rdi.org.pl\/english\/wp-json\/wp\/v2\/types\/post"}],"author":[{"embeddable":true,"href":"https:\/\/rdi.org.pl\/english\/wp-json\/wp\/v2\/users\/3"}],"replies":[{"embeddable":true,"href":"https:\/\/rdi.org.pl\/english\/wp-json\/wp\/v2\/comments?post=123"}],"version-history":[{"count":0,"href":"https:\/\/rdi.org.pl\/english\/wp-json\/wp\/v2\/posts\/123\/revisions"}],"wp:featuredmedia":[{"embeddable":true,"href":"https:\/\/rdi.org.pl\/english\/wp-json\/wp\/v2\/media\/471295"}],"wp:attachment":[{"href":"https:\/\/rdi.org.pl\/english\/wp-json\/wp\/v2\/media?parent=123"}],"wp:term":[{"taxonomy":"category","embeddable":true,"href":"https:\/\/rdi.org.pl\/english\/wp-json\/wp\/v2\/categories?post=123"},{"taxonomy":"post_tag","embeddable":true,"href":"https:\/\/rdi.org.pl\/english\/wp-json\/wp\/v2\/tags?post=123"}],"curies":[{"name":"wp","href":"https:\/\/api.w.org\/{rel}","templated":true}]}}