{"id":149,"date":"2016-01-04T21:12:22","date_gmt":"2016-01-04T21:12:22","guid":{"rendered":"http:\/\/www.anti-defamation.pl\/english\/?p=149"},"modified":"2016-01-04T21:12:22","modified_gmt":"2016-01-04T21:12:22","slug":"list-do-komisarza-gunthera-oettingera-w-sprawie-nadzoru-nad-warszawa","status":"publish","type":"post","link":"https:\/\/rdi.org.pl\/english\/list-do-komisarza-gunthera-oettingera-w-sprawie-nadzoru-nad-warszawa\/","title":{"rendered":"List do komisarza Gunthera Oettingera w sprawie &#8222;nadzoru nad Warszaw\u0105&#8221;"},"content":{"rendered":"<p style=\"text-align: justify;\">Od d\u0142u\u017cszego czasu w niemieckich mediach trwa nagonka na Polsk\u0119. W nagonce tej bior\u0105 te\u017c udzia\u0142 prominentni politycy Unii Europejskiej narodowo\u015bci niemieckiej, natomiast rz\u0105d nIemiecki zachowuje si\u0119 pow\u015bci\u0105gliwie.<\/p>\n<p style=\"text-align: justify;\">Jak wida\u0107 jest to zorkiestrowane wywieranie presji na Polsk\u0119, kt\u00f3rej nowy rz\u0105d formu\u0142uje w\u0142asn\u0105 polityk\u0119 zagraniczn\u0105. Wszystko wskazuje na to, \u017ce w\u015bciek\u0142e ataki znies\u0142awiaj\u0105cej propagandy niemieckiej (bo trudno nazwa\u0107 inaczej, na pewno nie jest to obiektywne informowanie) maj\u0105 na celu zachowanie status quo, czyli uprzywilejowania niemieckich interes\u00f3w w Polsce.<\/p>\n<p style=\"text-align: justify;\">Bez wzgl\u0119du na to jaki kto ma stosunek do nowego rz\u0105du w Polsce, czy g\u0142osowa\u0142 na Prawo i Sprawiedliwo\u015b\u0107 czy na PO jedno wydaje si\u0119 pewne &#8211; nigdy w dotychczasowej historii stosunk\u00f3w polsko-niemieckich po 1989 roku nie by\u0142o tak brutalnej akcji propagandowej przeciwko Polsce.<\/p>\n<p style=\"text-align: justify;\">Akcja ta ma wszelkie cechy zorganizowanej akcji znies\u0142awie\u0144. Czy ma doprowadzi\u0107 do zmiany w\u0142adzy w Polsce? Je\u015bli jest tego taki cel, to jest to z\u0142amanie wszelkich norm prawa mi\u0119dzynarodowego i europejskiego.<\/p>\n<p style=\"text-align: justify;\">Ostatnio komisarz UE Gunther Oettinger powiedzia\u0142 w dn. 3.01.2016 na \u0142amach Frankfurter Allgemeinen Sonntagszeitung , \u017ce \u201e<em>&#8230;Du\u017co przemawia za tym aby\u015bmy aktywowali mechanizm praworz\u0105dno\u015bci i postawili Warszaw\u0119 pod nadzorem. Dyrektor (w radiu lub TV) nie mo\u017ce by\u0107 zwolniony bez podania powod\u00f3w. To by\u0142aby samowola. Im wi\u0119ksza jest nasza troska aby publiczne radio mog\u0142o spe\u0142nia\u0107 swoj\u0105 funkcj\u0119 a mianowicie informowa\u0107 bezstronnie obywateli, tym bardziej musimy wzmocni\u0107 niezale\u017cno\u015b\u0107 organ\u00f3w reguluj\u0105cych<\/em>\u201d<\/p>\n<p style=\"text-align: justify;\">Nie wiemy z jakich \u017ar\u00f3de\u0142 czerpie sw\u0105 wiedz\u0119 na temat Polski komisarz Oettinger. W tych kilku zdaniach wykaza\u0142, \u017ce nic nie wie na temat prawdziwej sytuacji w Polsce, ale za to posuwa si\u0119 do pogr\u00f3\u017cek przeciwko Polsce , m\u00f3wi\u0105c o \u201eaktywowaniu mechanizmu praworz\u0105dno\u015bci\u201d i postawieniu Warszawy pod nadzorem. Dla Polaka te s\u0142owa musz\u0105 brzmie\u0107 z\u0142owrogo: Oettinger u\u017cy\u0142 s\u0142owa \u201eRechtsstaat\u201d &#8211; a to w\u0142a\u015bnie pod rz\u0105dami tego niemieckiego pa\u0144stwa prawa Niemcy dokonali wszystkich straszliwych zbrodni na Polakach.<\/p>\n<p style=\"text-align: justify;\">Dlatego przypominamy w naszej petycji panu Oettingerowi jak Polakom si\u0119 kojarz\u0105 tego rodzaju pogr\u00f3\u017cki. Polacy nie dadz\u0105 si\u0119 zastraszy\u0107.Polska jest suwerennym pa\u0144stwem, a pogr\u00f3\u017cki ze strony niemieckich polityk\u00f3w burz\u0105 trudne pojednanie polsko-niemieckie, kt\u00f3re przez 50 laty rozpocz\u0119li Polscy biskupi.<\/p>\n<p style=\"text-align: justify;\">Polacy s\u0105 narodem wielkodusznym. Lecz r\u00f3wnie\u017c Polacy maj\u0105 pami\u0119\u0107. Wi\u0119c niech pan Oettinger nie b\u0119dzie tak pewny mo\u017cliwo\u015bci wzi\u0119cia Warszawy pod nadz\u00f3r. Polacy wiedz\u0105 jak odpowiada\u0107 na niemieckie pogr\u00f3\u017cki.<\/p>\n<p style=\"text-align: justify;\">Poni\u017cej tre\u015b\u0107 petycji w j\u0119zyku polskim. Jeszcze poni\u017cej jest klawisz &#8222;podpisz teraz&#8221; . Klikni\u0119cie w niego przeniesie na stron\u0119 do podpisywania petycji.<\/p>\n<p style=\"text-align: justify;\">&#8212;<\/p>\n<p style=\"text-align: justify; padding-left: 90px;\">Panie Oetinger,<\/p>\n<p style=\"text-align: justify; padding-left: 90px;\">Od czasu niedawnych wybor\u00f3w w Polsce w niemieckich mediach trwa kampania znies\u0142awiaj\u0105ca Polak\u00f3w, a pan si\u0119 do tego przy\u0142\u0105czy\u0142. Dlatego pisz\u0119 do pana w imieniu tysi\u0119cy cz\u0142onk\u00f3w i sympatyk\u00f3w Polskiej Ligi przeciw Znies\u0142awieniom.<\/p>\n<p style=\"text-align: justify; padding-left: 90px;\">Ostatnio powiedzia\u0142 pan, \u017ce \u201ePolska powinna by\u0107 obj\u0119ta nadzorem\u201d z powodu rzekomego \u0142amania regu\u0142 demokracji. Powiedzia\u0142 pan tak\u017ce o konieczno\u015bci aktywowania \u201emechanizm\u00f3w praworz\u0105dno\u015bci\u201d w Polsce. U\u017cy\u0142 pan niemieckiego sformu\u0142owania \u201eRechtsstaatsmechanismus aktivieren\u201c.<\/p>\n<p style=\"text-align: justify; padding-left: 90px;\">Ot\u00f3\u017c (je\u015bli pan nie wie, to najwy\u017csza pora \u017ceby pan si\u0119 dowiedzia\u0142), \u017ce by\u0142 ju\u017c czas, gdy Niemcy aktywowali mechanizmy niemieckiej praworz\u0105dno\u015bci w Polsce. A s\u0142owo : \u201eRechtsstaat\u201c brzmi szczeg\u00f3lnie z\u0142owrogo dla Polak\u00f3w. Wszystkie bez wyj\u0105tku zbrodnie niemieckie w Polsce w latach 1939 \u2013 1945 zosta\u0142y pope\u0142nione w majestacie niemieckiego pa\u0144stwa prawa, w\u0142a\u015bnie owego \u201eRechsstaat\u201d. Rozstrzeliwania na ulicach, mordowanie w lasach Pia\u015bnicy i Palmir (tylko dwa przyk\u0142ady z tysi\u0119cy), mordowanie obywateli polskich w Auschwitz, Majdanku i tysi\u0105cu innych niemieckich oboz\u00f3w, deportacje, rabunek mienia, grabie\u017ce przy wysiedleniach, porywanie polskich dzieci w celu germanizacji, spalenie ponad 800 polskich wsi i wymordowanie ich mieszka\u0144c\u00f3w, w ko\u0144cu \u2013 starcie z powierzchni ziemi naszej stolicy Warszawy \u2013 to wszystko jest owocem niemieckiego \u201eRechtsstaat\u201d w Polsce!<\/p>\n<p style=\"text-align: justify; padding-left: 90px;\">My Polacy mamy szczeg\u00f3lne powody do niepokoju, gdy niemiecki wa\u017cny polityk m\u00f3wi o wprowadzaniu porz\u0105dk\u00f3w w Polsce i nie mo\u017cemy tego nie kojarzy\u0107 z haniebn\u0105 przesz\u0142o\u015bci\u0105 Niemiec.<\/p>\n<p style=\"text-align: justify; padding-left: 90px;\">W Polsce odby\u0142y si\u0119 demokratyczne wybory. Polacy wybrali parti\u0119, kt\u00f3ra mog\u0142a samodzielnie sformowa\u0107 nowy rz\u0105d oraz wybrali Prezydenta \u2013 dzia\u0142acza tej partii. Rz\u0105d ten m.in. chce, by zagraniczne korporacje p\u0142aci\u0142y w Polsce podatki, albowiem w wi\u0119kszo\u015bci tego nie robi\u0105 i wywo\u017c\u0105 rocznie kapita\u0142 warto\u015bci 5% polskiego PKB. A wi\u0119c, panie Oetinger, zmiana polityczna w Polsce polega i na tym, \u017ce tak\u017ce Niemcy w Polsce b\u0119d\u0105 p\u0142aci\u0107 podatki, bo taka jest wola Polak\u00f3w. I prosz\u0119 \u2013 w imi\u0119 wsp\u00f3lnego interesu europejskiego \u2013 nie dawa\u0107 powod\u00f3w do obaw, \u017ce Niemcy wywieraj\u0105 na Polsk\u0119 presj\u0119 polityczn\u0105 we w\u0142asnym, niemieckim interesie ekonomicznym.<\/p>\n<p style=\"text-align: justify; padding-left: 90px;\">I na koniec dobra rada: metoda gr\u00f3\u017ab i znies\u0142awie\u0144 Polak\u00f3w jest najgorsz\u0105 drog\u0105 do osi\u0105gni\u0119cia porozumienia. Polacy maj\u0105 w \u017cywej pami\u0119ci niemieckie metody w Polsce i znaj\u0105 te\u017c na to odpowied\u017a. Polacy nie daj\u0105 si\u0119 zastraszy\u0107, a pomimo r\u00f3\u017cnicy potencja\u0142\u00f3w, maj\u0105 mo\u017cliwo\u015bci obrony przed niemieck\u0105 presj\u0105.<\/p>\n<p style=\"text-align: justify; padding-left: 90px;\">Z powa\u017caniem<\/p>\n<p style=\"text-align: justify; padding-left: 90px;\">Maciej \u015awirski<br \/>\nPrezes Polskiej Ligi przeciw Znies\u0142awieniom<\/p>\n<p style=\"text-align: justify;\"><a href=\" http:\/\/citizengo.org\/pl\/32108-list-w-sprawie-slow-o-nadzorze-nad-polska\"><img loading=\"lazy\" decoding=\"async\" class=\"aligncenter wp-image-95 size-full\" src=\"http:\/\/www.anti-defamation.pl\/english\/wp-content\/uploads\/2015\/11\/podpisz-klawisz.jpg\" alt=\"podpisz klawisz\" width=\"225\" height=\"54\" \/><\/a><\/p>\n","protected":false},"excerpt":{"rendered":"<p>Od d\u0142u\u017cszego czasu w niemieckich mediach trwa nagonka na Polsk\u0119. W nagonce tej bior\u0105 te\u017c udzia\u0142 prominentni politycy Unii Europejskiej narodowo\u015bci niemieckiej, natomiast rz\u0105d nIemiecki zachowuje si\u0119 pow\u015bci\u0105gliwie. Jak wida\u0107 jest to zorkiestrowane wywieranie presji na Polsk\u0119, kt\u00f3rej nowy rz\u0105d formu\u0142uje w\u0142asn\u0105 polityk\u0119 zagraniczn\u0105. Wszystko wskazuje na to, \u017ce w\u015bciek\u0142e ataki znies\u0142awiaj\u0105cej propagandy niemieckiej (bo [&hellip;]<\/p>\n","protected":false},"author":3,"featured_media":471295,"comment_status":"open","ping_status":"open","sticky":false,"template":"","format":"standard","meta":{"_et_pb_use_builder":"","_et_pb_old_content":"","_et_gb_content_width":"","sfsi_plus_gutenberg_text_before_share":"","sfsi_plus_gutenberg_show_text_before_share":"","sfsi_plus_gutenberg_icon_type":"","sfsi_plus_gutenberg_icon_alignemt":"","sfsi_plus_gutenburg_max_per_row":"","footnotes":""},"categories":[43],"tags":[],"class_list":["post-149","post","type-post","status-publish","format-standard","has-post-thumbnail","hentry","category-petycje"],"_links":{"self":[{"href":"https:\/\/rdi.org.pl\/english\/wp-json\/wp\/v2\/posts\/149","targetHints":{"allow":["GET"]}}],"collection":[{"href":"https:\/\/rdi.org.pl\/english\/wp-json\/wp\/v2\/posts"}],"about":[{"href":"https:\/\/rdi.org.pl\/english\/wp-json\/wp\/v2\/types\/post"}],"author":[{"embeddable":true,"href":"https:\/\/rdi.org.pl\/english\/wp-json\/wp\/v2\/users\/3"}],"replies":[{"embeddable":true,"href":"https:\/\/rdi.org.pl\/english\/wp-json\/wp\/v2\/comments?post=149"}],"version-history":[{"count":0,"href":"https:\/\/rdi.org.pl\/english\/wp-json\/wp\/v2\/posts\/149\/revisions"}],"wp:featuredmedia":[{"embeddable":true,"href":"https:\/\/rdi.org.pl\/english\/wp-json\/wp\/v2\/media\/471295"}],"wp:attachment":[{"href":"https:\/\/rdi.org.pl\/english\/wp-json\/wp\/v2\/media?parent=149"}],"wp:term":[{"taxonomy":"category","embeddable":true,"href":"https:\/\/rdi.org.pl\/english\/wp-json\/wp\/v2\/categories?post=149"},{"taxonomy":"post_tag","embeddable":true,"href":"https:\/\/rdi.org.pl\/english\/wp-json\/wp\/v2\/tags?post=149"}],"curies":[{"name":"wp","href":"https:\/\/api.w.org\/{rel}","templated":true}]}}