{"id":165,"date":"2016-01-15T19:35:08","date_gmt":"2016-01-15T19:35:08","guid":{"rendered":"http:\/\/www.anti-defamation.pl\/english\/?p=165"},"modified":"2016-01-15T19:35:08","modified_gmt":"2016-01-15T19:35:08","slug":"informacja-dla-europarlamentarzystow-na-temat-sytuacji-w-polsce","status":"publish","type":"post","link":"https:\/\/rdi.org.pl\/english\/informacja-dla-europarlamentarzystow-na-temat-sytuacji-w-polsce\/","title":{"rendered":"Informacja dla europarlamentarzyst\u00f3w na temat sytuacji w Polsce"},"content":{"rendered":"<p style=\"text-align: justify;\">Reduta Dobrego Imienia przesy\u0142a list do wszystkich pos\u0142\u00f3w Parlamentu Europejskiego oraz cz\u0142onk\u00f3w Komisji Europejskiej<\/p>\n<p style=\"text-align: justify;\"><strong>Z uwag\u0105 i niepokojem odnotowujemy coraz cz\u0119\u015bciej pojawiaj\u0105ce si\u0119 tak\u017ce w Parlamencie Europejskim opinie o rzekomym zagro\u017ceniu demokracji w Polsce pod rz\u0105dami Prawa i Sprawiedliwo\u015bci (PiS), rzekomym zamachu na Trybuna\u0142 Konstytucyjny (TK), \u201ezaw\u0142aszczaniu pa\u0144stwa\u201d, a nawet o zamachu stanu i rodz\u0105cej si\u0119 dyktaturze. Te pog\u0142oski nie maj\u0105 nic wsp\u00f3lnego z rzeczywist\u0105 sytuacj\u0105, ale przyczyniaj\u0105 si\u0119 do budowania negatywnego obrazu Polski. Szkodz\u0105 dobremu imieniu Polski i Polak\u00f3w. <\/strong><\/p>\n<p style=\"text-align: justify;\"><strong>Przewidywalno\u015b\u0107 i stabilno\u015b\u0107 Polski ma szczeg\u00f3lne znaczenie wobec zagro\u017ce\u0144 wewn\u0119trznych i zewn\u0119trznych, z jakimi obecnie zmaga si\u0119 Unia Europejska. Aby zatem uspokoi\u0107 naszych partner\u00f3w w Unii Europejskiej i zapewni\u0107, \u017ce Polska jest krajem przestrzegaj\u0105cym prawa i standard\u00f3w powszechnie uznawanych w kr\u0119gu cywilizacji europejskiej, przekazujemy poni\u017csze informacje.<\/strong><\/p>\n<p style=\"text-align: justify;\"><strong>\u00a0<\/strong><\/p>\n<ul style=\"text-align: justify;\">\n<li><strong>Wybory prezydenckie i parlamentarne jako przejaw demokracji<\/strong><\/li>\n<\/ul>\n<p style=\"text-align: justify;\">Zwyci\u0119stwo Andrzeja Dudy w wyborach prezydenckich, zdecydowane zwyci\u0119stwo PiS w wyborach parlamentarnych oraz sukces wyborczy ruchu spo\u0142ecznego Kukiz15 sta\u0142y si\u0119 wyrazem oczekiwania Polak\u00f3w na radykalne, daleko id\u0105ce zmiany w funkcjonowaniu systemu pa\u0144stwa. Zdaje si\u0119 jedynie Platforma Obywatelska (PO) nie dostrzeg\u0142a dokonanej zmiany i nie chce zgodzi\u0107 si\u0119 z wol\u0105 wyborc\u00f3w (!). Przez lata w kraju post\u0119powa\u0142 proces, kt\u00f3ry mo\u017cna okre\u015bli\u0107 jako oligarchizacja pa\u0144stwa. Doprowadzi\u0142o to do sytuacji, w kt\u00f3rej pod szyldem instytucji demokratycznych i zasad demokracji r\u00f3\u017cne grupy interes\u00f3w podejmowa\u0142y istotne dla funkcjonowania kraju decyzje. To w\u0142a\u015bnie obawa przed utrat\u0105 przez te grupy uprzywilejowanej pozycji w mediach, gospodarce i administracji pa\u0144stwowej jest obecnie prawdziw\u0105 przyczyn\u0105 antyrz\u0105dowych manifestacji w Polsce. Nie maj\u0105 one nic wsp\u00f3lnego z rzekomym zagro\u017ceniem demokracji.<\/p>\n<p style=\"text-align: justify;\">Dzia\u0142ania podejmowane przez aktualne w\u0142adze, wybrane w demokratycznych, uznanych przez niezale\u017cnych obserwator\u00f3w wyborach, s\u0142u\u017c\u0105 temu, by m.in. s\u0105dy i media lepiej odzwierciedla\u0142y wol\u0119 wyborc\u00f3w. To tak\u017ce przywracanie systemu warto\u015bci sp\u00f3jnego z nasz\u0105 tradycj\u0105 i to\u017csamo\u015bci\u0105 kulturow\u0105. Jak to celnie wyrazi\u0142 eurodeputowany Hans-Olaf Henkel: \u201eNie ma innego narodu w Europie, kt\u00f3ry na przestrzeni ostatnich 100 lat tak zajadle walczy\u0142 o wolno\u015b\u0107 i demokracj\u0119, jak Polacy.\u201d<a href=\"#_ftn1\" name=\"_ftnref1\">[1]<\/a> Wolno\u015b\u0107 i demokracja s\u0105 dla nas nadal warto\u015bciami nadrz\u0119dnymi.<\/p>\n<ul style=\"text-align: justify;\">\n<li><strong>Dyskusje i spory dotycz\u0105ce Trybuna\u0142u Konstytucyjnego<\/strong><\/li>\n<\/ul>\n<p style=\"text-align: justify;\">Najostrzejszy i zarazem zasadniczy sp\u00f3r ostatnich tygodni dotyczy Trybuna\u0142u Konstytucyjnego (TK) &#8211; chodzi o kwestie zwi\u0105zane z wyborem i zaprzysi\u0119\u017ceniem cz\u0142onk\u00f3w TK oraz dokonywane zmiany ustawowe. To sta\u0142o si\u0119 pretekstem do formu\u0142owania w kraju i za granic\u0105 opinii o rzekomym zamachu na demokracj\u0119, a nawet o zamachu stanu. Przetoczy\u0142a si\u0119 przez Polsk\u0119 fala dyskusji dotycz\u0105cych standard\u00f3w polskiej demokracji oraz warto\u015bci wyra\u017canych w konstytucji.<\/p>\n<p style=\"text-align: justify;\">Tymczasem &#8211; je\u015bli ju\u017c u\u017cywa\u0107 tej retoryki &#8211; zamach na niezale\u017cno\u015b\u0107 Trybuna\u0142u dokona\u0142 si\u0119, gdy<br \/>\nw czerwcu 2015 roku, tu\u017c przed ko\u0144cem kadencji Sejmu, wobec gro\u017aby pora\u017cki w zbli\u017caj\u0105cych si\u0119 wyborach parlamentarnych, poprzedni ob\u00f3z rz\u0105dowy przygotowa\u0142 i uchwali\u0142 ustaw\u0119 o TK (tzw. ustawa czerwcowa).<\/p>\n<p style=\"text-align: justify;\">W tworzeniu \u201eustawy czerwcowej\u201d aktywny udzia\u0142 bra\u0142o dw\u00f3ch s\u0119dzi\u00f3w TK, z prezesem TK na czele. Tym samym z\u0142amane zosta\u0142o prawo &#8211; Art.178 pt.3 Konstytucji, brzmi: \u201eS\u0119dzia nie mo\u017ce nale\u017ce\u0107 do partii politycznej, zwi\u0105zku zawodowego ani prowadzi\u0107 dzia\u0142alno\u015bci publicznej nie daj\u0105cej si\u0119 pogodzi\u0107 z zasadami niezale\u017cno\u015bci s\u0105d\u00f3w i niezawis\u0142o\u015bci s\u0119dzi\u00f3w\u201d.<\/p>\n<p style=\"text-align: justify;\">Na mocy tej w\u0142a\u015bnie ustawy, przeg\u0142osowanej w \u00f3wczesnym parlamencie g\u0142osami pos\u0142\u00f3w PO, PSL<br \/>\ni SLD, powo\u0142ano nowych cz\u0142onk\u00f3w TK jeszcze przed ko\u0144cem kadencji ich poprzednik\u00f3w (!).Wyb\u00f3r s\u0119dzi\u00f3w, kt\u00f3rych powinien wybra\u0107 dopiero nast\u0119pny parlament, by\u0142 dzia\u0142aniem niezgodnym z Konstytucj\u0105 (co potwierdzi\u0142 w niedawnym orzeczeniu sam TK) i stanowi\u0142 swoisty zamach na mechanizm gwarantuj\u0105cy pluralizm Trybuna\u0142u, stoj\u0105cy u podstaw jego niezale\u017cno\u015bci.<\/p>\n<p style=\"text-align: justify;\">Sytuacja, jaka powsta\u0142a na skutek powy\u017cszych dzia\u0142a\u0144 \u00f3wczesnych w\u0142adz RP, postawi\u0142a przed prezydentem Andrzejem Dud\u0105 i nowym parlamentem wym\u00f3g znalezienia nowych rozwi\u0105za\u0144 maj\u0105cych na celu przywr\u00f3cenie faktycznej ochrony \u0142adu konstytucyjnego.<\/p>\n<p style=\"text-align: justify;\">Naturalnym jest bowiem, \u017ce ka\u017cde demokratyczne pa\u0144stwo wypracowuje w\u0142asny model s\u0105downictwa konstytucyjnego. Osi\u0105gni\u0119cie konsensusu wymaga jednak czasu, spokoju i dojrza\u0142ego odpowiedzialnego dialogu wszystkich \u015brodowisk i si\u0142 politycznych. Podsycanie niezdrowych emocji czy wywieranie nacisku<br \/>\nw \u017cadnym wypadku temu nie s\u0142u\u017cy. A Polska pokaza\u0142a ju\u017c w swojej nawet najnowszej historii, \u017ce potrafi osi\u0105ga\u0107 porozumienia ponad podzia\u0142ami.<\/p>\n<ul style=\"text-align: justify;\">\n<li><strong>Ustawa medialna a rzekome zagro\u017cenie wolno\u015bci s\u0142owa i niezale\u017cno\u015bci medi\u00f3w publicznych<\/strong><\/li>\n<\/ul>\n<p style=\"text-align: justify;\">Kolejnym tematem podnoszonym przez tzw. obro\u0144c\u00f3w demokracji jest rzekome zagro\u017cenie wolno\u015bci s\u0142owa w Polsce po uchwaleniu w ostatnich dniach ustawy medialnej. Podj\u0119te dzia\u0142ania s\u0105 oceniane jako sprzeczne z pluralizmem medi\u00f3w i niezale\u017cno\u015bci\u0105 medi\u00f3w publicznych oraz z demokracj\u0105 w Polsce. Te zarzuty, podobnie jak w przypadku TK, s\u0105 ca\u0142kowicie nieuzasadnione.<\/p>\n<p style=\"text-align: justify;\">Spo\u0142ecze\u0144stwo ma prawo do pe\u0142nej, rzetelnej i obiektywnej informacji. I jest to nadrz\u0119dn\u0105 rol\u0105 medi\u00f3w, przede wszystkim medi\u00f3w publicznych.<\/p>\n<p style=\"text-align: justify;\">Przyk\u0142ad\u00f3w ograniczania dost\u0119pu spo\u0142ecze\u0144stwa do wiedzy o sytuacji w kraju w ostatnich latach mo\u017cna przedstawia\u0107 wiele. Wspomnijmy cho\u0107by zmarginalizowanie informacji z 14 grudnia 2014 roku, kiedy to przez blisko 4 godziny \u00f3wczesny prezydent Bronis\u0142aw Komorowski zeznawa\u0142 jako \u015bwiadek<br \/>\nw bezprecedensowym procesie dziennikarza Wojciecha Sumli\u0144skiego i by\u0142ego oficera Wojskowych S\u0142u\u017cb Informacyjnych (WSI) p\u0142k. Aleksandra L., oskar\u017conych o p\u0142atn\u0105 protekcj\u0119. Wydarzenie tego rodzaju w mediach prawdziwie demokratycznych by\u0142oby wydarzeniem dnia, tymczasem media w Polsce, w tym media publiczne ograniczy\u0142y si\u0119 w\u00f3wczas jedynie do wzmianek o tym, \u017ce takie przes\u0142uchanie si\u0119 odby\u0142o. Zaniechano relacjonowania przebiegu przes\u0142uchania, pomimo, \u017ce wszystkie stacje telewizyjne mia\u0142y swoje kamery na sali rozpraw. Nie podj\u0119to tematu niejasnych i wielce kontrowersyjnych powi\u0105za\u0144 by\u0142ego prezydenta ze \u015brodowiskiem wojskowych s\u0142u\u017cb specjalnych. Materia\u0142 udost\u0119pniany w mediach publicznych sprowadza\u0142 si\u0119 do jednominutowego przekazu. Trudno o wyrazistszy przyk\u0142ad braku obiektywizmu medi\u00f3w publicznych i ich nierzetelno\u015bci.<\/p>\n<p style=\"text-align: justify;\">Oczywiste w tej sytuacji jest podejmowanie przez obecne w\u0142adze RP dzia\u0142a\u0144 zmierzaj\u0105cych do przywr\u00f3cenia mediom publicznym ich w\u0142a\u015bciwej roli, do przywr\u00f3cenia w nich standard\u00f3w zawodowych<br \/>\ni etycznych, jakich wymaga realizacja misji publicznej, a tak\u017ce do racjonalizacji i obni\u017cenia koszt\u00f3w zarz\u0105dzania sp\u00f3\u0142kami publicznej radiofonii i telewizji. Tego te\u017c oczekuje spo\u0142ecze\u0144stwo, kt\u00f3re okre\u015bli\u0142o swoje oczekiwania, potrzeby i preferencje w demokratycznych wyborach.<\/p>\n<p style=\"text-align: justify;\">Projekt ustawy o mediach narodowych zak\u0142ada &#8211; o czym informuje Polska Agencja Prasowa (PAP) &#8211; i\u017c \u201eTelewizja Polska, Polskie Radio i Polska Agencja Prasowa stan\u0105 si\u0119 mediami narodowymi; zostan\u0105 przekszta\u0142cone w <em>pa\u0144stwowe osoby prawne<\/em> zarz\u0105dzane przez dyrektora; nadz\u00f3r nad nimi b\u0119dzie nale\u017ca\u0142 do Rady Medi\u00f3w Narodowych\u201d.<\/p>\n<p style=\"text-align: justify;\">W depeszy PAP czytamy m.in.: \u201emisj\u0105 Polskiej Agencji Prasowej <em>jest pozyskiwanie i przekazywanie odbiorcom rzetelnych, obiektywnych i wszechstronnych informacji z kraju i z zagranicy<\/em>. Z kolei misj\u0105 instytucji narodowej radiofonii i telewizji <em>jest kultywowanie tradycji narodowych oraz warto\u015bci patriotycznych i humanistycznych, przyczynianie si\u0119 do zaspokajania duchowych potrzeb s\u0142uchaczy i widz\u00f3w, rozbudzanie i zaspokajanie ich wszechstronnych zainteresowa\u0144, upowszechnianie dorobku polskiej i \u015bwiatowej nauki i tw\u00f3rczo\u015bci artystycznej, popularyzowanie r\u00f3\u017cnych form obywatelskiej aktywno\u015bci, u\u0142atwianie dost\u0119pu do obiektywnej informacji oraz tworzenie warunk\u00f3w pluralistycznej debaty o sprawach publicznych [&#8230;]<\/em>\u201d<a href=\"#_ftn2\" name=\"_ftnref2\">[2]<\/a><\/p>\n<p style=\"text-align: justify;\">Ustawa dotyczy wy\u0142\u0105cznie medi\u00f3w publicznych i w \u017caden spos\u00f3b nie wp\u0142ywa na funkcjonowanie<br \/>\ni przekaz medi\u00f3w prywatnych. Tymczasem &#8211; jak s\u0142usznie zauwa\u017ca nawet Jacek \u017bakowski, dziennikarz tygodnika Polityka, niesprzyjaj\u0105cy PiS guru tzw. \u015brodowisk liberalno-demokratycznych &#8211; \u201emiejsce solidnej debaty i informacji zaj\u0119\u0142y komercyjnie du\u017co bardziej wydajne partyjne jatki albo inforozrywka\u201d. Dziennikarz zwraca uwag\u0119, \u017ce \u201emedia publiczne sta\u0142y si\u0119 komercyjnie imponuj\u0105co sprawne\u201d, czego \u201ecen\u0105 by\u0142o faktyczne porzucenie misji i zmarnowanie szansy przyczyniania si\u0119 do powstania w Polsce \u015bwiadomego demokratycznego spo\u0142ecze\u0144stwa obywatelskiego, kt\u00f3re m.in. rozumie [&#8230;] jak kluczow\u0105 rol\u0119 gra w demokracji budowanie i podtrzymywanie kultury demokratycznej. W europejskich stabilnych demokracjach to w\u0142a\u015bnie &#8211; obok wyznaczania standard\u00f3w jako\u015bciowych dla ca\u0142ego rynku medialnego &#8211; jest g\u0142\u00f3wny cel i sens istnienia medi\u00f3w publicznych\u201d.<a href=\"#_ftn3\" name=\"_ftnref3\">[3]<\/a> Obecne dzia\u0142ania w\u0142adz RP s\u0142u\u017c\u0105 przywr\u00f3ceniu takiego sensu i porz\u0105dku.<\/p>\n<ul style=\"text-align: justify;\">\n<li><strong>Bezpiecze\u0144stwo obywateli w kontek\u015bcie noweli ustawy o Policji<\/strong><\/li>\n<\/ul>\n<p style=\"text-align: justify;\">Opozycja zarzuca PIS, \u017ce ten dzia\u0142a w po\u015bpiechu, \u201epod os\u0142on\u0105 nocy\u201d, skraca proces legislacyjny i unika konsultacji spo\u0142ecznych. Tymczasem, wbrew temu zarzutowi, w Ministerstwie Cyfryzacji odby\u0142y si\u0119 konsultacje spo\u0142eczne na temat wolno\u015bci s\u0142owa, prywatno\u015bci i swobody internetu. Wcze\u015bniej Sejm przeprowadzi\u0142 pierwsze czytanie projektu PiS ws. kontroli operacyjnej prowadzonej przez tajne s\u0142u\u017cby oraz zasad pobierania przez nie billing\u00f3w.<\/p>\n<p style=\"text-align: justify;\">Projekt nie przewiduje \u017cadnych dodatkowych uprawnie\u0144 dla s\u0142u\u017cb specjalnych. Przygotowany przez PiS projekt ma wykonywa\u0107 wyrok TK z lipca 2014 roku(!) o cz\u0119\u015bciowej niekonstytucyjno\u015bci zasad pobierania billing\u00f3w oraz kontroli operacyjnych.<\/p>\n<p style=\"text-align: justify;\">Poprzednie w\u0142adze od po\u0142owy 2014 roku nie podj\u0119\u0142y prac nad ustaw\u0105 mimo zalece\u0144 TK. Po\u015bpiech by\u0142 tu wi\u0119c konieczny &#8211; zakwestionowane przepisy przestan\u0105 obowi\u0105zywa\u0107 z dniem 6 lutego 2016 roku i w\u00f3wczas s\u0142u\u017cby straci\u0142yby prawo zbierania billing\u00f3w oraz kontroli operacyjnej, co sparali\u017cowa\u0142oby ich prac\u0119.<\/p>\n<p style=\"text-align: justify;\">Wbrew rozpowszechnianym opiniom, projekt ustawy nie \u0142amie \u017cadnych standard\u00f3w, ale wprowadza regulacje funkcjonuj\u0105ce niemal we wszystkich krajach UE i wynika z konieczno\u015bci zastosowania si\u0119 do zalece\u0144 TK, czego rz\u0105d PO-PSL zaniecha\u0142.<\/p>\n<p style=\"text-align: justify;\">&#8222;Projekt okre\u015bla zamkni\u0119ty katalog danych innych ni\u017c dane telekomunikacyjne, kt\u00f3re uprawnione s\u0142u\u017cby mog\u0105 uzyskiwa\u0107 od operator\u00f3w w celu zapobiegania lub wykrywania przest\u0119pstw. Wskazano te\u017c, \u017ce dane telekomunikacyjne, pocztowe oraz internetowe mog\u0105 by\u0107 udost\u0119pniane tylko w celu realizacji konkretnych zada\u0144 okre\u015blonych w ustawie reguluj\u0105cej dzia\u0142alno\u015b\u0107 danej s\u0142u\u017cby. [&#8230;]<\/p>\n<p style=\"text-align: justify;\">W\u0142a\u015bciwy s\u0105d okr\u0119gowy mia\u0142by prawo do kontroli post factum pozyskiwania danych telekomunikacyjnych, pocztowych i internetowych. Uprawnione organy raz na p\u00f3\u0142 roku przekazywa\u0142yby do s\u0105du sprawozdania o liczbie pozyskanych danych oraz o rodzajach przest\u0119pstw, w zwi\u0105zku z kt\u00f3rymi o nie wyst\u0105piono. S\u0105d m\u00f3g\u0142by zapozna\u0107 si\u0119 z materia\u0142ami uzasadniaj\u0105cymi udost\u0119pnienie danych.<\/p>\n<p style=\"text-align: justify;\">Projekt reguluje te\u017c szczeg\u00f3\u0142owo zasady post\u0119powania z uzyskanymi przez s\u0142u\u017cby materia\u0142ami, kt\u00f3re mog\u0105 zawiera\u0107 tajemnice zawodowe, np. lekarskie, dziennikarskie, adwokackie.&#8221;<a href=\"#_ftn4\" name=\"_ftnref4\">[4]<\/a><\/p>\n<ul style=\"text-align: justify;\">\n<li><strong>Ostatnie 8 lat w Polsce<\/strong><\/li>\n<\/ul>\n<p style=\"text-align: justify;\">Trwaj\u0105ce 8 lat rz\u0105dy koalicji Platformy Obywatelskiej (PO) i Polskiego Stronnictwa Ludowego (PSL) mo\u017cna najkr\u00f3cej podsumowa\u0107 stwierdzeniem, \u017ce rz\u0105dz\u0105cy traktowali pa\u0144stwo (jego instytucje i zasoby) oraz pieni\u0105dze podatnik\u00f3w jako swoj\u0105 prywatn\u0105 w\u0142asno\u015b\u0107. W\u0142adza stworzy\u0142a silny front propagandowy, wi\u0105\u017c\u0105c ze sob\u0105 najwi\u0119ksze media. Krajowa Rada Radiofonii i Telewizji (KRRiT) zosta\u0142a zdominowana przez ludzi wywodz\u0105cych si\u0119 lub powi\u0105zanych z w\u0142adz\u0105, szczeg\u00f3lnie z PO. Dotyczy\u0142o to te\u017c zarz\u0105d\u00f3w i kierownictwa medi\u00f3w publicznych. Usuni\u0119to z medi\u00f3w publicznych wielu dziennikarzy i publicyst\u00f3w krytycznych w stosunku do rz\u0105du. Obowi\u0105zywa\u0142 nieformalny zakaz zapraszania wielu publicyst\u00f3w i anga\u017cowania artyst\u00f3w, maj\u0105cych pogl\u0105dy odmienne od rz\u0105dowych, odcinaj\u0105c im dost\u0119p do medi\u00f3w publicznych.<\/p>\n<p style=\"text-align: justify;\">Utworzony swoisty front medialny przygotowywa\u0142 grunt pod wprowadzane przez rz\u0105d regulacje ograniczaj\u0105ce m.in. prawa wychowawcze rodzic\u00f3w czy prawo do zgromadze\u0144. Maskowa\u0142 te\u017c liczne afery<br \/>\ni skandale z udzia\u0142em przedstawicieli w\u0142adzy. Polscy internauci stworzyli list\u0119 afer z udzia\u0142em polityk\u00f3w koalicji PO \u2013 PSL, do jakich dosz\u0142o w ci\u0105gu ostatnich o\u015bmiu lat. Liczy ona ponad 2,5 tys. pozycji i nie uwzgl\u0119dnia tych, do kt\u00f3rych dosz\u0142o ju\u017c pod sam koniec kadencji.<\/p>\n<p style=\"text-align: justify;\">Jako haniebn\u0105 mo\u017cna okre\u015bli\u0107 postaw\u0119 medi\u00f3w w odniesieniu do katastrofy smole\u0144skiej, w kt\u00f3rej zgin\u0119li m.in. prezydent RP Lech Kaczy\u0144ski, Rzecznik Praw Obywatelskich, najwy\u017csi dow\u00f3dcy Wojska Polskiego, ministrowie kancelarii prezydenta i wielu pos\u0142\u00f3w. Od pierwszych godzin po katastrofie media<br \/>\ni rz\u0105dowa komisja powo\u0142ana do zbadania przyczyn katastrofy konsekwentnie forsowa\u0142y tez\u0119 o b\u0142\u0119dzie pilot\u00f3w, mimo \u017ce nie zbadano szcz\u0105tk\u00f3w samolotu ani czarnych skrzynek (te nadal pozostaj\u0105 w Rosji). Nie dokonano rzetelnej autopsji cia\u0142 ofiar. Tury\u015bci i niezale\u017cni dziennikarze znajdowali fragmenty samolotu prezydenckiego<br \/>\ni szcz\u0105tki ofiar jeszcze wiele miesi\u0119cy po katastrofie. Dla por\u00f3wnania &#8211; zupe\u0142nie inne procedury zastosowano chocia\u017cby przy badaniu katastrofy nad Lockerbie czy malezyjskiego samolotu zestrzelonego nad Ukrain\u0105.<\/p>\n<p style=\"text-align: justify;\">Rozbudowany zosta\u0142 te\u017c system inwigilacji obywateli. Liczba kontroli rozm\u00f3w telefonicznych i sms, dokonanych przez s\u0142u\u017cby pa\u0144stwowe w ci\u0105gu ostatniego roku osi\u0105gn\u0119\u0142a pu\u0142ap 2 mln 177 tys.!<a href=\"#_ftn5\" name=\"_ftnref5\">[5]<\/a><\/p>\n<p style=\"text-align: justify;\">Niemal standardem sta\u0142o si\u0119 ustawianie pod konkretnego wykonawc\u0119 przetarg\u00f3w na zam\u00f3wienia publiczne albo przyznawanie bez przetargu kontrakt\u00f3w firmom powi\u0105zanym rodzinnie, towarzysko lub biznesowo z politykami koalicji rz\u0105dz\u0105cej.<\/p>\n<p style=\"text-align: justify;\">Polityka o\u015bmiu lat ostatniego rz\u0105du przynios\u0142a powa\u017cne konsekwencje spo\u0142eczne i ekonomiczne. Przy rosn\u0105cym PKB i rosn\u0105cych \u015brednich dochodach, mala\u0142 popyt wewn\u0119trzny i wp\u0142ywy bud\u017cetowe z podatku VAT, a ros\u0142o zad\u0142u\u017cenie gospodarstw domowych i zwi\u0119ksza\u0142a si\u0119 sfera ub\u00f3stwa.<\/p>\n<p style=\"text-align: justify;\">Obrazu dope\u0142nia fakt, i\u017c rz\u0105dz\u0105ca koalicja odrzuca\u0142a, bez wzgl\u0119du na liczb\u0119 zebranych podpis\u00f3w, spo\u0142eczne wnioski referendalne i spo\u0142eczne projekty ustaw. Ignorowa\u0142a wnioski p\u0142yn\u0105ce z konsultacji spo\u0142ecznych przy rz\u0105dowych projektach ustaw.<\/p>\n<p style=\"text-align: justify;\"><strong>To zadziwiaj\u0105ce, \u017ce ci, kt\u00f3rzy teraz g\u0142o\u015bno wyra\u017caj\u0105 niepok\u00f3j z powodu rzekomego zagro\u017cenia demokracji czy postuluj\u0105 stosowanie sankcji wobec Polski, milczeli, kiedy demokracja by\u0142a rzeczywi\u015bcie zagro\u017cona. \u201eHipokryzja to ho\u0142d z\u0142o\u017cony cnocie przez wyst\u0119pek\u201d<\/strong><a href=\"#_ftn6\" name=\"_ftnref6\">[6]<\/a><\/p>\n<p style=\"text-align: justify;\">Maciej \u015awirski<\/p>\n<p style=\"text-align: justify;\">Prezes Reduty Dobrego Imienia<\/p>\n<p>&nbsp;<\/p>\n<p style=\"text-align: justify;\"><a href=\"#_ftnref1\" name=\"_ftn1\">[1]<\/a> Hans-Olaf Henkel w rozmowie z portalem wPolityce.pl z 04.01.2016 http:\/\/wpolityce.pl\/polityka\/277081-eurodeputowany-hans-olaf-henkel-polacy-nie-potrzebuja-dobrych-rad-niemcow-urzadzajac-nagonke-na-pis-niemieccy-chadecy-wspieraja-po-swojego-politycznego-sojusznika-nasz-wywiad<\/p>\n<p style=\"text-align: justify;\"><a href=\"#_ftnref2\" name=\"_ftn2\">[2]<\/a> Pe\u0142na tre\u015b\u0107 depeszy PAP stanowi za\u0142\u0105cznik do niniejszego dokumentu<\/p>\n<p style=\"text-align: justify;\"><a href=\"#_ftnref3\" name=\"_ftn3\">[3]<\/a> Jacek \u017bakowski dla Wirtualnej Polski, akt. 07.01.2016,14:24<\/p>\n<p style=\"text-align: justify;\"><a href=\"#_ftnref4\" name=\"_ftn4\">[4]<\/a> PAP, 30.12.2015 18:40 http:\/\/www.pap.pl\/aktualnosci\/news,451595,sejm-nie-zgodzil-sie-na-odrzucenie-projektu-pis-ws-kontroli-operacyjnej-i-billingow.html<\/p>\n<p style=\"text-align: left;\"><a href=\"#_ftnref5\" name=\"_ftn5\">[5]<\/a><a href=\"http:\/\/prawo.gazetaprawna.pl\/artykuly\/860217,obywatelu-pamietaj-twoja-rozmowa-jest-kontrolowana.html\"> http:\/\/prawo.gazetaprawna.pl\/artykuly\/860217,obywatelu-pamietaj-twoja-rozmowa-jest-kontrolowana.html<\/a><\/p>\n<p style=\"text-align: justify;\"><a href=\"#_ftnref6\" name=\"_ftn6\">[6]<\/a>Fran\u00e7ois de La Rochefoucauld<\/p>\n<p style=\"text-align: justify;\">\u015aci\u0105gnij angielski tekst informacji i wy\u015blij do znajomych:<\/p>\n<p style=\"text-align: justify;\">\u00a0[ddownload id=&#8221;169&#8243;]<\/p>\n","protected":false},"excerpt":{"rendered":"<p>Reduta Dobrego Imienia przesy\u0142a list do wszystkich pos\u0142\u00f3w Parlamentu Europejskiego oraz cz\u0142onk\u00f3w Komisji Europejskiej Z uwag\u0105 i niepokojem odnotowujemy coraz cz\u0119\u015bciej pojawiaj\u0105ce si\u0119 tak\u017ce w Parlamencie Europejskim opinie o rzekomym zagro\u017ceniu demokracji w Polsce pod rz\u0105dami Prawa i Sprawiedliwo\u015bci (PiS), rzekomym zamachu na Trybuna\u0142 Konstytucyjny (TK), \u201ezaw\u0142aszczaniu pa\u0144stwa\u201d, a nawet o zamachu stanu i rodz\u0105cej [&hellip;]<\/p>\n","protected":false},"author":7,"featured_media":471295,"comment_status":"open","ping_status":"open","sticky":false,"template":"","format":"standard","meta":{"_et_pb_use_builder":"","_et_pb_old_content":"","_et_gb_content_width":"","sfsi_plus_gutenberg_text_before_share":"","sfsi_plus_gutenberg_show_text_before_share":"","sfsi_plus_gutenberg_icon_type":"","sfsi_plus_gutenberg_icon_alignemt":"","sfsi_plus_gutenburg_max_per_row":"","footnotes":""},"categories":[39],"tags":[],"class_list":["post-165","post","type-post","status-publish","format-standard","has-post-thumbnail","hentry","category-aktualnosci"],"_links":{"self":[{"href":"https:\/\/rdi.org.pl\/english\/wp-json\/wp\/v2\/posts\/165","targetHints":{"allow":["GET"]}}],"collection":[{"href":"https:\/\/rdi.org.pl\/english\/wp-json\/wp\/v2\/posts"}],"about":[{"href":"https:\/\/rdi.org.pl\/english\/wp-json\/wp\/v2\/types\/post"}],"author":[{"embeddable":true,"href":"https:\/\/rdi.org.pl\/english\/wp-json\/wp\/v2\/users\/7"}],"replies":[{"embeddable":true,"href":"https:\/\/rdi.org.pl\/english\/wp-json\/wp\/v2\/comments?post=165"}],"version-history":[{"count":0,"href":"https:\/\/rdi.org.pl\/english\/wp-json\/wp\/v2\/posts\/165\/revisions"}],"wp:featuredmedia":[{"embeddable":true,"href":"https:\/\/rdi.org.pl\/english\/wp-json\/wp\/v2\/media\/471295"}],"wp:attachment":[{"href":"https:\/\/rdi.org.pl\/english\/wp-json\/wp\/v2\/media?parent=165"}],"wp:term":[{"taxonomy":"category","embeddable":true,"href":"https:\/\/rdi.org.pl\/english\/wp-json\/wp\/v2\/categories?post=165"},{"taxonomy":"post_tag","embeddable":true,"href":"https:\/\/rdi.org.pl\/english\/wp-json\/wp\/v2\/tags?post=165"}],"curies":[{"name":"wp","href":"https:\/\/api.w.org\/{rel}","templated":true}]}}