{"id":1716,"date":"2023-03-20T18:17:19","date_gmt":"2023-03-20T17:17:19","guid":{"rendered":"https:\/\/rdi.org.pl\/?p=1716"},"modified":"2023-07-04T09:31:17","modified_gmt":"2023-07-04T07:31:17","slug":"sprawa-p-janusza-fatygi-przeciwko-ringier-axel-springer-wydawcy-dziennika-fakt","status":"publish","type":"post","link":"https:\/\/rdi.org.pl\/english\/sprawa-p-janusza-fatygi-przeciwko-ringier-axel-springer-wydawcy-dziennika-fakt\/","title":{"rendered":"The case of Mr Janusz Fatyga against Ringier Axel Springer &#8211; publisher of the daily newspaper Fakt."},"content":{"rendered":"<p>[et_pb_section fb_built=&#8221;1&#8243; _builder_version=&#8221;4.20.2&#8243; _module_preset=&#8221;default&#8221; da_disable_devices=&#8221;off|off|off&#8221; global_colors_info=&#8221;{}&#8221; theme_builder_area=&#8221;post_content&#8221; da_is_popup=&#8221;off&#8221; da_exit_intent=&#8221;off&#8221; da_has_close=&#8221;on&#8221; da_alt_close=&#8221;off&#8221; da_dark_close=&#8221;off&#8221; da_not_modal=&#8221;on&#8221; da_is_singular=&#8221;off&#8221; da_with_loader=&#8221;off&#8221; da_has_shadow=&#8221;on&#8221;][et_pb_row _builder_version=&#8221;4.20.2&#8243; _module_preset=&#8221;a0c75e5a-da98-40a4-b5a4-4d216ee67f79&#8243; width=&#8221;100%&#8221; max_width=&#8221;1400px&#8221; global_colors_info=&#8221;{}&#8221; theme_builder_area=&#8221;post_content&#8221;][et_pb_column type=&#8221;4_4&#8243; _builder_version=&#8221;4.20.2&#8243; _module_preset=&#8221;default&#8221; global_colors_info=&#8221;{}&#8221; theme_builder_area=&#8221;post_content&#8221;][et_pb_accordion open_toggle_text_color=&#8221;#212121&#8243; open_toggle_background_color=&#8221;#FFFFFF&#8221; closed_toggle_background_color=&#8221;#212121&#8243; toggle_icon=&#8221;&#x47;||divi||400&#8243; icon_color=&#8221;#FFFFFF&#8221; use_icon_font_size=&#8221;on&#8221; icon_font_size=&#8221;28px&#8221; _builder_version=&#8221;4.20.2&#8243; _module_preset=&#8221;default&#8221; toggle_text_color=&#8221;#FFFFFF&#8221; toggle_font=&#8221;|700|||||||&#8221; toggle_font_size=&#8221;18px&#8221; body_font=&#8221;|300|||||||&#8221; body_font_size=&#8221;16px&#8221; body_line_height=&#8221;1.4em&#8221; background_color=&#8221;RGBA(255,255,255,0)&#8221; width=&#8221;80%&#8221; module_alignment=&#8221;center&#8221; hover_enabled=&#8221;0&#8243; global_colors_info=&#8221;{}&#8221; theme_builder_area=&#8221;post_content&#8221; sticky_enabled=&#8221;0&#8243;][et_pb_accordion_item title=&#8221;The case of Mr Janusz Fatyga against Ringier Axel Springer &#8211; publisher of the daily newspaper Fakt.&#8221; open=&#8221;on&#8221; _builder_version=&#8221;4.20.2&#8243; _module_preset=&#8221;default&#8221; hover_enabled=&#8221;0&#8243; global_colors_info=&#8221;{}&#8221; theme_builder_area=&#8221;post_content&#8221; sticky_enabled=&#8221;0&#8243;]<\/p>\n<h6><span style=\"color: #0000ff;\">Posted on Fabruery <a href=\"http:\/\/www.anti-defamation.org\/aktualnosci\/wielki-sukces-reduta-dobrego-imienia-wygrywa-prawomocnie-kolejny-juz-proces-z-koncernem-ringier-axel-springer\/\" rel=\"bookmark\" style=\"color: #0000ff;\"><time class=\"entry-date published updated\" datetime=\"2020-10-12T10:11:57+02:00\">15, 2021<\/time><\/a><\/span><\/h6>\n<p style=\"text-align: justify;\">Another victory for truth and the Polish League Against Defamation. &#8222;The Fakt24.pl portal apologises for combining a photo with the title 'Huge pensions of Stalinist judges&#8217;, presenting Janusz Fatyga as a criminal (image presented for convicted\/convicted persons) and implying that he was a Stalinist judge. Editors of the portal Fakt.pl&#8221;<\/p>\n<p><em><br \/>Redakcja portalu Fakt.pl\u201d<\/em><\/p>\n<h3><strong>FAKT24.PL PRZEZ MIESI\u0104C B\u0118DZIE PRZEPRASZA\u0106 OPOZYCJONIST\u0118<\/strong><\/h3>\n<p><img loading=\"lazy\" decoding=\"async\" src=\"https:\/\/rdi.org.pl\/wp-content\/uploads\/2023\/03\/Fakt-foto-300x77.png\" width=\"300\" height=\"77\" alt=\"\" class=\"wp-image-469832 alignnone size-medium\" \/><\/p>\n<p><strong>\u00a0<\/strong><strong>Uprzejmie informuj\u0119, \u017ce 13 lutego br. na stronie tytu\u0142owej fakt24.pl ukaza\u0142y si\u0119 przeprosiny Janusza Fatygi dzia\u0142acza opozycji antykomunistycznej. Ringier Axel Springer wydawca portalu przegra\u0142 proces przed S\u0105dem Okr\u0119gowym w Krakowie. S\u0105d uzna\u0142, \u017ce wydawca portalu fakt24.pl jest winien naruszenia d\u00f3br osobistych Janusza Fatygi. Znany portal zilustrowa\u0142 tekst dotycz\u0105cy ogromnych emerytur stalinowskich s\u0119dzi\u00f3w jego zdj\u0119ciem i podpisaniem wizerunku -z zamazanymi oczami- jako wizerunku stalinowskiego s\u0119dziego Henryka Kostrzewy. Tym samym wskaza\u0142 go jego stalinowskiego s\u0119dziego i przest\u0119pc\u0119. Nale\u017cy zwr\u00f3ci\u0107 uwag\u0119, \u017ce RASP wykona\u0142 wyrok s\u0105du dopiero po skierowaniu sprawy do egzekucji komorniczej. To kolejna wa\u017cna sprawa, kt\u00f3r\u0105 prowadzi\u0142a Reduta Dobrego Imienia i odnios\u0142a kolejne zwyci\u0119stwo.<\/strong><\/p>\n<p>Przypomn\u0119, \u017ce w styczniu 2016 r. zdj\u0119cie Janusza Fatygi zosta\u0142o wykorzystane przez\u00a0 znany portal internetowy do zilustrowania tekstu o ogromnych emeryturach stalinowskich s\u0119dzi\u00f3w. Dodatkowo podpisano ten wizerunek -z charakterystycznym paskiem na oczach- jako\u2026 stalinowskiego s\u0119dziego. Tymczasem Janusz Fatyga to odwa\u017cny dzia\u0142acz opozycji antykomunistycznej, kt\u00f3ry nigdy nie by\u0142 s\u0119dzi\u0105. Od 1977 uczestniczy\u0142 w ROPCIO, a jako prawnik udziela\u0142 porad prawnych dzia\u0142aczom Solidarno\u015bci, by\u0142 internowany od 13.12.1981 r. do 1.08.1982 r., uczestniczy\u0142 w niezale\u017cnych manifestacjach w \u0141odzi i\u00a0 wsp\u00f3\u0142organizowa\u0142 struktury KPN.<\/p>\n<p>Po latach wyprowadzi\u0142 si\u0119 do innego miasta, gdzie nie wszyscy znali jego patriotyczn\u0105 dzia\u0142alno\u015b\u0107. Ha\u0144bi\u0105ca publikacja w nowym \u015brodowisku wywo\u0142a\u0142a konsternacj\u0119 i odbi\u0142a si\u0119 na reputacji Janusza Fatygi, kt\u00f3ry sam bezskutecznie usi\u0142owa\u0142 dowie\u015b\u0107 prawdy. Wspierany przez Redut\u0119 Dobrego Imienia wni\u00f3s\u0142 spraw\u0119 o naruszenie d\u00f3br do s\u0105du.<\/p>\n<p>W efekcie d\u0142ugotrwaj\u0105cego procesu S\u0105d Apelacyjny w Krakowie 6 pa\u017adziernika 2020 r. nakaza\u0142 niemiecko-szwajcarskiemu koncernowi Ringier Axel Springer zap\u0142aci\u0107 zado\u015b\u0107uczynienie pokrzywdzonemu i opublikowa\u0107 przeprosiny.<\/p>\n<p>RASP zwleka\u0142 z przeprosinami i opublikowa\u0142 je dopiero po skierowaniu sprawy do egzekucji.<\/p>\n<p>Wsp\u00f3lnie doprowadzili\u015bmy do tego, \u017ce wielki koncern medialny musi przeprosi\u0107 cz\u0142owieka, kt\u00f3rego skrzywdzi\u0142. Oczywi\u015bcie, taki by\u0142 wyrok s\u0105du. Niemniej to nasz prawnik- pani mecenas dr Monika Brzozowska-Pasieka, know-how RDI i realne wsparcie sympatyk\u00f3w umo\u017cliwi\u0142y to zwyci\u0119stwo.<\/p>\n<p><strong>Jako \u015brodowisko Reduty Dobrego Imienia jeste\u015bmy dumni, \u017ce zn\u00f3w uda\u0142o nam si\u0119 pom\u00f3c zwyk\u0142emu cz\u0142owiekowi, kt\u00f3ry sam stan\u0105\u0142 oko w oko z gigantem medialnym. Dzi\u0119kujemy wszystkim, kt\u00f3rzy wspieraj\u0105 nasz\u0105 fundacj\u0119, bo dzi\u0119ki nim mo\u017cemy skutecznie wywiera\u0107 wp\u0142yw na tych, kt\u00f3rym zdaje si\u0119, \u017ce wci\u0105\u017c s\u0105 bezkarni<br \/>i niedotykalni. Pami\u0119tajmy jednak, \u017ce to tylko kolejna zwyci\u0119ska bitwa. Przed nami m.in. wprowadzenie nowelizacji prawa prasowego umo\u017cliwiaj\u0105ce niemal b\u0142yskawiczne sprostowanie k\u0142amstw.<\/strong><\/p>\n<p>Warto tak\u017ce zwr\u00f3ci\u0107 uwag\u0119, \u017ce przeprosiny Janusza Fatygi ukazuj\u0105ce si\u0119 w najlepszym miejscu reklamowym portalu- i to przez miesi\u0105c- to\u00a0 ewidentnie dla RASP strata finansowa.<\/p>\n<p>Przypomnijmy, \u017ce to nie jedyny przyk\u0142ad skuteczno\u015bci dzia\u0142ania RDI. W lutym br. \u00a0S\u0105d Okr\u0119gowy\u00a0 w Rzeszowie wyda\u0142 postanowienie i uzna\u0142, \u017ce Gminie Niebylec- wspomagana wszechstronnie przez Redut\u0119- przys\u0142uguje zabezpieczenie i nakaza\u0142 na czas trwania procesu o naruszenie d\u00f3br osobistych pozwanemu Bartoszowi Staszewskiemu umieszczenia na jego stronach internetowych oraz na Facebooku, Twitterze\u00a0 oraz Instagramie o\u015bwiadczenia o tocz\u0105cym si\u0119 procesie.<\/p>\n<p>Nadal pragn\u0119 tak\u017ce zaprosi\u0107 Pa\u0144stwa do lektury ciesz\u0105cych si\u0119 wielk\u0105 poczytno\u015bci\u0105 \u201eRaport\u00f3w i Analiz RDI\u201d np. wydania po\u015bwi\u0119conego fake newsom w czasie pandemii. To wa\u017cne \u015bwiadectwo. W najbli\u017cszym czasie planujemy publikacje kolejnych monograficznych Raport\u00f3w dotycz\u0105cych najwa\u017cniejszych dla Polski i jej sojusznik\u00f3w wydarze\u0144. Zapraszam na nasze strony.<\/p>\n<p><strong>JANUSZ FATYGA \u2013 to zas\u0142u\u017cony dzia\u0142acz opozycji antykomunistycznej. By\u0142 inwigilowany przez SB do 1990 r.\u00a0 Za swoje niezmienne pogl\u0105dy by\u0142 przez blisko rok internowany.<br \/>W wolnej Polsce otrzyma\u0142 m.in. Krzy\u017c Wolno\u015bci i Solidarno\u015bci oraz Krzy\u017c Kawalerski Orderu Odrodzenia Polski.<\/strong><\/p>\n<p>[\/et_pb_accordion_item][et_pb_accordion_item title=&#8221;Ringier Axel Springer nie wykonuje wyroku s\u0105dowego!&#8221; _builder_version=&#8221;4.20.2&#8243; _module_preset=&#8221;default&#8221; global_colors_info=&#8221;{}&#8221; theme_builder_area=&#8221;post_content&#8221; open=&#8221;off&#8221;]<\/p>\n<h6><span style=\"color: #0000ff;\"><a href=\"http:\/\/www.anti-defamation.org\/aktualnosci\/ringier-axel-springer-nie-wykonuje-wyroku-sadowego\/\" rel=\"bookmark\" style=\"color: #0000ff;\"><time class=\"entry-date published\" datetime=\"2020-10-14T14:15:48+02:00\">Napisano dnia\u00a0<\/time><\/a><a href=\"http:\/\/www.anti-defamation.org\/aktualnosci\/wielki-sukces-reduta-dobrego-imienia-wygrywa-prawomocnie-kolejny-juz-proces-z-koncernem-ringier-axel-springer\/\" rel=\"bookmark\" style=\"color: #0000ff;\"><time class=\"entry-date published updated\" datetime=\"2020-10-12T10:11:57+02:00\">14 pa\u017adziernika, 2020<\/time><\/a><\/span><\/h6>\n<h4><b><span data-contrast=\"auto\">DZIA\u0141ACZ OPOZYCJI I REDUTA DOBREGO IMIENIA SK\u0141ADAJ\u0104 WNIOSEK O WSZCZ\u0118CIE EGZEKUCJI KOMORNICZEJ<\/span><\/b><b><span data-contrast=\"auto\">.<\/span><\/b><span data-ccp-props=\"{}\">\u00a0<\/span><\/h4>\n<p><span data-contrast=\"auto\">Janusz Fatyga siedemdziesi\u0119ciosiedmioletni zas\u0142u\u017cony dzia\u0142acz opozycji antykomunistycznej, kt\u00f3ry tydzie\u0144 temu wygra\u0142 w prawomocnym wyroku s\u0105dowym z wydawc\u0105 Fakt24.pl nadal nie otrzyma\u0142 zado\u015b\u0107uczynienia. W zwi\u0105zku z tym, w porozumieniu z Redut\u0105 Dobrego Imienia, kt\u00f3ra wspiera prawnie F<\/span><span data-contrast=\"auto\">a<\/span><span data-contrast=\"auto\">tyg\u0119, postanowi\u0142 niezw\u0142ocznie z\u0142o\u017cy\u0107 wniosek o klauzul\u0119 wykonalno\u015bci celem wyegzekwowania zado\u015b\u0107uczynienia przez komornika<\/span><span data-contrast=\"auto\">.<\/span><span data-ccp-props=\"{}\">\u00a0<\/span><\/p>\n<p><span data-contrast=\"auto\">Przypomnijmy,<\/span><span data-contrast=\"auto\">\u00a0<\/span><span data-contrast=\"auto\">\u017ce S\u0105d Apelacyjny w Krakowie 6 pa\u017adziernika br. nakaza\u0142 niemiecko-szwajcarskiemu koncernowi Ringier Axel Springer m.in. zap\u0142aci\u0107 zado\u015b\u0107uczynienie pokrzywdzonemu.\u00a0\u00a0<\/span><span data-ccp-props=\"{}\">\u00a0<\/span><\/p>\n<p><span data-contrast=\"auto\">Na stronie znanego dziennika Fakt24.pl, ukaza\u0142 si\u0119 artyku\u0142 zatytu\u0142owany \u201eSKANDAL Ogromne emerytury stalinowskich s\u0119dzi\u00f3w\u201d, kt\u00f3ry w g\u0142\u00f3wnej mierze dotyczy\u0142 genera\u0142a Henryka Kostrzewy, okre\u015blanego mianem \u201ezbrodniarza komunistycznego\u201d. Pomimo tego, \u017ce sama tre\u015b\u0107 artyku\u0142u dotyczy\u0142a Kostrzewy, zdj\u0119cie g\u0142\u00f3wne, kt\u00f3re zosta\u0142o umieszczone tu\u017c pod tytu\u0142em artyku\u0142u, przedstawia\u0142o Janusza Fatyg\u0119. Z\u0142o\u017cy\u0142 on pozew przeciwko RASP w lipcu 2018 roku, w 2019 roku zosta\u0142 wydany wyrok na jego korzy\u015b\u0107, z tym \u017ce przeprosiny mia\u0142y by\u0107 zamieszczone przez tydzie\u0144. Reduta Dobrego Imienia wspiera\u0142a prawnie i finansowo Pana Janusza Fatyg\u0119. Jest to ju\u017c trzecia sprawa wygrana przez Redut\u0119 Dobrego Imienia przeciwko RASP.\u00a0<\/span><span data-ccp-props=\"{}\">\u00a0<\/span><\/p>\n<p><em>Janusz Fatyga to zas\u0142u\u017cony dzia\u0142acz opozycji antykomunistycznej m.in. od 1977 r. uczestnik\u00a0ROPCiO\u00a0\u00a0i doradca prawny MKZ oraz Zarz\u0105du Regionu \u201eS\u201d Ziemia \u0141\u00f3dzka. Od 1981 r. wsp\u00f3\u0142organizator \u0142\u00f3dzkich struktur KPN. By\u0142 inwigilowany przez SB do 1990 r. Za swoje niezmienne pogl\u0105dy by\u0142 przez blisko rok internowany. W wolnej Polsce otrzyma\u0142 m.in. Krzy\u017c Wolno\u015bci i Solidarno\u015bci oraz Krzy\u017c Kawalerski Orderu Odrodzenia Polski.\u00a0<\/em><\/p>\n<p>[\/et_pb_accordion_item][et_pb_accordion_item title=&#8221;WIELKI SUKCES! Reduta Dobrego Imienia wygrywa prawomocnie kolejny ju\u017c proces z koncernem Ringier Axel Springer.&#8221; _builder_version=&#8221;4.20.2&#8243; _module_preset=&#8221;default&#8221; global_colors_info=&#8221;{}&#8221; theme_builder_area=&#8221;post_content&#8221; open=&#8221;off&#8221;]<\/p>\n<h6><span style=\"color: #0000ff;\">Napisano dnia\u00a0<a href=\"http:\/\/www.anti-defamation.org\/aktualnosci\/wielki-sukces-reduta-dobrego-imienia-wygrywa-prawomocnie-kolejny-juz-proces-z-koncernem-ringier-axel-springer\/\" rel=\"bookmark\" style=\"color: #0000ff;\"><time class=\"entry-date published updated\" datetime=\"2020-10-12T10:11:57+02:00\">12 pa\u017adziernika, 2020<\/time><\/a><\/span><\/h6>\n<p><b><span data-contrast=\"auto\">Reduta Dobrego Imienia wygrywa prawomocnie kolejny ju\u017c proces z niemiecko-szwajcarskim koncernem\u00a0<\/span><\/b><b><span data-contrast=\"auto\">Ringier<\/span><\/b><b><span data-contrast=\"auto\">\u00a0Axel Springer. Fakt.pl ma przeprosi\u0107 Janusza Fatyg\u0119 na swojej g\u0142\u00f3wnej stronie Fakt.pl, na g\u00f3rze strony, w ramce 1\/4 ekranu i to a\u017c przez okres 1 miesi\u0105ca. Dodatkowo ma zap\u0142aci\u0107 zado\u015b\u0107uczynienie pokrzywdzonemu.\u00a0<\/span><\/b><span data-ccp-props=\"{&quot;201341983&quot;:0,&quot;335551550&quot;:6,&quot;335551620&quot;:6,&quot;335559739&quot;:0,&quot;335559740&quot;:240}\">\u00a0<\/span><\/p>\n<p><span data-contrast=\"auto\">Reduta prowadzi\u0142a proces p. Janusza Fatygi, dzia\u0142acza antykomunistycznej opozycji, internowanego w czasach PRL. Dzi\u015b S\u0105d Apelacyjny w Krakowie oddali\u0142 w ca\u0142o\u015bci apelacj\u0119 RASP, za\u015b wskutek apelacji Powoda uzna\u0142, \u017ce Fakt.pl ma przeprasza\u0107 przez okres 1 miesi\u0105ca (a nie jak zas\u0105dzi\u0142 s\u0105d pierwszej instancji tylko przez tydzie\u0144). Przeproszenie ma by\u0107 widoczne na g\u00f3rze strony, w ramce 1\/4 ekranu. w miejscu \u201cRedakcja poleca\u201d i ma zawiera\u0107 r\u00f3wnie\u017c kr\u00f3tki biogram p. Janusza Fatygi.<\/span><span data-ccp-props=\"{&quot;201341983&quot;:0,&quot;335551550&quot;:6,&quot;335551620&quot;:6,&quot;335559739&quot;:0,&quot;335559740&quot;:240}\">\u00a0<\/span><\/p>\n<p><i><span data-contrast=\"auto\">Reduta wygra\u0142a trzeci\u0105 ju\u017c spraw\u0119 z koncernem\u00a0<\/span><\/i><i><span data-contrast=\"auto\">Ringer<\/span><\/i><i><span data-contrast=\"auto\">\u00a0Axel Springer Polska. Wyrok jest rewelacyjny, bo RASP ma przeprasza\u0107 na stronie g\u0142\u00f3wnej Fakt.pl i to przez miesi\u0105c. Mamy do\u015bwiadczenie z walk\u0105 s\u0105dow\u0105 z RASP \u2013 to ju\u017c nasz trzeci, prawomocnie wygrany z nimi wyrok. Wygrali\u015bmy sprostowanie na newsweek.pl, wygrali\u015bmy dla Krystiana Brodackiego przeproszenie na g\u0142\u00f3wnej stronie Onet (przez 7 dni) i 100.000 zado\u015b\u0107uczynienia, a teraz wygrywamy przeproszenie z rekordowym czasem przeproszenia tj. a\u017c przez miesi\u0105c i to na g\u0142\u00f3wnej stronie dla Janusza Fatygi. My\u015bl\u0119, \u017ce przepraszanie \u2013 w tym wypadku polskiego patrioty \u2013 i to a\u017c przez miesi\u0105c na stronie g\u0142\u00f3wnej, w miejscu \u201cRedakcja poleca\u201d, na g\u00f3rze strony, w ramce 1\/4 ekranu mo\u017ce powodowa\u0107 konieczno\u015b\u0107 jakiego\u015b przebudowania strony (wszak RASP w apelacji podnosi\u0142, \u017ce jest to trudne lub wr\u0119cz niemo\u017cliwe do wykonania). Nie m\u00f3wi\u0105c ju\u017c o potencjalnie zaj\u0119tym miejscu reklamowym. Ale je\u015bli si\u0119 narusza dobra osobiste ludzi przyzwoitych, a takim jest dzia\u0142acz opozycji antykomunistycznej Janusz Fatyga, trzeba si\u0119 liczy\u0107 z nasz\u0105 reakcj\u0105. Przeproszenie mo\u017ce wi\u0119c okaza\u0107 si\u0119 bardziej bolesne dla koncernu ni\u017c zap\u0142ata samego zado\u015b\u0107uczynienia.\u00a0 Rewelacyjny wyrok, z kt\u00f3rego jeste\u015bmy bardzo zadowoleni!<\/span><\/i><span data-contrast=\"auto\">\u00a0\u2013 m\u00f3wi Maciej \u015awirski \u2013 prezes Reduty Dobrego Imienia, kt\u00f3ra finansowa\u0142a i pomaga\u0142a prawnie w ca\u0142ym procesie.<\/span><span data-ccp-props=\"{&quot;201341983&quot;:0,&quot;335551550&quot;:6,&quot;335551620&quot;:6,&quot;335559739&quot;:0,&quot;335559740&quot;:240}\">\u00a0<\/span><\/p>\n<p><i><span data-contrast=\"auto\">Pozwany w swojej apelacji podnosi\u0142, \u017ce nie dosz\u0142o do naruszenia, bo pow\u00f3d jest osob\u0105 publiczn\u0105, wi\u0119c mo\u017cna go pokazywa\u0107 (dodam \u2013 pokazywa\u0107 jak przest\u0119pc\u0119 z paskiem na oczach). Ponadto, \u017ce w zasadzie to za ca\u0142e to zdarzenie odpowiada nie koncern, ale osoba, kt\u00f3ra opisa\u0142a i nag\u0142o\u015bni\u0142a ca\u0142\u0105 spraw\u0119 na swoim blogu tj. przyjaciel p. Janusza Fatygi\u00a0<\/span><\/i><i><span data-contrast=\"auto\">dziennikarz \u2013 J. Wieczorek. S\u0105d jednak nie przyj\u0105\u0142 tej \u2013 jak\u017ce ciekawej \u2013 konstrukcji Pozwanego uznaj\u0105c, \u017ce odpowiedzialno\u015b\u0107 koncernu by\u0142a dla s\u0105du \u201eoczywisto\u015bci\u0105\u201d<\/span><\/i><span data-contrast=\"auto\">\u00a0\u2013 dodaje dr Monika Brzozowska \u2013 Pasieka, reprezentuj\u0105ca Janusza Fatyg\u0119<\/span><span data-contrast=\"auto\">.<\/span><span data-ccp-props=\"{&quot;201341983&quot;:0,&quot;335551550&quot;:6,&quot;335551620&quot;:6,&quot;335559739&quot;:0,&quot;335559740&quot;:240}\">\u00a0<\/span><\/p>\n<p><span data-ccp-props=\"{&quot;201341983&quot;:0,&quot;335551550&quot;:6,&quot;335551620&quot;:6,&quot;335559739&quot;:0,&quot;335559740&quot;:240}\">\u00a0<\/span><span data-contrast=\"auto\">Background<\/span><span data-ccp-props=\"{&quot;201341983&quot;:0,&quot;335551550&quot;:6,&quot;335551620&quot;:6,&quot;335559739&quot;:0,&quot;335559740&quot;:240}\">\u00a0<\/span><\/p>\n<p><span data-contrast=\"auto\">Na stronie znanego dziennika Fakt24.pl, kt\u00f3ry jest wydawany przez niemiecko-szwajcarskie wydawnictwo\u00a0<\/span><span data-contrast=\"auto\">Ringier<\/span><span data-contrast=\"auto\">\u00a0Axel Springer Pols<\/span><span data-contrast=\"auto\">k<\/span><span data-contrast=\"auto\">a, ukazany zosta\u0142 artyku\u0142 zatytu\u0142owany \u201eSKANDAL Ogromne emerytury stalinowskich s\u0119dzi\u00f3w\u201d, kt\u00f3ry w g\u0142\u00f3wnej mierze dotyczy\u0142 osoby Henryka Kostrzewy, okre\u015blanego mianem \u201ezbrodniarza komunistycznego\u201d genera\u0142a brygady Ludowego Wojska Polskiego, naczelnego prokuratora wojskowego \u2013 zast\u0119pc\u0119 prokuratora generalnego w latach 1984-1990 i zast\u0119pca cz\u0142onka Trybuna\u0142u Stanu w latach 1985-1989. Pomimo tego, \u017ce sama tre\u015b\u0107 artyku\u0142u dotyczy\u0142a Henryka Kostrzewy, zdj\u0119cie g\u0142\u00f3wne, kt\u00f3re zosta\u0142o\u00a0 umieszczone tu\u017c pod tytu\u0142em artyku\u0142u, przedstawia osob\u0119 Powoda \u2013 Pana Janusza Fatygi. Z\u0142o<\/span><span data-contrast=\"auto\">\u017c<\/span><span data-contrast=\"auto\">y\u0142 on pozew przeciwko RASP w lipcu 2018 roku, w 2019 roku zosta\u0142 wydany wyrok na jego korzy\u015b\u0107, z tym, \u017ce przeprosiny mia\u0142y by\u0107 zamieszczone przez\u00a0 tydzie\u0144. Reduta Dobrego Imienia wspiera\u0142a prawnie Pana Janusza Fatyg\u0119, finansuj\u0105c tak\u017ce koszty s\u0105dowe sprawy.<\/span><span data-ccp-props=\"{&quot;201341983&quot;:0,&quot;335551550&quot;:6,&quot;335551620&quot;:6,&quot;335559739&quot;:0,&quot;335559740&quot;:240}\">\u00a0<\/span><\/p>\n<p><strong>Jest to kolejna wygrana sprawa przeciwko RASP.\u00a0<\/strong><\/p>\n<p>&nbsp;<\/p>\n<p>[\/et_pb_accordion_item][\/et_pb_accordion][\/et_pb_column][\/et_pb_row][\/et_pb_section]<\/p>\n","protected":false},"excerpt":{"rendered":"<p>Posted on Fabruery 15, 2021 Another victory for truth and the Polish League Against Defamation. &#8222;The Fakt24.pl portal apologises for combining a photo with the title 'Huge pensions of Stalinist judges&#8217;, presenting Janusz Fatyga as a criminal (image presented for convicted\/convicted persons) and implying that he was a Stalinist judge. Editors of the portal Fakt.pl&#8221; [&hellip;]<\/p>\n","protected":false},"author":8,"featured_media":8365,"comment_status":"open","ping_status":"open","sticky":false,"template":"","format":"standard","meta":{"_et_pb_use_builder":"on","_et_pb_old_content":"","_et_gb_content_width":"","sfsi_plus_gutenberg_text_before_share":"","sfsi_plus_gutenberg_show_text_before_share":"","sfsi_plus_gutenberg_icon_type":"","sfsi_plus_gutenberg_icon_alignemt":"","sfsi_plus_gutenburg_max_per_row":"","footnotes":""},"categories":[51],"tags":[],"class_list":["post-1716","post","type-post","status-publish","format-standard","has-post-thumbnail","hentry","category-wyroki-prawomocne"],"_links":{"self":[{"href":"https:\/\/rdi.org.pl\/english\/wp-json\/wp\/v2\/posts\/1716","targetHints":{"allow":["GET"]}}],"collection":[{"href":"https:\/\/rdi.org.pl\/english\/wp-json\/wp\/v2\/posts"}],"about":[{"href":"https:\/\/rdi.org.pl\/english\/wp-json\/wp\/v2\/types\/post"}],"author":[{"embeddable":true,"href":"https:\/\/rdi.org.pl\/english\/wp-json\/wp\/v2\/users\/8"}],"replies":[{"embeddable":true,"href":"https:\/\/rdi.org.pl\/english\/wp-json\/wp\/v2\/comments?post=1716"}],"version-history":[{"count":3,"href":"https:\/\/rdi.org.pl\/english\/wp-json\/wp\/v2\/posts\/1716\/revisions"}],"predecessor-version":[{"id":472442,"href":"https:\/\/rdi.org.pl\/english\/wp-json\/wp\/v2\/posts\/1716\/revisions\/472442"}],"wp:featuredmedia":[{"embeddable":true,"href":"https:\/\/rdi.org.pl\/english\/wp-json\/wp\/v2\/media\/8365"}],"wp:attachment":[{"href":"https:\/\/rdi.org.pl\/english\/wp-json\/wp\/v2\/media?parent=1716"}],"wp:term":[{"taxonomy":"category","embeddable":true,"href":"https:\/\/rdi.org.pl\/english\/wp-json\/wp\/v2\/categories?post=1716"},{"taxonomy":"post_tag","embeddable":true,"href":"https:\/\/rdi.org.pl\/english\/wp-json\/wp\/v2\/tags?post=1716"}],"curies":[{"name":"wp","href":"https:\/\/api.w.org\/{rel}","templated":true}]}}