{"id":1721,"date":"2023-03-07T18:21:03","date_gmt":"2023-03-07T17:21:03","guid":{"rendered":"https:\/\/rdi.org.pl\/?p=1721"},"modified":"2023-07-04T09:33:37","modified_gmt":"2023-07-04T07:33:37","slug":"sprawa-krystiana-brodackiego-przeciwko-ringier-axel-springer","status":"publish","type":"post","link":"https:\/\/rdi.org.pl\/english\/sprawa-krystiana-brodackiego-przeciwko-ringier-axel-springer\/","title":{"rendered":"Krystian Brodacki&#8217;s case against Ringier Axel Springer"},"content":{"rendered":"<p>[et_pb_section fb_built=&#8221;1&#8243; _builder_version=&#8221;4.20.2&#8243; _module_preset=&#8221;default&#8221; da_disable_devices=&#8221;off|off|off&#8221; global_colors_info=&#8221;{}&#8221; theme_builder_area=&#8221;post_content&#8221; da_is_popup=&#8221;off&#8221; da_exit_intent=&#8221;off&#8221; da_has_close=&#8221;on&#8221; da_alt_close=&#8221;off&#8221; da_dark_close=&#8221;off&#8221; da_not_modal=&#8221;on&#8221; da_is_singular=&#8221;off&#8221; da_with_loader=&#8221;off&#8221; da_has_shadow=&#8221;on&#8221;][et_pb_row _builder_version=&#8221;4.20.2&#8243; _module_preset=&#8221;a0c75e5a-da98-40a4-b5a4-4d216ee67f79&#8243; width=&#8221;100%&#8221; max_width=&#8221;1400px&#8221; global_colors_info=&#8221;{}&#8221; theme_builder_area=&#8221;post_content&#8221;][et_pb_column type=&#8221;4_4&#8243; _builder_version=&#8221;4.20.2&#8243; _module_preset=&#8221;default&#8221; global_colors_info=&#8221;{}&#8221; theme_builder_area=&#8221;post_content&#8221;][et_pb_accordion open_toggle_text_color=&#8221;#212121&#8243; open_toggle_background_color=&#8221;#FFFFFF&#8221; closed_toggle_background_color=&#8221;#212121&#8243; toggle_icon=&#8221;&#x47;||divi||400&#8243; icon_color=&#8221;#FFFFFF&#8221; use_icon_font_size=&#8221;on&#8221; icon_font_size=&#8221;28px&#8221; _builder_version=&#8221;4.20.2&#8243; _module_preset=&#8221;default&#8221; toggle_text_color=&#8221;#FFFFFF&#8221; toggle_font=&#8221;|700|||||||&#8221; toggle_font_size=&#8221;18px&#8221; body_font=&#8221;|300|||||||&#8221; body_font_size=&#8221;16px&#8221; body_line_height=&#8221;1.4em&#8221; background_color=&#8221;RGBA(255,255,255,0)&#8221; width=&#8221;80%&#8221; module_alignment=&#8221;center&#8221; hover_enabled=&#8221;0&#8243; global_colors_info=&#8221;{}&#8221; theme_builder_area=&#8221;post_content&#8221; sticky_enabled=&#8221;0&#8243;][et_pb_accordion_item title=&#8221;Krystian Brodacki&#8217;s case against Ringier Axel Springer&#8221; open=&#8221;on&#8221; _builder_version=&#8221;4.20.2&#8243; _module_preset=&#8221;default&#8221; hover_enabled=&#8221;0&#8243; global_colors_info=&#8221;{}&#8221; theme_builder_area=&#8221;post_content&#8221; sticky_enabled=&#8221;0&#8243;]<\/p>\n<p style=\"text-align: justify;\">The case against Ringier Axel Springer &#8211; we won PLN 100,000 and an apology on the front page of onet.pl in a \u00bc screen frame!<\/p>\n<p style=\"text-align: justify;\">We supported Krystian Brodacki, whose mother was murdered in Palmiry, having previously hidden a Jewish hero, for which she was arrested, tortured and killed by the Germans when Mr Brodacki was 2 years old. Maria Brodacka raised her son alone, as Mr Brodacki&#8217;s father had been killed earlier &#8211; in the September campaign. In 2016. Onet.pl posted a photo of the execution in Palmiry illustrating it with text about Polish women collaborating with the Germans. We won for Mr Krystian Brodacki a record reparation of 100,000 and an apology on the main page of onet.pl maintained for a week, in a frame occupying \u00bc of the screen. Fantastic compensation and apology.<\/p>\n<p>Cze\u015b\u0107 i chwa\u0142a bohaterom!<\/p>\n<p>[\/et_pb_accordion_item][et_pb_accordion_item title=&#8221;Sukces! Onet.pl przegra\u0142 spraw\u0119 i musi przeprosi\u0107!&#8221; _builder_version=&#8221;4.20.2&#8243; _module_preset=&#8221;default&#8221; global_colors_info=&#8221;{}&#8221; theme_builder_area=&#8221;post_content&#8221; open=&#8221;off&#8221;]<\/p>\n<header class=\"entry-header\">\n<div class=\"entry-meta\">\n<div class=\"blog-data-wrapper\">\n<div class=\"post-data-positioning\">\n<h6 class=\"post-data-text\"><span class=\"posted-on\" style=\"color: #0000ff;\">Napisano dnia\u00a0<a href=\"http:\/\/www.anti-defamation.org\/aktualnosci\/sukces-onet-pl-przegral-sprawe-i-musi-przeprosic\/\" rel=\"bookmark\" style=\"color: #0000ff;\"><time class=\"entry-date published\" datetime=\"2017-12-21T12:21:03+01:00\">21 grudnia, 2017<\/time><\/a><\/span><span class=\"byline\"><\/span><\/h6>\n<\/div>\n<\/div>\n<\/div>\n<\/header>\n<div class=\"entry-content\">\n<p><strong>S\u0105d nakaza\u0142 by portal Onet.pl przez miesi\u0105c, w ramce \u00bc ekranu na stronie g\u0142\u00f3wnej portalu opublikowa\u0142 przeprosiny za u\u017cycie zdj\u0119cia Polek prowadzonych na egzekucj\u0119 w Palmirach do zilustrowania artyku\u0142u o romansach Polek z Niemcami i prostytucji w czasie II wojny \u015bwiatowej. Dodatkowo Onet ma zap\u0142aci\u0107 tak\u017ce 50 tys. odszkodowania.<br \/><\/strong><\/p>\n<p>W czwartek, 21 grudnia w s\u0105dzie Okr\u0119gowym w Krakowie zako\u0144czy\u0142a si\u0119 tocz\u0105ca si\u0119 od kwietnia 2016 rozprawa Krystiana Brodackiego przeciwko portalowi Onet.pl. Proces wytoczony z inicjatywy Reduty Dobrego Imienia dotyczy\u0142 publikacji zdj\u0119cia kobiet prowadzonych na egzekucj\u0119 jako ilustracji artyku\u0142u o romansach Polek z Niemcami, rzekomej \u201eprostytucji bytowej\u201d czy \u201ekolaboracji le\u017c\u0105cej\u201d.\u00a0Krystian Brodacki rozpozna\u0142 na zdj\u0119ciu swoj\u0105 matk\u0119, ma to zdj\u0119cie te\u017c w domowym archiwum. Matka osieroci\u0142a go gdy mia\u0142 zaledwie 2 lata.<\/p>\n<p>\u2013 Podj\u0119li\u015bmy wraz p. Krystianem Brodackim dzia\u0142ania prawne, poniewa\u017c w tym wypadku zosta\u0142o naruszone nie tylko dobre imi\u0119 rodziny p. Marii Brodackiej, ale r\u00f3wnie\u017c dobre imi\u0119 wszystkich zamordowanych Polek, w obronie kt\u00f3rych \u2013 r\u00f3wnie\u017c \u2013 wyst\u0119powa\u0142 p. Brodacki. Zosta\u0142o naruszone dobro osobiste w postaci to\u017csamo\u015bci narodowej \u2013 przypisano rzeczy haniebne polskim bohaterkom. Takie sytuacje nie mog\u0105 si\u0119 powtarza\u0107. W tej sprawie nie jest decyduj\u0105ce czy na tym zdj\u0119ciu faktycznie by\u0142a matka Krystiana Brodackiego, chodzi o sam symbol polskich bohaterek \u2013 m\u00f3wi Mira Wszelaka, prezes Reduty Dobrego Imienia.<\/p>\n<p>S\u0105d uzna\u0142 dzia\u0142ania Onet za przejaw ra\u017c\u0105cej niedba\u0142o\u015bci dziennikarskiej. Podkre\u015bli\u0142 tak\u017ce, \u017ce osoby rozstrzeliwane w Palmirach to elita intelektualna Polski, kt\u00f3ra stawia\u0142a op\u00f3r okupantowi. Tak\u0105 kobiet\u0105 by\u0142a tak\u017ce Maria Brodacka, matka p. Krystiana, kt\u00f3ra ryzykuj\u0105c w\u0142asnym \u017cyciem, pomaga\u0142a innym.<\/p>\n<p>Onet ma opublikowa\u0107 przeprosiny w terminie 7 dni na g\u0142\u00f3wnej stronie portalu onet.pl, na 1\/4 ekranu. Przeprosiny maj\u0105 by\u0107 widoczne przez 1 miesi\u0105c. Onet.pl ma tak\u017ce ponie\u015b\u0107 koszty s\u0105dowe procesu (3 tys. z\u0142) oraz zap\u0142aci\u0107 50 tys. z\u0142 odszkodowania panu Krystianowi Brodackiemu z przeznaczeniem na cele spo\u0142eczne.<\/p>\n<p>\u2013 Z\u0142o\u017cymy apelacj\u0119 o podwy\u017cszenie kwoty zado\u015b\u0107uczynienia, cho\u0107 w kwestii przeprosin wyrok jest dla nas satysfakcjonuj\u0105cy. Wnioskowali\u015bmy o 150 tys. z\u0142. Niew\u0105tpliwym sukcesem tego procesu jest to, \u017ce po raz pierwszy s\u0105d uzna\u0142, \u017ce za naruszenie naszej to\u017csamo\u015bci narodowej nale\u017cy si\u0119 zado\u015b\u0107uczynienie. To otwiera nam nowe mo\u017cliwo\u015bci dzia\u0142ania przy sprawach, w kt\u00f3rych naruszane jest dobre imi\u0119 Polski i Polak\u00f3w \u2013 m\u00f3wi mec. Monika Brzozowska-Pasieka, reprezentuj\u0105ca p. Brodackiego.<\/p>\n<\/div>\n<p>&nbsp;<\/p>\n<p>[\/et_pb_accordion_item][\/et_pb_accordion][\/et_pb_column][\/et_pb_row][\/et_pb_section]<\/p>\n","protected":false},"excerpt":{"rendered":"<p>The case against Ringier Axel Springer &#8211; we won PLN 100,000 and an apology on the front page of onet.pl in a \u00bc screen frame! We supported Krystian Brodacki, whose mother was murdered in Palmiry, having previously hidden a Jewish hero, for which she was arrested, tortured and killed by the Germans when Mr Brodacki [&hellip;]<\/p>\n","protected":false},"author":8,"featured_media":8365,"comment_status":"open","ping_status":"open","sticky":false,"template":"","format":"standard","meta":{"_et_pb_use_builder":"on","_et_pb_old_content":"","_et_gb_content_width":"","sfsi_plus_gutenberg_text_before_share":"","sfsi_plus_gutenberg_show_text_before_share":"","sfsi_plus_gutenberg_icon_type":"","sfsi_plus_gutenberg_icon_alignemt":"","sfsi_plus_gutenburg_max_per_row":"","footnotes":""},"categories":[51],"tags":[],"class_list":["post-1721","post","type-post","status-publish","format-standard","has-post-thumbnail","hentry","category-wyroki-prawomocne"],"_links":{"self":[{"href":"https:\/\/rdi.org.pl\/english\/wp-json\/wp\/v2\/posts\/1721","targetHints":{"allow":["GET"]}}],"collection":[{"href":"https:\/\/rdi.org.pl\/english\/wp-json\/wp\/v2\/posts"}],"about":[{"href":"https:\/\/rdi.org.pl\/english\/wp-json\/wp\/v2\/types\/post"}],"author":[{"embeddable":true,"href":"https:\/\/rdi.org.pl\/english\/wp-json\/wp\/v2\/users\/8"}],"replies":[{"embeddable":true,"href":"https:\/\/rdi.org.pl\/english\/wp-json\/wp\/v2\/comments?post=1721"}],"version-history":[{"count":2,"href":"https:\/\/rdi.org.pl\/english\/wp-json\/wp\/v2\/posts\/1721\/revisions"}],"predecessor-version":[{"id":472447,"href":"https:\/\/rdi.org.pl\/english\/wp-json\/wp\/v2\/posts\/1721\/revisions\/472447"}],"wp:featuredmedia":[{"embeddable":true,"href":"https:\/\/rdi.org.pl\/english\/wp-json\/wp\/v2\/media\/8365"}],"wp:attachment":[{"href":"https:\/\/rdi.org.pl\/english\/wp-json\/wp\/v2\/media?parent=1721"}],"wp:term":[{"taxonomy":"category","embeddable":true,"href":"https:\/\/rdi.org.pl\/english\/wp-json\/wp\/v2\/categories?post=1721"},{"taxonomy":"post_tag","embeddable":true,"href":"https:\/\/rdi.org.pl\/english\/wp-json\/wp\/v2\/tags?post=1721"}],"curies":[{"name":"wp","href":"https:\/\/api.w.org\/{rel}","templated":true}]}}