{"id":1723,"date":"2023-03-09T18:22:00","date_gmt":"2023-03-09T17:22:00","guid":{"rendered":"https:\/\/rdi.org.pl\/?p=1723"},"modified":"2023-07-04T09:32:50","modified_gmt":"2023-07-04T07:32:50","slug":"sprawa-przeciwko-wydawcy-tygodnika-wprost","status":"publish","type":"post","link":"https:\/\/rdi.org.pl\/english\/sprawa-przeciwko-wydawcy-tygodnika-wprost\/","title":{"rendered":"Case against the publisher of Wprost weekly"},"content":{"rendered":"<p>[et_pb_section fb_built=&#8221;1&#8243; _builder_version=&#8221;4.20.2&#8243; _module_preset=&#8221;default&#8221; da_disable_devices=&#8221;off|off|off&#8221; global_colors_info=&#8221;{}&#8221; theme_builder_area=&#8221;post_content&#8221; da_is_popup=&#8221;off&#8221; da_exit_intent=&#8221;off&#8221; da_has_close=&#8221;on&#8221; da_alt_close=&#8221;off&#8221; da_dark_close=&#8221;off&#8221; da_not_modal=&#8221;on&#8221; da_is_singular=&#8221;off&#8221; da_with_loader=&#8221;off&#8221; da_has_shadow=&#8221;on&#8221;][et_pb_row _builder_version=&#8221;4.20.2&#8243; _module_preset=&#8221;a0c75e5a-da98-40a4-b5a4-4d216ee67f79&#8243; width=&#8221;100%&#8221; max_width=&#8221;1400px&#8221; global_colors_info=&#8221;{}&#8221; theme_builder_area=&#8221;post_content&#8221; custom_margin=&#8221;-131px|auto||auto||&#8221;][et_pb_column type=&#8221;4_4&#8243; _builder_version=&#8221;4.20.2&#8243; _module_preset=&#8221;default&#8221; global_colors_info=&#8221;{}&#8221; theme_builder_area=&#8221;post_content&#8221;][et_pb_accordion open_toggle_text_color=&#8221;#212121&#8243; open_toggle_background_color=&#8221;#FFFFFF&#8221; closed_toggle_background_color=&#8221;#212121&#8243; toggle_icon=&#8221;&#x47;||divi||400&#8243; icon_color=&#8221;#FFFFFF&#8221; use_icon_font_size=&#8221;on&#8221; icon_font_size=&#8221;28px&#8221; _builder_version=&#8221;4.20.2&#8243; _module_preset=&#8221;default&#8221; toggle_text_color=&#8221;#FFFFFF&#8221; toggle_font=&#8221;|700|||||||&#8221; toggle_font_size=&#8221;18px&#8221; body_font=&#8221;|300|||||||&#8221; body_font_size=&#8221;16px&#8221; body_line_height=&#8221;1.4em&#8221; background_color=&#8221;RGBA(255,255,255,0)&#8221; width=&#8221;80%&#8221; module_alignment=&#8221;center&#8221; hover_enabled=&#8221;0&#8243; global_colors_info=&#8221;{}&#8221; theme_builder_area=&#8221;post_content&#8221; sticky_enabled=&#8221;0&#8243;][et_pb_accordion_item title=&#8221;Case against the publisher of Wprost weekly&#8221; open=&#8221;on&#8221; _builder_version=&#8221;4.20.2&#8243; _module_preset=&#8221;default&#8221; hover_enabled=&#8221;0&#8243; global_colors_info=&#8221;{}&#8221; theme_builder_area=&#8221;post_content&#8221; sticky_enabled=&#8221;0&#8243;]<\/p>\n<p style=\"text-align: justify;\">The case against the publisher of Wprost weekly &#8211; we won an order to publish a correction<\/p>\n<p style=\"text-align: justify;\">We helped the wonderful family of the B\u0105k brothers, who carried out executions on behalf of the Polish Underground State during the Second World War. These brave soldiers were portrayed in a very negative light, as bandits, in an article in Wprost newspaper. Thanks to our help, the newspaper had to place a lengthy correction. Today, a TV series inspired by the story of the brave B\u0105k brothers can be seen on TVP.<\/p>\n<p><span>Cze\u015b\u0107 i chwa\u0142a bohaterom!<\/span><\/p>\n<p>[\/et_pb_accordion_item][et_pb_accordion_item title=&#8221;Wygrali\u015bmy! \u201eWprost\u201d musi opublikowa\u0107 sprostowanie i op\u0142aci\u0107 koszty procesu!&#8221; _builder_version=&#8221;4.20.2&#8243; _module_preset=&#8221;default&#8221; global_colors_info=&#8221;{}&#8221; theme_builder_area=&#8221;post_content&#8221; open=&#8221;off&#8221;]<\/p>\n<header class=\"entry-header\">\n<div class=\"entry-meta\">\n<div class=\"blog-data-wrapper\">\n<div class=\"post-data-positioning\">\n<h6 class=\"post-data-text\"><span class=\"posted-on\" style=\"color: #0000ff;\">Napisano dnia\u00a0<a href=\"http:\/\/www.anti-defamation.org\/aktualnosci\/wygralismy-wprost-musi-opublikowac-sprostowanie-i-oplacic-koszty-procesu\/\" rel=\"bookmark\" style=\"color: #0000ff;\"><time class=\"entry-date published\" datetime=\"2016-12-02T12:55:29+01:00\">2 grudnia, 2016<\/time><\/a><\/span><span class=\"byline\"><\/span><\/h6>\n<\/div>\n<\/div>\n<\/div>\n<\/header>\n<div class=\"entry-content\">\n<p><strong>Na pocz\u0105tku roku, tygodnik \u201eWprost\u201d opublikowa\u0142 artyku\u0142 pt. \u201e<em>Licencja na zabijanie od Rzeczpospolitej<\/em><em>\u201d<\/em>\u00a0(tygodnik \u201eWprost\u201d, nr 8\/2016, s. 80-82) omawiaj\u0105cy ksi\u0105\u017ck\u0119 \u201ePtaki drapie\u017cne. Historia Lucjana \u201aS\u0119pa\u2019 Wi\u015bniewskiego, likwidatora z kontrwywiadu AK\u201d autorstwa Micha\u0142a W\u00f3jcika i Emila Marata (Wydawnictwo Znak literanova, Krak\u00f3w 2016). Wyrokiem s\u0105du \u201eWprost\u201d zosta\u0142 zmuszony do sprostowania nieprawdziwych informacji zawartych w materiale prasowym, kt\u00f3ry opublikowa\u0142.\u00a0 Proces by\u0142 prowadzony z inicjatywy Reduty Dobrego Imienia.<\/strong><\/p>\n<p>Ksi\u0105\u017cka opowiada histori\u0119 oddzia\u0142u 993\/W, kt\u00f3ry odpowiedzialny by\u0142 za realizacj\u0119 najtrudniejszych zada\u0144 Armii Krajowej. \u017bo\u0142nierze wykonywali m.in. egzekucje wyrok\u00f3w s\u0105dowych na konfidentach Gestapo, szmalcownikach i samych gestapowcach. Opis prasowy szkaluje g\u0142\u00f3wnie dobre imi\u0119 Braci B\u0105k, \u017co\u0142nierzy wspomnianego oddzia\u0142u, kt\u00f3rzy przedstawieni s\u0105 jako bandyci. Akcje przeprowadzane przez oddzia\u0142 m.in. \u201eZa Kotar\u0105\u201d, \u201eEuropejska\u201d, \u201eDurrfeld\u201d, \u201eLeitgeber\u201d, \u201eKomitet Ukrai\u0144ski\u201d uznane s\u0105 przez autor\u00f3w za indywidualne akcje zemsty b\u0105d\u017a prywatne porachunki. Tymczasem \u017co\u0142nierze tego oddzia\u0142u zostali wyr\u00f3\u017cnieni najwy\u017cszymi odznaczeniami bojowymi Virtuti Militari i Krzy\u017cami Walecznych.<\/p>\n<p>Pozew przeciwko Redaktorowi Naczelnemu \u201eWprost\u201d wnie\u015bli cz\u0142onkowie rodziny B\u0105k \u017c\u0105daj\u0105c sprostowania nieprawdziwych i nie\u015bcis\u0142ych informacji. Cz\u0142onk\u00f3w rodziny reprezentowa\u0142a mec. Monika Brzozowska \u2013 Pasieka, z kancelarii Pasieka, Derlikowski, Brzozowska i Partnerzy, kt\u00f3ra specjalizuje si\u0119 w sprawach z zakresu prawa\u00a0prasowego i naruszenia d\u00f3br osobistych w mediach.<\/p>\n<p><strong>W trakcie rozprawy 2 grudnia 2016 r. s\u0105d po analizie dokumentacji uzna\u0142, \u017ce \u201eWprost\u201d ma sprostowa\u0107 niew\u0142a\u015bciwe informacje zawarte w materiale prasowym, jest to dziewi\u0119\u0107 punkt\u00f3w, kt\u00f3re wydawca ma opublikowa\u0107 niezw\u0142ocznie. S\u0105d zas\u0105dzi\u0142 tak\u017ce od \u201eWprost\u201d zwrot koszt\u00f3w procesu.<\/strong><\/p>\n<\/div>\n<p>[\/et_pb_accordion_item][\/et_pb_accordion][\/et_pb_column][\/et_pb_row][\/et_pb_section]<\/p>\n","protected":false},"excerpt":{"rendered":"<p>The case against the publisher of Wprost weekly &#8211; we won an order to publish a correction We helped the wonderful family of the B\u0105k brothers, who carried out executions on behalf of the Polish Underground State during the Second World War. These brave soldiers were portrayed in a very negative light, as bandits, in [&hellip;]<\/p>\n","protected":false},"author":8,"featured_media":8365,"comment_status":"open","ping_status":"open","sticky":false,"template":"","format":"standard","meta":{"_et_pb_use_builder":"on","_et_pb_old_content":"","_et_gb_content_width":"","sfsi_plus_gutenberg_text_before_share":"","sfsi_plus_gutenberg_show_text_before_share":"","sfsi_plus_gutenberg_icon_type":"","sfsi_plus_gutenberg_icon_alignemt":"","sfsi_plus_gutenburg_max_per_row":"","footnotes":""},"categories":[51],"tags":[],"class_list":["post-1723","post","type-post","status-publish","format-standard","has-post-thumbnail","hentry","category-wyroki-prawomocne"],"_links":{"self":[{"href":"https:\/\/rdi.org.pl\/english\/wp-json\/wp\/v2\/posts\/1723","targetHints":{"allow":["GET"]}}],"collection":[{"href":"https:\/\/rdi.org.pl\/english\/wp-json\/wp\/v2\/posts"}],"about":[{"href":"https:\/\/rdi.org.pl\/english\/wp-json\/wp\/v2\/types\/post"}],"author":[{"embeddable":true,"href":"https:\/\/rdi.org.pl\/english\/wp-json\/wp\/v2\/users\/8"}],"replies":[{"embeddable":true,"href":"https:\/\/rdi.org.pl\/english\/wp-json\/wp\/v2\/comments?post=1723"}],"version-history":[{"count":2,"href":"https:\/\/rdi.org.pl\/english\/wp-json\/wp\/v2\/posts\/1723\/revisions"}],"predecessor-version":[{"id":472445,"href":"https:\/\/rdi.org.pl\/english\/wp-json\/wp\/v2\/posts\/1723\/revisions\/472445"}],"wp:featuredmedia":[{"embeddable":true,"href":"https:\/\/rdi.org.pl\/english\/wp-json\/wp\/v2\/media\/8365"}],"wp:attachment":[{"href":"https:\/\/rdi.org.pl\/english\/wp-json\/wp\/v2\/media?parent=1723"}],"wp:term":[{"taxonomy":"category","embeddable":true,"href":"https:\/\/rdi.org.pl\/english\/wp-json\/wp\/v2\/categories?post=1723"},{"taxonomy":"post_tag","embeddable":true,"href":"https:\/\/rdi.org.pl\/english\/wp-json\/wp\/v2\/tags?post=1723"}],"curies":[{"name":"wp","href":"https:\/\/api.w.org\/{rel}","templated":true}]}}