{"id":1727,"date":"2023-03-09T18:23:32","date_gmt":"2023-03-09T17:23:32","guid":{"rendered":"https:\/\/rdi.org.pl\/?p=1727"},"modified":"2023-07-04T09:32:23","modified_gmt":"2023-07-04T07:32:23","slug":"sprawa-przeciwko-newsweek-pl","status":"publish","type":"post","link":"https:\/\/rdi.org.pl\/english\/sprawa-przeciwko-newsweek-pl\/","title":{"rendered":"The case against Newsweek.pl"},"content":{"rendered":"<p>[et_pb_section fb_built=&#8221;1&#8243; _builder_version=&#8221;4.20.2&#8243; _module_preset=&#8221;default&#8221; da_disable_devices=&#8221;off|off|off&#8221; global_colors_info=&#8221;{}&#8221; theme_builder_area=&#8221;post_content&#8221; da_is_popup=&#8221;off&#8221; da_exit_intent=&#8221;off&#8221; da_has_close=&#8221;on&#8221; da_alt_close=&#8221;off&#8221; da_dark_close=&#8221;off&#8221; da_not_modal=&#8221;on&#8221; da_is_singular=&#8221;off&#8221; da_with_loader=&#8221;off&#8221; da_has_shadow=&#8221;on&#8221;][et_pb_row _builder_version=&#8221;4.20.2&#8243; _module_preset=&#8221;a0c75e5a-da98-40a4-b5a4-4d216ee67f79&#8243; width=&#8221;100%&#8221; max_width=&#8221;1400px&#8221; global_colors_info=&#8221;{}&#8221; theme_builder_area=&#8221;post_content&#8221;][et_pb_column type=&#8221;4_4&#8243; _builder_version=&#8221;4.20.2&#8243; _module_preset=&#8221;default&#8221; global_colors_info=&#8221;{}&#8221; theme_builder_area=&#8221;post_content&#8221;][et_pb_accordion open_toggle_text_color=&#8221;#212121&#8243; open_toggle_background_color=&#8221;#FFFFFF&#8221; closed_toggle_background_color=&#8221;#212121&#8243; toggle_icon=&#8221;&#x47;||divi||400&#8243; icon_color=&#8221;#FFFFFF&#8221; use_icon_font_size=&#8221;on&#8221; icon_font_size=&#8221;28px&#8221; _builder_version=&#8221;4.20.2&#8243; _module_preset=&#8221;default&#8221; toggle_text_color=&#8221;#FFFFFF&#8221; toggle_font=&#8221;|700|||||||&#8221; toggle_font_size=&#8221;18px&#8221; body_font=&#8221;|300|||||||&#8221; body_font_size=&#8221;16px&#8221; body_line_height=&#8221;1.4em&#8221; background_color=&#8221;RGBA(255,255,255,0)&#8221; width=&#8221;80%&#8221; module_alignment=&#8221;center&#8221; hover_enabled=&#8221;0&#8243; global_colors_info=&#8221;{}&#8221; theme_builder_area=&#8221;post_content&#8221; sticky_enabled=&#8221;0&#8243;][et_pb_accordion_item title=&#8221;The case against Newsweek.pl&#8221; open=&#8221;on&#8221; _builder_version=&#8221;4.20.2&#8243; _module_preset=&#8221;default&#8221; hover_enabled=&#8221;0&#8243; global_colors_info=&#8221;{}&#8221; theme_builder_area=&#8221;post_content&#8221; sticky_enabled=&#8221;0&#8243;]<\/p>\n<p style=\"text-align: justify;\">The case against Newsweek.pl<\/p>\n<p style=\"text-align: justify;\">In January 2017. Newesweek.pl wrote a text about 'Polish concentration camps&#8217;. We could not leave it at that. The president of RDI Maciej \u015awirski demanded a correction of this information. As the editor-in-chief refused, the case found its final outcome in court. The courts of all instances (including the Supreme Court) agreed with us, ordering the editor-in-chief to correct the untrue information.<\/p>\n<p>We will not allow the falsification of Polish history!<\/p>\n<p>[\/et_pb_accordion_item][et_pb_accordion_item title=&#8221;Reduta wygrywa z Newsweek.pl przed S\u0105dem Najwy\u017cszym!&#8221; _builder_version=&#8221;4.20.2&#8243; _module_preset=&#8221;default&#8221; global_colors_info=&#8221;{}&#8221; theme_builder_area=&#8221;post_content&#8221; open=&#8221;off&#8221;]<\/p>\n<header class=\"entry-header\">\n<div class=\"entry-meta\">\n<div class=\"blog-data-wrapper\">\n<div class=\"post-data-positioning\">\n<h6 class=\"post-data-text\"><span class=\"posted-on\" style=\"color: #0000ff;\">Napisano dnia\u00a0<a href=\"http:\/\/www.anti-defamation.org\/aktualnosci\/maciej-swirski-wygrywa-z-newsweek-pl-przed-sadem-najwyzszym\/\" rel=\"bookmark\" style=\"color: #0000ff;\"><time class=\"entry-date published\" datetime=\"2019-08-06T12:12:24+02:00\">6 sierpnia, 2019<\/time><\/a><\/span><span class=\"byline\"><\/span><\/h6>\n<\/div>\n<\/div>\n<\/div>\n<\/header>\n<div class=\"entry-content\">\n<p><strong>Fundacja Reduta Dobrego Imienia \u2013 w styczniu 2018 roku wygra\u0142a spraw\u0119 z redaktorem naczelnym Newsweek.pl. Na mocy tego wyroku s\u0105dowego redaktor naczelny mia\u0142 opublikowa\u0107 sprostowanie wskazuj\u0105ce, \u017ce nieprawdziwa jest informacja o tym, \u017ce w Polsce znajdowa\u0142y si\u0119 polskie obozy koncentracyjne utworzone przez Polak\u00f3w. Taka bowiem tre\u015b\u0107 znalaz\u0142a si\u0119 w artykule opublikowanym przez Newsweek.pl pt. \u201ePo wyzwoleniu nazistowskich oboz\u00f3w Polacy ponownie je otworzyli? \u00bbMa\u0142a zbrodnia\u00ab Marka \u0141uszczyny\u201d.<\/strong><\/p>\n<p>Strona pozwana pr\u00f3bowa\u0142a apelowa\u0107 od wyroku, jednak w maju 2018 roku S\u0105d Apelacyjny orzek\u0142, \u017ce redaktor naczelny Newsweek.pl ma obowi\u0105zek opublikowa\u0107 sprostowanie o takiej tre\u015bci. Pozwany jednak nie da\u0142 za wygran\u0105 i z\u0142o\u017cy\u0142 skarg\u0119 kasacyjn\u0105. W odpowiedzi Fundacja Reduta Dobrego Imienia \u2013 wskaza\u0142a, \u017ce skarga kasacyjna w tej sytuacji nie jest zasadna. S\u0105d Najwy\u017cszy podzieli\u0142 ten pogl\u0105d i odm\u00f3wi\u0142 przyj\u0119cia skargi kasacyjnej do rozpoznania.<\/p>\n<p>\u2013 W tej sprawie najistotniejsze jest to, \u017ce w ocenie wszystkich s\u0105d\u00f3w jestem osob\u0105 zainteresowan\u0105 i mog\u0119 wyst\u0119powa\u0107 o sprostowanie nieprawdziwych informacji w kontek\u015bcie prawdy historycznej. I o\u015bwiadczam: b\u0119d\u0119 dalej to czyni\u0107 \u2013 stwierdzi\u0142 Zesp\u00f3\u0142 Fundacji Reduta Dobrego Imienia, kt\u00f3ra wygra\u0142a proces.<\/p>\n<p>S\u0105dy wszystkich instancji uzna\u0142y bowiem, \u017ce mo\u017cna wytacza\u0107 procesy o sprostowanie nieprawdziwych informacji z uwagi na przynale\u017cno\u015b\u0107 do narodu polskiego, a w tym przypadku r\u00f3wnie\u017c z uwagi na dzia\u0142alno\u015b\u0107 Fundacji Reduta Dobrego Imienia \u2013 Polska Liga Przeciw Znies\u0142awieniom. S\u0105dy wskaza\u0142y, \u017ce Fundacja zajmuje si\u0119 obron\u0105 dobrego imienia Polski w kontek\u015bcie prawdy historycznej.<\/p>\n<p>\u00a0S\u0105d I instancji argumentowa\u0142 dodatkowo, \u017ce istniej\u0105 takie dobra osobiste jak to\u017csamo\u015b\u0107 narodowa oraz godno\u015b\u0107 narodowa, a nieprawdziwe informacje o tzw. \u201epolskich obozach koncentracyjnych\u201d naruszaj\u0105 te dobra. Z tak\u0105 argumentacj\u0105 zgodzi\u0142y si\u0119 wszystkie s\u0105dy \u2013 dodaje dr Monika Brzozowska-Pasieka, pe\u0142nomocnik Fundacji.<\/p>\n<p>***<\/p>\n<p>To kolejny w ostatnim czasie sukces Reduty Dobrego Imienia. W zesz\u0142ym tygodniu S\u0105d Apelacyjny w Krakowie prawomocnym wyrokiem nakaza\u0142 Ringier Axel Springer Polska przeproszenie Krystiana Brodackiego na g\u0142\u00f3wnej stronie Onet.pl oraz zas\u0105dzi\u0142 na rzecz powoda kwot\u0119 100 000 z\u0142otych tytu\u0142em zado\u015b\u0107uczynienia. Wyrok mia\u0142 zwi\u0105zek z publikacj\u0105 Onet.pl z marca 2016 roku, w kt\u00f3rej ilustracj\u0105 do tekstu o kolaboracji z Niemcami by\u0142o zdj\u0119cie kobiet prowadzonych przez Niemc\u00f3w na egzekucj\u0119 w Palmirach. Jedn\u0105 z takich kobiet by\u0142a matka Krystiana Brodackiego, Maria Brodacka. Reduta Dobrego Imienia wspiera\u0142a Krystiana Brodackiego organizacyjnie i prawnie.<\/p>\n<p>Z kolei dwa tygodnie temu S\u0105d Okr\u0119gowy w Warszawie nakaza\u0142 niemieckiej gazecie Frankfurter Rundschau przeproszenie Macieja \u015awirskiego,\u00a0 za publikacj\u0119 dotycz\u0105c\u0105 polskiej polityki historycznej, kt\u00f3rej celem, zdaniem niemieckiej gazety, jest \u201eprzedstawienie zag\u0142ady \u017byd\u00f3w jako czynu czysto niemieckiego\u201d. S\u0105d po raz pierwszy tak jednoznacznie uzna\u0142, \u017ce twierdzenia, \u017ce Zag\u0142ada nie by\u0142a czynem czysto niemieckim, jest de facto uderzeniem w nar\u00f3d polski i tym samym uderzeniem w ka\u017cdego Polaka.<\/p>\n<p>Do tej poty Reduta Dobrego Imienia wygra\u0142a ju\u017c osiem proces\u00f3w, z czego cztery wyroki s\u0105 prawomocne. Kolejnych pi\u0119\u0107 proces\u00f3w wci\u0105\u017c si\u0119 toczy.<\/p>\n<\/div>\n<p>[\/et_pb_accordion_item][\/et_pb_accordion][\/et_pb_column][\/et_pb_row][\/et_pb_section]<\/p>\n","protected":false},"excerpt":{"rendered":"<p>The case against Newsweek.pl In January 2017. Newesweek.pl wrote a text about 'Polish concentration camps&#8217;. We could not leave it at that. The president of RDI Maciej \u015awirski demanded a correction of this information. As the editor-in-chief refused, the case found its final outcome in court. The courts of all instances (including the Supreme Court) [&hellip;]<\/p>\n","protected":false},"author":8,"featured_media":8365,"comment_status":"open","ping_status":"open","sticky":false,"template":"","format":"standard","meta":{"_et_pb_use_builder":"on","_et_pb_old_content":"","_et_gb_content_width":"","sfsi_plus_gutenberg_text_before_share":"","sfsi_plus_gutenberg_show_text_before_share":"","sfsi_plus_gutenberg_icon_type":"","sfsi_plus_gutenberg_icon_alignemt":"","sfsi_plus_gutenburg_max_per_row":"","footnotes":""},"categories":[51],"tags":[],"class_list":["post-1727","post","type-post","status-publish","format-standard","has-post-thumbnail","hentry","category-wyroki-prawomocne"],"_links":{"self":[{"href":"https:\/\/rdi.org.pl\/english\/wp-json\/wp\/v2\/posts\/1727","targetHints":{"allow":["GET"]}}],"collection":[{"href":"https:\/\/rdi.org.pl\/english\/wp-json\/wp\/v2\/posts"}],"about":[{"href":"https:\/\/rdi.org.pl\/english\/wp-json\/wp\/v2\/types\/post"}],"author":[{"embeddable":true,"href":"https:\/\/rdi.org.pl\/english\/wp-json\/wp\/v2\/users\/8"}],"replies":[{"embeddable":true,"href":"https:\/\/rdi.org.pl\/english\/wp-json\/wp\/v2\/comments?post=1727"}],"version-history":[{"count":2,"href":"https:\/\/rdi.org.pl\/english\/wp-json\/wp\/v2\/posts\/1727\/revisions"}],"predecessor-version":[{"id":472444,"href":"https:\/\/rdi.org.pl\/english\/wp-json\/wp\/v2\/posts\/1727\/revisions\/472444"}],"wp:featuredmedia":[{"embeddable":true,"href":"https:\/\/rdi.org.pl\/english\/wp-json\/wp\/v2\/media\/8365"}],"wp:attachment":[{"href":"https:\/\/rdi.org.pl\/english\/wp-json\/wp\/v2\/media?parent=1727"}],"wp:term":[{"taxonomy":"category","embeddable":true,"href":"https:\/\/rdi.org.pl\/english\/wp-json\/wp\/v2\/categories?post=1727"},{"taxonomy":"post_tag","embeddable":true,"href":"https:\/\/rdi.org.pl\/english\/wp-json\/wp\/v2\/tags?post=1727"}],"curies":[{"name":"wp","href":"https:\/\/api.w.org\/{rel}","templated":true}]}}