{"id":1729,"date":"2023-03-19T18:24:11","date_gmt":"2023-03-19T17:24:11","guid":{"rendered":"https:\/\/rdi.org.pl\/?p=1729"},"modified":"2023-07-04T09:31:57","modified_gmt":"2023-07-04T07:31:57","slug":"sprawa-karna-zainicjowana-przez-natalie-nitek-plazynska-przeciwko-hansowi-g","status":"publish","type":"post","link":"https:\/\/rdi.org.pl\/english\/sprawa-karna-zainicjowana-przez-natalie-nitek-plazynska-przeciwko-hansowi-g\/","title":{"rendered":"Criminal case initiated by Natalia Nitek-P\u0142a\u017cy\u0144ska against Hans G."},"content":{"rendered":"<p>[et_pb_section fb_built=&#8221;1&#8243; _builder_version=&#8221;4.20.2&#8243; _module_preset=&#8221;default&#8221; da_disable_devices=&#8221;off|off|off&#8221; global_colors_info=&#8221;{}&#8221; theme_builder_area=&#8221;post_content&#8221; da_is_popup=&#8221;off&#8221; da_exit_intent=&#8221;off&#8221; da_has_close=&#8221;on&#8221; da_alt_close=&#8221;off&#8221; da_dark_close=&#8221;off&#8221; da_not_modal=&#8221;on&#8221; da_is_singular=&#8221;off&#8221; da_with_loader=&#8221;off&#8221; da_has_shadow=&#8221;on&#8221;][et_pb_row _builder_version=&#8221;4.20.2&#8243; _module_preset=&#8221;a0c75e5a-da98-40a4-b5a4-4d216ee67f79&#8243; width=&#8221;100%&#8221; max_width=&#8221;1400px&#8221; global_colors_info=&#8221;{}&#8221; theme_builder_area=&#8221;post_content&#8221;][et_pb_column type=&#8221;4_4&#8243; _builder_version=&#8221;4.20.2&#8243; _module_preset=&#8221;default&#8221; global_colors_info=&#8221;{}&#8221; theme_builder_area=&#8221;post_content&#8221;][et_pb_accordion open_toggle_text_color=&#8221;#212121&#8243; open_toggle_background_color=&#8221;#FFFFFF&#8221; closed_toggle_background_color=&#8221;#212121&#8243; toggle_icon=&#8221;&#x47;||divi||400&#8243; icon_color=&#8221;#FFFFFF&#8221; use_icon_font_size=&#8221;on&#8221; icon_font_size=&#8221;28px&#8221; _builder_version=&#8221;4.20.2&#8243; _module_preset=&#8221;default&#8221; toggle_text_color=&#8221;#FFFFFF&#8221; toggle_font=&#8221;|700|||||||&#8221; toggle_font_size=&#8221;18px&#8221; body_font=&#8221;|300|||||||&#8221; body_font_size=&#8221;16px&#8221; body_line_height=&#8221;1.4em&#8221; background_color=&#8221;RGBA(255,255,255,0)&#8221; width=&#8221;80%&#8221; module_alignment=&#8221;center&#8221; hover_enabled=&#8221;0&#8243; global_colors_info=&#8221;{}&#8221; theme_builder_area=&#8221;post_content&#8221; sticky_enabled=&#8221;0&#8243;][et_pb_accordion_item title=&#8221;Criminal case initiated by Natalia Nitek-P\u0142a\u017cy\u0144ska against Hans G.&#8221; _builder_version=&#8221;4.20.2&#8243; _module_preset=&#8221;default&#8221; hover_enabled=&#8221;0&#8243; global_colors_info=&#8221;{}&#8221; theme_builder_area=&#8221;post_content&#8221; open=&#8221;on&#8221; sticky_enabled=&#8221;0&#8243;]<\/p>\n<header class=\"entry-header\">\n<div class=\"entry-meta\">\n<div class=\"blog-data-wrapper\">\n<div class=\"post-data-positioning\">\n<h6 class=\"post-data-text\"><span class=\"posted-on\" style=\"color: #0000ff;\">Posted on May <a href=\"http:\/\/www.anti-defamation.org\/aktualnosci\/nowa-sprawa-karna-hansa-g-ktory-wedlug-oskarzyciela-grozil-smiercia-pani-natalii-nitek-plazynskiej\/\" rel=\"bookmark\" style=\"color: #0000ff;\"><time class=\"entry-date published\" datetime=\"2022-05-10T10:34:08+02:00\">10, 2022<\/time><\/a><\/span><span class=\"byline\"><\/span><\/h6>\n<\/div>\n<\/div>\n<\/div>\n<\/header>\n<div class=\"entry-content\">\n<p style=\"text-align: justify;\">On 13.05.2022, a verdict is to be announced in the Regional Court in Gdansk in the new criminal case of Hans G. &#8211; a German businessman who, according to the prosecution, threatened Mrs Natalia Nitek &#8211; P\u0142a\u017cy\u0144ska with death.<\/p>\n<p>Przypomnijmy:<\/p>\n<p><strong>Od lutego 2021 r. przed S\u0105dem Okr\u0119gowym w Gda\u0144sku toczy si\u0119 nowy proces karny przeciwko Hansowi G. Na pierwszej rozprawie odczytano akt oskar\u017cenia przygotowany przez Prokuratur\u0119 Okr\u0119gow\u0105 w Gda\u0144sku, w akcie oskar\u017cenia wskazano m.in. przest\u0119pstwo z art. 190 \u00a7 1 k.k. stanowi\u0105ce, \u017ce Hans G. co najmniej raz grozi\u0142 pope\u0142nieniem przest\u0119pstwa przeciwko \u017cyciu Pani Natalii Nitek \u2013 P\u0142a\u017cy\u0144skiej.<\/strong><\/p>\n<p>W marcu 2021 r. odby\u0142a si\u0119 rozprawa w nowej sprawie karnej przeciwko Hansowi G., podczas kt\u00f3rej odczytywano obszerne zeznania z\u0142o\u017cone przez pokrzywdzon\u0105 Pani\u0105 Natali\u0119 Nitek \u2013 P\u0142a\u017cy\u0144sk\u0105 w post\u0119powaniu przygotowawczym oraz dw\u00f3ch innych post\u0119powaniach, kt\u00f3re toczy\u0142y si\u0119 przeciwko jej by\u0142emu pracodawcy \u2013 Hansowi G. Odczytane zeznania sk\u0142adane by\u0142y kr\u00f3tko po zdarzeniu. Mecenas Tomasz Z\u0142och, kt\u00f3ry z ramienia Reduty reprezentuje Natali\u0119 Nitek P\u0142a\u017cy\u0144sk\u0105 w tym procesie, wskaza\u0142, \u017ce zeznanie te stanowi\u0142y cenne uzupe\u0142nienie zezna\u0144 z\u0142o\u017conych przez pokrzywdzon\u0105 w trakcie trwania obecnego procesu. Podczas trwania procesu zeznania sk\u0142adali r\u00f3wnie\u017c inni \u015bwiadkowie, kt\u00f3rzy byli m.in. bezpo\u015brednimi \u015bwiadkami wydarze\u0144 dziej\u0105cych si\u0119 w firmie oskar\u017conego.<\/p>\n<p><strong>Reduta Dobrego Imienia monitoruje spraw\u0119 od samego pocz\u0105tku, wspieraj\u0105c zar\u00f3wno finansowo, jak i prawnie Pani\u0105 Natali\u0119 Nitek \u2013 P\u0142a\u017cy\u0144sk\u0105 w jej walce o dobre imi\u0119 Polak\u00f3w i Polski. Aby dalej to czyni\u0107, potrzebujemy Pa\u0144stwa wsparcia.<\/strong><\/p>\n<p>O post\u0119pach w tej sprawie b\u0119dziemy Pa\u0144stwa informowa\u0107 na bie\u017c\u0105co.<\/p>\n<p>W tym miejscu warto przypomnie\u0107, \u017ce wobec Hansa G. w polskich s\u0105dach toczy\u0142y si\u0119 dwa odr\u0119bne post\u0119powania:<\/p>\n<ul>\n<li>SPRAWA KARNA:<\/li>\n<\/ul>\n<p>W pierwszej sprawie karnej S\u0105d Rejonowy w Wejherowie (w grudniu 2019 r.) uzna\u0142 Hansa G. winnym zniewa\u017cenia i gro\u017cenia \u015bmierci\u0105 Pani Natalii Nitek \u2013 P\u0142a\u017cy\u0144skiej. S\u0105d skaza\u0142 Hansa G. na 8 miesi\u0119cy pozbawienia wolno\u015bci w zawieszeniu na 2 lata. Dodatkowo Hans G. zosta\u0142 skazany na grzywn\u0119 20 tys. z\u0142otych, a tak\u017ce nawi\u0105zk\u0119 na rzecz pokrzywdzonych w kwocie oko\u0142o 10 tys. z\u0142otych. Ponadto mia\u0142 zwr\u00f3ci\u0107 koszty procesu. S\u0105d Okr\u0119gowy w Gda\u0144sku zmieni\u0142 wyrok (uniewinni\u0142 Hansa G. od jednego z zarzut\u00f3w) podtrzymuj\u0105c skazanie w zakresie zniewa\u017cenia.<\/p>\n<ul>\n<li>SPRAWA CYWILNA Z POW\u00d3DZTWA NATALII NITEK \u2013 P\u0141A\u017bY\u0143SKIEJ<\/li>\n<\/ul>\n<p>W 2016 roku Pani Natalia Nitek \u2013 P\u0142a\u017cy\u0144ska z\u0142o\u017cy\u0142a do s\u0105du pozew przeciwko swojemu by\u0142emu pracodawcy Hansowi G.<\/p>\n<p>Warto pami\u0119ta\u0107, \u017ce Hans G. to Niemiec, pracodawca w firmie POS System na Pomorzu, kt\u00f3ry prowadz\u0105c biznes w Polsce, u\u017cywa\u0142 wobec polskich pracownik\u00f3w s\u0142\u00f3w godz\u0105cych w ich dobra osobiste i narodowe. Niemiecki przedsi\u0119biorca obra\u017ca\u0142 Pani\u0105 Natali\u0119 Nitek \u2013 P\u0142a\u017cy\u0144sk\u0105 ze wzgl\u0119du na jej narodowo\u015b\u0107. Siebie samego nazywa\u0142 hitlerowcem, i m\u00f3wi\u0142 \u017ce zabi\u0142by wszystkich Polak\u00f3w. Grozi\u0142 tak\u017ce swojej pracownicy \u015bmierci\u0105, powo\u0142uj\u0105c si\u0119 na wy\u017cszo\u015b\u0107 Niemc\u00f3w nad Polakami.<\/p>\n<p>Po kilkuletnim procesie, w lutym 2019 r. S\u0105d Okr\u0119gowy w Gda\u0144sku zobowi\u0105za\u0142 Hansa G. do przeproszenia Pani Natalii Nitek \u2013 P\u0142a\u017cy\u0144skiej w mediach og\u00f3lnopolskich oraz do zap\u0142aty 50 tys. z\u0142 tytu\u0142em zado\u015b\u0107uczynienia na rzecz Muzeum Pia\u015bnickiego w Wejherowie.<\/p>\n<p>Sprawa cywilna zosta\u0142a rozpoznana przez S\u0105d Apelacyjny w Gda\u0144sku, zgodnie z wyrokiem Pani Natalia Nitek \u2013 P\u0142a\u017cy\u0144ska ma przeprosi\u0107 Niemca Hansa G. za to, \u017ce nagrywa\u0142a jego wypowiedzi. Przeproszenie ma by\u0107 publiczne na dw\u00f3ch kontach w mediach spo\u0142eczno\u015bciowych, przez ca\u0142y miesi\u0105c, dodatkowo Pani Natalia Nitek \u2013 P\u0142a\u017cy\u0144ska ma zap\u0142aci\u0107 10.000 z\u0142 na WO\u015aP oraz pokry\u0107 koszty s\u0105dowe. Natomiast Hans G. zosta\u0142 zobowi\u0105zany do przes\u0142ania tylko listownych przeprosin do Pani Natalii Nitek \u2013 P\u0142a\u017cy\u0144skiej, ale nie musia\u0142 przeprasza\u0107 publicznie.<\/p>\n<p>W odniesieniu do wyroku s\u0105du apelacyjnego w grudniu 2020 r. do S\u0105du Najwy\u017cszego zosta\u0142a wniesiona kasacja w sprawie cywilnej. Kasacj\u0119 z\u0142o\u017cy\u0142a zar\u00f3wno p. Natalia Nitek P\u0142a\u017cy\u0144ska \u2013 reprezentowana przez prawnik\u00f3w Reduty, jak i r\u00f3wnie\u017c sama Reduta, kt\u00f3re w tej sprawie by\u0142a interwenientem ubocznym. Obecnie czekamy na wyznaczenie przez S\u0105d Najwy\u017cszym terminu rozprawy.<\/p>\n<\/div>\n<p>[\/et_pb_accordion_item][et_pb_accordion_item title=&#8221;Kolejne batalie s\u0105dowe. NOWA SPRAWA KARNA HANSA G. ORAZ J. GRABOWSKI PRZECIWKO RDI (ROZPRAWA ODWO\u0141ANA!)&#8221; _builder_version=&#8221;4.20.2&#8243; _module_preset=&#8221;default&#8221; global_colors_info=&#8221;{}&#8221; theme_builder_area=&#8221;post_content&#8221; open=&#8221;off&#8221;]<\/p>\n<p><strong>Szanowni Pa\u0144stwo,<\/strong><\/p>\n<p>Spiesz\u0119 poinformowa\u0107 o kolejnych potyczkach przed s\u0105dem, w kt\u00f3rych Reduta Dobrego Imienia bierze udzia\u0142. Dzi\u015b tj. 12.02. br. odby\u0142a si\u0119 rozprawa w nowej sprawie karnej przeciwko Hansowi G., podczas kt\u00f3rej obszerne zeznania z\u0142o\u017cy\u0142a Natalia Nitek \u2013 P\u0142a\u017cy\u0144ska. Trwa\u0142o to kilka godzin, dlatego te\u017c nie zd\u0105\u017cono odczyta\u0107 protoko\u0142\u00f3w z zezna\u0144. Kolejny termin rozprawy wyznaczono na 02.03. br. i wtedy Natalia Nitek-P\u0142a\u017cy\u0144ska b\u0119dzie si\u0119 odnosi\u0107 do zezna\u0144 z\u0142o\u017conych w toku post\u0119powania przygotowawczego w prokuraturze. \u201eW mojej ocenie zeznania potwierdzi\u0142y zasadno\u015b\u0107 oskar\u017cenia\u201d \u2013 stwierdzi\u0142 mecenas Tomasz Z\u0142och pe\u0142nomocnik Natalii \u2013 Nitek P\u0142a\u017cy\u0144skiej.<\/p>\n<p>O dalszych post\u0119pach w tej sprawie b\u0119dziemy informowa\u0107.<\/p>\n<p>Przypomnijmy:<\/p>\n<p>W dniu 02.02.2021 r. przed S\u0105dem Okr\u0119gowym w Gda\u0144sku odby\u0142a si\u0119 pierwsza rozprawa \u2013 odczytanie aktu oskar\u017cenia w nowym procesie karnym przeciwko Hansowi G., kt\u00f3ry zniewa\u017ca\u0142 oraz grozi\u0142 \u015bmierci\u0105 swojej by\u0142ej pracownicy \u2013 Natalii Nitek \u2013 P\u0142a\u017cy\u0144skiej.<br \/>Jak informowali\u015bmy Prokuratura Okr\u0119gowa w Gda\u0144sku wystosowa\u0142a akt oskar\u017cenia wskazuj\u0105c m.in. przest\u0119pstwo z art. 190 \u00a7 1 k.k. stanowi\u0105ce, \u017ce Hans G. co najmniej raz grozi\u0142 pope\u0142nieniem przest\u0119pstwa przeciwko \u017cyciu Natalii Nitek \u2013 P\u0142a\u017cy\u0144skiej.<\/p>\n<p><strong>Wobec Hansa G. w Polskich s\u0105dach toczy\u0142y si\u0119 dwa odr\u0119bne post\u0119powania:<\/strong><\/p>\n<p>\u2022 Sprawa karna:<\/p>\n<p>W pierwszej sprawie karnej S\u0105d Rejonowy w Wejherowie (w grudniu 2019 r.) uzna\u0142 Hansa G. winnym zniewa\u017cenia i gro\u017cenia \u015bmierci\u0105 Natalii Nitek-P\u0142a\u017cy\u0144skiej. S\u0105d skaza\u0142 Hansa G. na 8 miesi\u0119cy pozbawienia wolno\u015bci w zawieszeniu na 2 lata. Dodatkowo Hans G. zosta\u0142 skazany na grzywn\u0119 20 tys. z\u0142otych, a tak\u017ce nawi\u0105zk\u0119 na rzecz pokrzywdzonych w kwocie oko\u0142o 10 tys. z\u0142otych. Ponadto mia\u0142 zwr\u00f3ci\u0107 koszty procesu. S\u0105d Okr\u0119gowy w Gda\u0144sku zmieni\u0142 wyrok (uniewinni\u0142 Hansa G. od jednego z zarzut\u00f3w) podtrzymuj\u0105c skazanie w zakresie zniewa\u017cenia.<\/p>\n<p>Wi\u0119cej informacji o sprawie karnej przeczytacie Pa\u0144stwo na naszej stronie:<span>\u00a0<\/span><a href=\"http:\/\/www.anti-defamation.org\/aktualnosci\/wielkie-zwyciestwo-reduty-hans-g-uznany-przez-sad-winnym-zniewazenia-i-grozenia-smiercia\/\">http:\/\/www.anti-defamation.org\/aktualnosci\/wielkie-zwyciestwo-reduty-hans-g-uznany-przez-sad-winnym-zniewazenia-i-grozenia-smiercia\/<\/a><\/p>\n<p>\u2022 Sprawa cywilna z pow\u00f3dztwa Natalii Nitek \u2013 P\u0142a\u017cy\u0144skiej<\/p>\n<p>W 2017 roku Natalia Nitek \u2013 P\u0142a\u017cy\u0144ska z\u0142o\u017cy\u0142a do s\u0105du pozew przeciwko swojemu by\u0142emu pracodawcy Hansowi G.<\/p>\n<p>Warto pami\u0119ta\u0107, \u017ce Hans G. to Niemiec, pracodawca w firmie POS System na Pomorzu, kt\u00f3ry prowadz\u0105c biznes w Polsce, u\u017cywa\u0142 wobec polskich pracownik\u00f3w s\u0142\u00f3w godz\u0105cych w ich dobra osobiste i narodowe. Niemiecki przedsi\u0119biorca obra\u017ca\u0142 p. Natali\u0119 Nitek-P\u0142a\u017cy\u0144sk\u0105 ze wzgl\u0119du na jej narodowo\u015b\u0107. Siebie samego nazywa\u0142 hitlerowcem, s\u0142ownie wygra\u017ca\u0142, \u017ce zabi\u0142by wszystkich Polak\u00f3w. Grozi\u0142 tak\u017ce swojej pracownicy \u015bmierci\u0105, powo\u0142uj\u0105c si\u0119 na wy\u017cszo\u015b\u0107 Niemc\u00f3w nad Polakami.<\/p>\n<p>Po kilkuletnim procesie, w lutym 2019 r. S\u0105d Okr\u0119gowy w Gda\u0144sku zobowi\u0105za\u0142 Hansa G. do przeproszenia Natalii Nitek-P\u0142a\u017cy\u0144skiej w mediach og\u00f3lnopolskich oraz do zap\u0142aty 50 tys. z\u0142 tytu\u0142em zado\u015b\u0107uczynienia na rzecz Muzeum Pia\u015bnickiego w Wejherowie.<\/p>\n<p>Sprawa cywilna zosta\u0142a rozpoznana przez S\u0105d Apelacyjny w Gda\u0144sku, zgodnie z wyrokiem Natalia Nitek-P\u0142a\u017cy\u0144ska ma przeprosi\u0107 Niemca Hansa G. za to, \u017ce nagrywa\u0142a jego wypowiedzi. Przeproszenie ma by\u0107 publiczne na dw\u00f3ch kontach w mediach spo\u0142eczno\u015bciowych, przez ca\u0142y miesi\u0105c, dodatkowo Natalia Nitek-P\u0142a\u017cy\u0144ska ma zap\u0142aci\u0107 10.000 z\u0142 na WO\u015aP oraz pokry\u0107 koszty s\u0105dowe. Natomiast Niemiec zosta\u0142 zobowi\u0105zany do przes\u0142ania tylko listownych przeprosin do Natalii Nitek-P\u0142a\u017cy\u0144skiej, ale nie musia\u0142 przeprasza\u0107 publicznie.<\/p>\n<p><strong>Reduta Dobrego imienia, jako strona w sprawie wnios\u0142a do S\u0105du Najwy\u017cszego spraw\u0119 kasacyjn\u0105. 23.12.2020 r. Reduta otrzyma\u0142a informacj\u0119, \u017ce Prokuratura Krajowa przyst\u0105pi\u0142a do kasacji w sprawie Pani Natalii Nitek-P\u0142a\u017cy\u0144skiej. Obecnie czekamy na wyznaczenie przez S\u0105d Najwy\u017cszy pierwszego terminu rozprawy kasacyjnej.<\/strong><\/p>\n<p>Wi\u0119cej informacji pod linkiem:<span>\u00a0<\/span><a href=\"http:\/\/www.anti-defamation.org\/aktualnosci\/kasacja-w-toku-ciag-dalszy-sprawy-pani-natalii-nitek-plazynskiej\/\">http:\/\/www.anti-defamation.org\/aktualnosci\/kasacja-w-toku-ciag-dalszy-sprawy-pani-natalii-nitek-plazynskiej\/<\/a><\/p>\n<p><strong>Godne zapami\u0119tania jest, \u017ce Reduta\u202fDobrego Imienia\u202fod pocz\u0105tku pomaga\u0142a \u2013 zar\u00f3wno finansowo, jak i prawnie Natalii Nitek- P\u0142a\u017cy\u0144skiej w jej walce o dobre imi\u0119 Polak\u00f3w i Polski. To wielka zas\u0142uga Pa\u0144stwa, kt\u00f3rzy od pocz\u0105tku wspieracie nas dobrym s\u0142owem (dzi\u0119kujemy serdecznie za maile i telefony!) i datkami finansowymi. Przypomn\u0119, \u017ce jeste\u015bmy fundacj\u0105, kt\u00f3ra utrzymuje si\u0119 wy\u0142\u0105cznie z darowizn naszych Przyjaci\u00f3\u0142 i Sympatyk\u00f3w za co jeste\u015bmy nieustaj\u0105co wdzi\u0119czni. Dzi\u0119kujemy bardzo serdecznie!<\/strong><\/p>\n<p>Reduta nie poddaje si\u0119! Walczy dalej, kolejny raz wspieraj\u0105c Polk\u0119 w jej nier\u00f3wnej walce z by\u0142ym niemieckim pracodawc\u0105!<\/p>\n<p><strong>ROZPRAWA ODWO\u0141ANA: GRABOWSKI PRZECIWKO RDI<\/strong><\/p>\n<p>Dzi\u015b mia\u0142a si\u0119 odby\u0107 pierwsza rozprawa w bezprecedensowej sprawie, kt\u00f3r\u0105 Reducie Dobrego Imienia wytoczy\u0142 przedstawiciel tzw. Nowej Polskiej Szko\u0142y Badania Holokaustu Jan Grabowski.<br \/>Niestety z powodu choroby s\u0119dziego rozprawa si\u0119 nie odb\u0119dzie, a o nowym terminie rozpocz\u0119cia procesu oraz w post\u0119pach w sprawie b\u0119dziemy Pa\u0144stwa na bie\u017c\u0105co informowa\u0107.<\/p>\n<p>Prosz\u0119 pozwoli\u0107, \u017ce przypomn\u0119 dotychczasowe fakty. Ot\u00f3\u017c p\u00f3\u0142tora roku po wydaniu w 2017 r. przez RDI stanowiska kwestionuj\u0105cego rzetelno\u015b\u0107 metodologii prac naukowych Jana Grabowskiego, ten pracuj\u0105cy na stanowisku profesora na Uniwersytecie Ottawy w Kanadzie historyk z\u0142o\u017cy\u0142 pozew. RDI przes\u0142a\u0142a do s\u0105du obszern\u0105 odpowied\u017a, w kt\u00f3rej m.in. podnosi wybi\u00f3rcze traktowanie badanych i przywo\u0142ywanych przez Grabowskiego \u017ar\u00f3de\u0142. Ten historyk to tak\u017ce autor tezy, \u017ce \u201ePolacy przyczynili si\u0119 do \u015bmierci 200 000 \u017byd\u00f3w\u201d.<\/p>\n<p>Zdaniem RDI Grabowski wchodz\u0105c na drog\u0119 s\u0105dow\u0105 chcia\u0142 powstrzyma\u0107 zagwarantowane konstytucyjnie prawo krytyki. Warto zapami\u0119ta\u0107, \u017ce ww. sprawa zosta\u0142a wytoczona w lutym 2019 r. i jest chronologicznie pierwsza, przed spraw\u0105 Filomeny Leszczy\u0144skiej, kt\u00f3ra wynikn\u0119\u0142a dopiero w marcu 2019 r.<\/p>\n<p>Wi\u0119cej informacji znajdziecie Pa\u0144stwo na naszej stronie:<span>\u00a0<\/span><a href=\"http:\/\/www.anti-defamation.org\/aktualnosci\/historyk-grabowski-kontra-reduta-dobrego-imienia-pierwsze-starcie-juz-12-lutego-w-sadzie-okregowym-w-warszawie\/\">http:\/\/www.anti-defamation.org\/aktualnosci\/historyk-grabowski-kontra-reduta-dobrego-imienia-pierwsze-starcie-juz-12-lutego-w-sadzie-okregowym-w-warszawie\/.<\/a><\/p>\n<p>Osobi\u015bcie bardzo \u017ca\u0142uj\u0119, \u017ce ta wa\u017cna sprawa wci\u0105\u017c nie mo\u017ce si\u0119 rozpocz\u0105\u0107. Wtedy mieliby\u015bmy okazj\u0119 przedstawi\u0107 szerokiej opinii zebrany przez RDI materia\u0142 m.in. opinie i ekspertyzy wybitnych historyk\u00f3w zajmuj\u0105cych si\u0119 badaniami nad II wojn\u0105 \u015bwiatow\u0105 i Holokaustem dotycz\u0105ce dorobku Jana Grabowskiego. Pragn\u0119 tak\u017ce zaprosi\u0107 Pa\u0144stwa do lektury ciesz\u0105cych si\u0119 wielk\u0105 poczytno\u015bci\u0105 \u201eRaport\u00f3w i Analiz RDI\u201d np. do wydania po\u015bwi\u0119conego fake newsom w czasie pandemii. To wa\u017cne \u015bwiadectwo. W najbli\u017cszym czasie planujemy publikacje kolejnych wyda\u0144 monograficznych.<\/p>\n<p><strong>Szanowni Pa\u0144stwo, Przyjaciele i Sympatycy Reduty Dobrego Imienia!<\/strong><\/p>\n<p>Istniejemy wy\u0142\u0105cznie dzi\u0119ki Pa\u0144stwa wsparciu i datkom finansowym. Bardzo serdecznie za to dzi\u0119kuj\u0119 i uprzejmie przypominam i informuj\u0119, \u017ce rozpocz\u0119li\u015bmy akcj\u0119: \u201ePani Filomena walczy o prawd\u0119 i dobre imi\u0119 swojej rodziny\u201d. Serdecznie prosz\u0119 o w\u0142\u0105czenie si\u0119 w ni\u0105 i o popularyzowanie tej formy regularnego wspierania naszych przedsi\u0119wzi\u0119\u0107, tak\u017ce w\u015br\u00f3d Pa\u0144stwa przyjaci\u00f3\u0142, krewnych i znajomych.<\/p>\n<p>Z wyrazami szacunku<br \/>Maciej \u015awirski<\/p>\n<p><strong>PANI FILOMENA WALCZY O PRAWD\u0118 I DOBRE IMI\u0118 SWOJEJ RODZINY.<\/strong><\/p>\n<p>Chcesz pom\u00f3c Babci Filomenie i innym? Wspieraj regularnie Redut\u0119 Dobrego Imienia.<br \/>Wspiera nas ju\u017c 1023 osoby. Aby dzia\u0142a\u0107 na pe\u0142na skal\u0119 musi by\u0107 nas co najmniej 4 000.<\/p>\n<p><span><strong>Darowizny mog\u0105 Pa\u0144stwo przekaza\u0107 poprzez wp\u0142at\u0119 na poni\u017cszy numer konta:<\/strong><\/span><\/p>\n<p><strong>Nr konta: <span>29 1020 1042 0000 8202 0481 3491<\/span><\/strong><\/p>\n<p><span><strong>B\u0105d\u017a po klikni\u0119ciu w poni\u017cszy link:<\/strong><\/span><\/p>\n<p><a href=\"https:\/\/rdiplad.org\/darowizna\">https:\/\/rdi.org.pl\/zostan-darczynca<\/a><\/p>\n<p><strong>Prosimy o wp\u0142aty z tytu\u0142em \u201e<span>Darowizna na cele statutowe<\/span>\u201d<\/strong><\/p>\n<p>[\/et_pb_accordion_item][et_pb_accordion_item title=&#8221;Rusza nowy proces karny Hansa G. w sprawie Pani Natalii Nitek- P\u0142a\u017cy\u0144skiej.&#8221; _builder_version=&#8221;4.20.2&#8243; _module_preset=&#8221;default&#8221; global_colors_info=&#8221;{}&#8221; theme_builder_area=&#8221;post_content&#8221; open=&#8221;off&#8221;]<\/p>\n<header class=\"entry-header\">\n<div class=\"entry-meta\">\n<div class=\"blog-data-wrapper\">\n<div class=\"post-data-positioning\">\n<h6 class=\"post-data-text\"><span class=\"posted-on\" style=\"color: #0000ff;\">Napisano dnia\u00a0<a href=\"http:\/\/www.anti-defamation.org\/aktualnosci\/rusza-nowy-proces-karny-hansa-g-w-sprawie-pani-natalii-nitek-plazynskiej\/\" rel=\"bookmark\" style=\"color: #0000ff;\"><time class=\"entry-date published\" datetime=\"2021-02-01T15:34:47+01:00\">1 lutego, 2021<\/time><\/a><\/span><span class=\"byline\"><\/span><\/h6>\n<\/div>\n<\/div>\n<\/div>\n<\/header>\n<div class=\"entry-content\">\n<p><strong>W dniu 02.02.2021r. przed S\u0105dem Okr\u0119gowym w Gda\u0144sku odb\u0119dzie si\u0119 pierwsza rozprawa \u2013 odczytanie aktu oskar\u017cenia w nowym procesie karnym przeciwko Hansowi G., kt\u00f3ry zniewa\u017ca\u0142 oraz grozi\u0142 \u015bmierci\u0105 swojej by\u0142ej pracownicy \u2013 Natalii Nitek \u2013 P\u0142a\u017cy\u0144skiej.<\/strong><\/p>\n<p>Prokuratura Okr\u0119gowa w Gda\u0144sku wystosowa\u0142a akt oskar\u017cenia wskazuj\u0105c min. przest\u0119pstwo z art. 190 \u00a7 1 k.k. stanowi\u0105ce, \u017ce Hans G. co najmniej raz grozi\u0142 pope\u0142nieniem przest\u0119pstwa przeciwko \u017cyciu\u00a0Natalii Nitek \u2013 P\u0142a\u017cy\u0144skiej.<\/p>\n<p>Przypomnijmy:<\/p>\n<p>W pierwszej sprawie karnej: S\u0105d Rejonowy w Wejherowie uzna\u0142 Hansa G. winnym zniewa\u017cenia i gro\u017cenia \u015bmierci\u0105 Natalii Nitek-P\u0142a\u017cy\u0144skiej! S\u0105d skaza\u0142 Hansa G. na 8 miesi\u0119cy pozbawienia wolno\u015bci w zawieszeniu na 2 lata! Dodatkowo Hans G. zosta\u0142 skazany na grzywn\u0119 20 tys. z\u0142otych, a tak\u017ce nawi\u0105zk\u0119 na rzecz pokrzywdzonych w kwocie oko\u0142o 10 tys. z\u0142otych. Ponadto ma zwr\u00f3ci\u0107 koszty procesu w przybli\u017conej kwocie 50 tys. z\u0142otych.<\/p>\n<p>S\u0105d okr\u0119gowy w Gda\u0144sku zmieni\u0142 wyrok (uniewinni\u0142 Hansa G. od jednego z zarzut\u00f3w) podtrzymuj\u0105c skazanie w zakresie zniewa\u017cenia.<\/p>\n<p>Warto podkre\u015bli\u0107, \u017ce wobec Hansa G. toczy si\u0119 sprawa cywilna z pow\u00f3dztwa Natalii Nitek -P\u0142a\u017cy\u0144skiej. Aktualnie czekamy na wyznaczenie przez S\u0105d Najwy\u017cszy terminu pierwszej rozprawy ze skargi kasacyjnej wniesionej przez Redut\u0119 Dobrego Imienia, jako strony w procesie cywilnym. O sprawie informowali\u015bmy w listopadzie 2020r.<\/p>\n<p>Wi\u0119cej informacji pod linkiem:<span>\u00a0<\/span><span><a href=\"http:\/\/www.anti-defamation.org\/aktualnosci\/kasacja-w-toku-ciag-dalszy-sprawy-pani-natalii-nitek-plazynskiej\/\">http:\/\/www.anti-defamation.org\/aktualnosci\/kasacja-w-toku-ciag-dalszy-sprawy-pani-natalii-nitek-plazynskiej\/<\/a><\/span><\/p>\n<p>Hans G. to niemiecki przedsi\u0119biorca i\u00a0 w\u0142a\u015bciciel firmy Pos System, kt\u00f3ry uporczywie poni\u017ca\u0142 oraz obra\u017ca\u0142 swoich polskich pracownik\u00f3w.<\/p>\n<p>Z zezna\u0144 \u00a0Natalii Nitek \u2013 P\u0142a\u017cy\u0144skiej wiemy, \u017ce: Hans G. wykonywa\u0142 gesty r\u0119k\u0105 udaj\u0105ce posiadanie broni. Przechodz\u0105c ko\u0142o niej na korytarzu uderza\u0142 w \u015bcian\u0119 obok jej g\u0142owy. M\u00f3wi\u0142, \u017ce jest hitlerowcem, aktorsko na\u015bladowa\u0142 Hitlera. Wy\u015bmiewa\u0142 si\u0119 z \u017byd\u00f3w w kontek\u015bcie Holokaustu, ale grozi\u0142 zabiciem tylko Polakom. Dodatkowo by\u0142 agresywny, potrafi\u0142 reagowa\u0107 impulsywnie.<\/p>\n<p>Zniewa\u017ca\u0142 polski nar\u00f3d obra\u017aliwymi s\u0142owami typu: \u201cPolacy s\u0105 idiotami\u201d, \u201cjeste\u015bcie idiotami\u201d, \u201cpracujcie wy niewolnicy\u201d, \u201cpieprzone polaczki\u201d. Bezpo\u015brednio grozi\u0142 \u015bmierci\u0105 Polskiej pracownicy \u2013 Natalii Nitek \u2013 P\u0142a\u017cy\u0144skiej.<\/p>\n<p>W akcie oskar\u017cenia wskazany zosta\u0142 min. cytat z nagranej przez Natali\u0119 Nitek \u2013 P\u0142a\u017cy\u0144sk\u0105 wypowiedzi niemieckiego przedsi\u0119biorcy:<span>\u00a0<\/span><em>\u201eChc\u0119! Zabi\u0142bym wszystkich Polak\u00f3w, nie mia\u0142by z tym problemu\u201d, \u201eNienawidz\u0119 Polak\u00f3w, naprawd\u0119 nienawidz\u0119\u201d, \u201e Tak jestem, jestem Hitlerowcem\u201d.<\/em><\/p>\n<p>Reduta\u202fDobrego Imienia\u202fod pocz\u0105tku pomaga\u0142a \u2013 zar\u00f3wno finansowo, jak i prawnie Natalii Nitek w jej walce o dobre imi\u0119 Polak\u00f3w i Polski.<\/p>\n<p><strong>Reduta nie poddaje si\u0119! Walczy dalej, kolejny raz wspieraj\u0105c Polk\u0119 w jej nier\u00f3wnej walce z by\u0142ym niemieckim pracodawc\u0105!<\/strong><\/p>\n<p><strong>\u00a0<\/strong>O dalszych post\u0119pach w tej sprawie b\u0119dziemy informowa\u0107.<\/p>\n<\/div>\n<p>[\/et_pb_accordion_item][et_pb_accordion_item title=&#8221;Wielkie zwyci\u0119stwo Reduty! Hans G. uznany przez s\u0105d winnym zniewa\u017cenia i gro\u017cenia \u015bmierci\u0105!&#8221; open=&#8221;off&#8221; _builder_version=&#8221;4.20.2&#8243; _module_preset=&#8221;default&#8221; global_colors_info=&#8221;{}&#8221; theme_builder_area=&#8221;post_content&#8221;]<\/p>\n<header class=\"entry-header\">\n<div class=\"entry-meta\">\n<div class=\"blog-data-wrapper\">\n<div class=\"post-data-positioning\">\n<h6 class=\"post-data-text\"><span class=\"posted-on\" style=\"color: #0000ff;\">Napisano dnia\u00a0<a href=\"http:\/\/www.anti-defamation.org\/aktualnosci\/wielkie-zwyciestwo-reduty-hans-g-uznany-przez-sad-winnym-zniewazenia-i-grozenia-smiercia\/\" rel=\"bookmark\" style=\"color: #0000ff;\"><time class=\"entry-date published\" datetime=\"2019-12-13T14:19:20+01:00\">13 grudnia, 2019<\/time><\/a><\/span><span class=\"byline\"><\/span><\/h6>\n<\/div>\n<\/div>\n<\/div>\n<\/header>\n<div class=\"entry-content\">\n<p><strong>Dzisiaj w S\u0105dzie Rejonowym w Wejherowie zapad\u0142 wyrok w procesie karnym przeciwko Hansowi G. kt\u00f3re to post\u0119powania zainicjowa\u0142a i wspiera\u0142a finansowo i prawnie Reduta. S\u0105d uzna\u0142 Hansa G. winnym zniewa\u017cenia i gro\u017cenia \u015bmierci\u0105 Natalii Nitek-P\u0142a\u017cy\u0144skiej! S\u0105d skaza\u0142 Hansa G. na 8 miesi\u0119cy pozbawienia wolno\u015bci w zawieszeniu na 2 lata! Dodatkowo Hans G. zosta\u0142 skazany na grzywn\u0119 20 tys. z\u0142otych, a tak\u017ce nawi\u0105zk\u0119 na rzecz pokrzywdzonych w kwocie oko\u0142o 10 tys. z\u0142otych. Ponadto ma zwr\u00f3ci\u0107 koszty procesu w przybli\u017conej kwocie 50 tys. z\u0142otych. Przypominamy r\u00f3wnie\u017c, \u017ce toczy si\u0119 jeszcze jedna sprawa. Jest to kolejna sprawa karna, kt\u00f3r\u0105 wspiera i w kt\u00f3rej uczestniczy Reduta.<\/strong><\/p>\n<p>Po og\u0142oszeniu wyroku Natalia Nitek-P\u0142a\u017cy\u0144ska napisa\u0142a: \u201eWygra\u0142am w s\u0105dzie karnym z Niemcem nazist\u0105! Hans G. jest uznany winnym zniewa\u017cania mnie ze wzgl\u0119du na moj\u0105 narodowo\u015b\u0107 oraz gr\u00f3\u017ab karalnych. M\u00f3wi\u0142, m. in., \u017ce zabi\u0142by Polak\u00f3w, udawa\u0142, \u017ce strzela. Pisa\u0142am tu ju\u017c, \u017ce nie pozwol\u0119 na zniewa\u017canie Nas, dotrzyma\u0142am s\u0142owa\u201d.<\/p>\n<p>W ocenie s\u0105du dzia\u0142ania Hansa G. to przest\u0119pstwo z artyku\u0142u 216 Kodeksu karnego, par. 1.<\/p>\n<p><strong>Reduta Dobrego Imienia od pocz\u0105tku wspiera\u0142a p. Natali\u0119 Nitek-P\u0142a\u017cy\u0144sk\u0105 w jej walce z niemieck\u0105, hitlerowsk\u0105 mow\u0105 nienawi\u015bci w stosunku do Polak\u00f3w, zapewniaj\u0105c pomoc prawn\u0105 i zast\u0119pstwo procesowe.<\/strong><\/p>\n<p>Przypominamy, \u017ce w pomorskiej firmie POS System, Natalia Nitek przez kilka miesi\u0119cy by\u0142a n\u0119kana s\u0142ownie przez jej w\u0142a\u015bciciela Hansa G., kt\u00f3ry celowo u\u017cywa\u0142 zwrot\u00f3w godz\u0105cych w dobra osobiste i narodowe pracownicy. Pow\u00f3dka zarz\u0105dza\u0142a projektami w firmie Hansa G. od czerwca 2015 r. do stycznia 2016 r. W rozmowach Hans G. pos\u0142ugiwa\u0142 si\u0119 sformu\u0142owaniami u\u017cywanymi przez Niemc\u00f3w w stosunku do Polak\u00f3w podczas okupacji 1939-1945, tak\u017ce z u\u017cyciem terminologii nazistowskiej i nie kry\u0142 si\u0119 z nienawi\u015bci\u0105 wobec Polak\u00f3w. Hans G. bez skr\u0119powania m\u00f3wi\u0142 o Polakach m.in. \u201eshit\u201d, \u201eidiots\u201d, \u201eI hate this idiots\u201d, \u201cidiot Polak\u201d, \u201esuck-ers\u201d, \u201cbetter is Africa\u201d, \u201cfucking stupid country\u201d, \u201cshould I stand them on the wall [pokazuje pozorowane strzelanie] Kill them? I wanted, I want! No problem for me! I would kill every Polak, scheiss egal\u201d, za\u015b o samej pracownicy m\u00f3wi\u0142 \u201eustawi\u0142bym ci\u0119 z PiSem w szeregu i rozstrzela\u0142\u201d, \u201ejeste\u015b g\u0142upia, bo s\u0142uchasz Kaczy\u0144skiego\u201d, \u201epieprzony pisior (fucking pisior)\u201d, \u201estukni\u0119ta faszystka (crazy fashist)\u201d.<\/p>\n<p>W dniu 11 lutego 2019 r. w S\u0105dzie Okr\u0119gowym w Gda\u0144sku zapad\u0142 wyrok w procesie cywilnym, wed\u0142ug kt\u00f3rego s\u0105d nakaza\u0142 Hansowi G. przeproszenie Natalii Nitek-P\u0142a\u017cy\u0144skiej w \u201cGazecie Polskiej\u201d oraz w Telewizji Republika. Dodatkowo Hans G. zosta\u0142 zobowi\u0105zany do wp\u0142aty 50 tysi\u0119cy z\u0142otych na Muzeum Pia\u015bnickie w Wejherowie. W uzasadnieniu wyroku s\u0119dzia Piotr Kowalski podkre\u015bli\u0142 historyczne korzenie uprzedze\u0144 rasowych i wy\u017cszo\u015bci rasowej Niemc\u00f3w, jakie prezentowa\u0142 Hans G. Reduta Dobrego Imienia w tej sprawie maj\u0105c status interwenienta ubocznego wspomaga\u0142a p. Natali\u0105 Nitek-P\u0142a\u017cynsk\u0105, zapewniaj\u0105c pomoc prawn\u0105 i finansow\u0105.<\/p>\n<p><strong>Sprawa ta potwierdza, \u017ce upominanie si\u0119 o polsk\u0105 godno\u015b\u0107 w stosunku do oszczerc\u00f3w ma sens i dowodzi, \u017ce przyj\u0119ta przez Redut\u0119 procedura oraz wypracowana\u00a0<\/strong><strong>przez ni\u0105<span>\u00a0<\/span><\/strong><strong>w wielu innych procesach<\/strong><strong><span>\u00a0<\/span>linia orzecznicza zaczyna si\u0119 przebija\u0107 w orzecznictwie!<\/strong><\/p>\n<p>Bardzo dzi\u0119kujemy za wsparcie, bez Waszej pomocy Reduta nie mog\u0142aby dzia\u0142a\u0107!<\/p>\n<blockquote class=\"wp-embedded-content\" data-secret=\"gP0LwxqSgb\"><p><a href=\"https:\/\/rdi.org.pl\/zostan-darczynca\/\">Zosta\u0144 darczy\u0144c\u0105<\/a><\/p><\/blockquote>\n<p><iframe loading=\"lazy\" class=\"wp-embedded-content\" sandbox=\"allow-scripts\" security=\"restricted\" style=\"position: absolute; clip: rect(1px, 1px, 1px, 1px);\" title=\"&#8222;Zosta\u0144 darczy\u0144c\u0105&#8221; &#8212; Reduta Dobrego Imienia\" src=\"https:\/\/rdi.org.pl\/zostan-darczynca\/embed\/#?secret=M3xuYCKUio#?secret=gP0LwxqSgb\" data-secret=\"gP0LwxqSgb\" width=\"600\" height=\"338\" frameborder=\"0\" marginwidth=\"0\" marginheight=\"0\" scrolling=\"no\"><\/iframe><\/p>\n<\/div>\n<p>[\/et_pb_accordion_item][\/et_pb_accordion][\/et_pb_column][\/et_pb_row][\/et_pb_section]<\/p>\n","protected":false},"excerpt":{"rendered":"<p>Posted on May 10, 2022 On 13.05.2022, a verdict is to be announced in the Regional Court in Gdansk in the new criminal case of Hans G. &#8211; a German businessman who, according to the prosecution, threatened Mrs Natalia Nitek &#8211; P\u0142a\u017cy\u0144ska with death. Przypomnijmy: Od lutego 2021 r. przed S\u0105dem Okr\u0119gowym w Gda\u0144sku toczy [&hellip;]<\/p>\n","protected":false},"author":8,"featured_media":8365,"comment_status":"open","ping_status":"open","sticky":false,"template":"","format":"standard","meta":{"_et_pb_use_builder":"on","_et_pb_old_content":"","_et_gb_content_width":"","sfsi_plus_gutenberg_text_before_share":"","sfsi_plus_gutenberg_show_text_before_share":"","sfsi_plus_gutenberg_icon_type":"","sfsi_plus_gutenberg_icon_alignemt":"","sfsi_plus_gutenburg_max_per_row":"","footnotes":""},"categories":[51],"tags":[],"class_list":["post-1729","post","type-post","status-publish","format-standard","has-post-thumbnail","hentry","category-wyroki-prawomocne"],"_links":{"self":[{"href":"https:\/\/rdi.org.pl\/english\/wp-json\/wp\/v2\/posts\/1729","targetHints":{"allow":["GET"]}}],"collection":[{"href":"https:\/\/rdi.org.pl\/english\/wp-json\/wp\/v2\/posts"}],"about":[{"href":"https:\/\/rdi.org.pl\/english\/wp-json\/wp\/v2\/types\/post"}],"author":[{"embeddable":true,"href":"https:\/\/rdi.org.pl\/english\/wp-json\/wp\/v2\/users\/8"}],"replies":[{"embeddable":true,"href":"https:\/\/rdi.org.pl\/english\/wp-json\/wp\/v2\/comments?post=1729"}],"version-history":[{"count":2,"href":"https:\/\/rdi.org.pl\/english\/wp-json\/wp\/v2\/posts\/1729\/revisions"}],"predecessor-version":[{"id":472443,"href":"https:\/\/rdi.org.pl\/english\/wp-json\/wp\/v2\/posts\/1729\/revisions\/472443"}],"wp:featuredmedia":[{"embeddable":true,"href":"https:\/\/rdi.org.pl\/english\/wp-json\/wp\/v2\/media\/8365"}],"wp:attachment":[{"href":"https:\/\/rdi.org.pl\/english\/wp-json\/wp\/v2\/media?parent=1729"}],"wp:term":[{"taxonomy":"category","embeddable":true,"href":"https:\/\/rdi.org.pl\/english\/wp-json\/wp\/v2\/categories?post=1729"},{"taxonomy":"post_tag","embeddable":true,"href":"https:\/\/rdi.org.pl\/english\/wp-json\/wp\/v2\/tags?post=1729"}],"curies":[{"name":"wp","href":"https:\/\/api.w.org\/{rel}","templated":true}]}}