{"id":1737,"date":"2023-02-10T18:26:30","date_gmt":"2023-02-10T17:26:30","guid":{"rendered":"https:\/\/rdi.org.pl\/?p=1737"},"modified":"2023-07-04T09:34:30","modified_gmt":"2023-07-04T07:34:30","slug":"sprawa-przeciwko-telewizji-zdf-za-film-nasze-matki-nasi-ojcowie","status":"publish","type":"post","link":"https:\/\/rdi.org.pl\/english\/sprawa-przeciwko-telewizji-zdf-za-film-nasze-matki-nasi-ojcowie\/","title":{"rendered":"Case against ZDF television for the film 'Our Mothers, Our Fathers&#8217;."},"content":{"rendered":"<p>[et_pb_section fb_built=&#8221;1&#8243; _builder_version=&#8221;4.20.2&#8243; _module_preset=&#8221;default&#8221; da_disable_devices=&#8221;off|off|off&#8221; global_colors_info=&#8221;{}&#8221; theme_builder_area=&#8221;post_content&#8221; da_is_popup=&#8221;off&#8221; da_exit_intent=&#8221;off&#8221; da_has_close=&#8221;on&#8221; da_alt_close=&#8221;off&#8221; da_dark_close=&#8221;off&#8221; da_not_modal=&#8221;on&#8221; da_is_singular=&#8221;off&#8221; da_with_loader=&#8221;off&#8221; da_has_shadow=&#8221;on&#8221;][et_pb_row _builder_version=&#8221;4.20.2&#8243; _module_preset=&#8221;a0c75e5a-da98-40a4-b5a4-4d216ee67f79&#8243; width=&#8221;100%&#8221; max_width=&#8221;1400px&#8221; global_colors_info=&#8221;{}&#8221; theme_builder_area=&#8221;post_content&#8221;][et_pb_column type=&#8221;4_4&#8243; _builder_version=&#8221;4.20.2&#8243; _module_preset=&#8221;default&#8221; global_colors_info=&#8221;{}&#8221; theme_builder_area=&#8221;post_content&#8221;][et_pb_accordion open_toggle_text_color=&#8221;#212121&#8243; open_toggle_background_color=&#8221;#FFFFFF&#8221; closed_toggle_background_color=&#8221;#212121&#8243; toggle_icon=&#8221;&#x47;||divi||400&#8243; icon_color=&#8221;#FFFFFF&#8221; use_icon_font_size=&#8221;on&#8221; icon_font_size=&#8221;28px&#8221; _builder_version=&#8221;4.20.2&#8243; _module_preset=&#8221;default&#8221; toggle_text_color=&#8221;#FFFFFF&#8221; toggle_font=&#8221;|700|||||||&#8221; toggle_font_size=&#8221;18px&#8221; body_font=&#8221;|300|||||||&#8221; body_font_size=&#8221;16px&#8221; body_line_height=&#8221;1.4em&#8221; background_color=&#8221;RGBA(255,255,255,0)&#8221; width=&#8221;80%&#8221; module_alignment=&#8221;center&#8221; hover_enabled=&#8221;0&#8243; global_colors_info=&#8221;{}&#8221; theme_builder_area=&#8221;post_content&#8221; sticky_enabled=&#8221;0&#8243;][et_pb_accordion_item title=&#8221;  Case against ZDF television for the film 'Our Mothers, Our Fathers&#8217;.&#8221; _builder_version=&#8221;4.20.2&#8243; _module_preset=&#8221;default&#8221; hover_enabled=&#8221;0&#8243; global_colors_info=&#8221;{}&#8221; theme_builder_area=&#8221;post_content&#8221; open=&#8221;on&#8221; sticky_enabled=&#8221;0&#8243;]<\/p>\n<header class=\"entry-header\">\n<div class=\"entry-meta\">\n<div class=\"blog-data-wrapper\">\n<div class=\"post-data-positioning\">\n<h6 class=\"post-data-text\"><span class=\"posted-on\" style=\"color: #0000ff;\">Posted on March <a href=\"http:\/\/www.anti-defamation.org\/aktualnosci\/zwyciestwo-prawdy-o-bohaterach-ak\/\" rel=\"bookmark\" style=\"color: #0000ff;\"><time class=\"entry-date published\" datetime=\"2021-03-23T13:20:43+01:00\">23, 2021<\/time><\/a><\/span><span class=\"byline\"><\/span><\/h6>\n<\/div>\n<\/div>\n<\/div>\n<\/header>\n<div class=\"entry-content\">\n<p style=\"text-align: justify;\">Victory for the truth about the heroes of the Home Army! Soldiers of the Home Army win against German television and the producer of the film &#8222;Our Mothers, Our Fathers&#8221;. Defendants to apologise in prime time!<\/p>\n<p>&nbsp;<\/p>\n<p><img decoding=\"async\" loading=\"lazy\" class=\"alignleft wp-image-6621\" title=\"Mosi\u0119\u017cny orze\u0142ek Armii Krajowej, bity w latach 1942\u20131945, ze zbior\u00f3w Muzeum Hymnu Narodowego w B\u0119dominie\" src=\"http:\/\/www.anti-defamation.org\/wp-content\/uploads\/2021\/03\/1200px-Orzel_AK-e1616501740255.jpg\" alt=\"\" width=\"303\" height=\"373\" \/><\/p>\n<p>\u201eW obliczu Boga Wszechmog\u0105cego i Naj\u015bwi\u0119tszej Maryi Panny, Kr\u00f3lowej Korony Polskiej, przysi\u0119gam by\u0107 wierny Ojczy\u017anie mej, Rzeczypospolitej Polskiej. Sta\u0107 nieugi\u0119cie na stra\u017cy jej honoru, o wyzwolenie z niewoli walczy\u0107 ze wszystkich si\u0142, a\u017c do ofiary mego \u017cycia. Prezydentowi Rzeczypospolitej Polskiej, Naczelnemu Wodzowi i wyznaczonemu przeze\u0144 Dow\u00f3dcy Armii Krajowej b\u0119d\u0119 bezwzgl\u0119dnie pos\u0142uszny a tajemnicy niez\u0142omnie dochowam, cokolwiek by mnie spotka\u0107 mia\u0142o. Tak mi dopom\u00f3\u017c B\u00f3g.\u201d \u2013 tekst przysi\u0119gi \u017co\u0142nierzy Armii Krajowej.<\/p>\n<p><strong>W dniu dzisiejszym tj. 23.03.2021 r. w S\u0105dzie Apelacyjnym w Krakowie odby\u0142a si\u0119 kolejna rozprawa z pozwu Kapitana Zbigniewa Rad\u0142owskiego oraz \u015aZ\u017bAK przeciwko producentom serialu \u201eNasze Matki, Nasi Ojcowie\u201d \u2013 UFA Fiction oraz ZDF (II program niemieckiej telewizji).<\/strong><\/p>\n<p><strong>S\u0105d nakaza\u0142 przeproszenie za tre\u015bci prezentowane w filmie w telewizji polskiej \u2013 Program I TVP oraz telewizji niemieckiej na kilku programach ZDF. Dodatkowo \u2013 pozwani maj\u0105 przeprosi\u0107 na stronach internetowych.<\/strong><\/p>\n<p><strong>Koszty emisji przeprosin w najlepszym czasie antenowym w polskiej i niemieckiej telewizji pokrywa strona przegrywaj\u0105ca, czyli pozwani. W przypadku braku publikacji, s\u0105d upowa\u017cni\u0142 \u015awiatowy Zwi\u0105zek \u017bo\u0142nierzy Armii Krajowej do publikacji przeprosin na koszt Pozwanych.<\/strong><\/p>\n<p><strong>Tre\u015b\u0107 przeprosin jest nast\u0119puj\u0105ca:<\/strong><\/p>\n<p><strong><em>Producenci filmu pt. \u201eNasze Matki, Nasi Ojcowie\u201d tj. Telewizja ZDF oraz firma UFA Fiction, na skutek przegranego procesu s\u0105dowego, przepraszaj\u0105 \u015awiatowy Zwi\u0105zek \u017bo\u0142nierzy Armii Krajowej w Warszawie, za naruszenie jego d\u00f3br osobistych poprzez zidentyfikowanie oddzia\u0142u partyzanckiego\u00a0 w w\/w filmie jako oddzia\u0142u Armii Krajowej, co rodzi nieuprawnion\u0105 sugesti\u0119, i\u017c ta polska organizacja wojskowa mia\u0142a charakter antysemicki<\/em>\u201d.<\/strong><\/p>\n<p>Jednocze\u015bnie s\u0105d oddali\u0142 pow\u00f3dztwo Zbigniewa Rad\u0142owskiego w ca\u0142o\u015bci.<\/p>\n<p>S\u0105d wskaza\u0142, \u017ce niemiecki film pokazuje polski antysemityzm, jako postaw\u0119 dominuj\u0105c\u0105. Co wi\u0119cej niemiecki producent intencjonalnie wskaza\u0142 w\u0142a\u015bnie okre\u015blon\u0105 formacj\u0119 tj. Armi\u0119 Krajow\u0105 jako zindywidualizowan\u0105 organizacj\u0119 wojskow\u0105. Dlatego te\u017c s\u0105d uzna\u0142, \u017ce\u00a0 w\u0142a\u015bnie ta organizacja ma prawo do wyst\u0105pienia do s\u0105du i uzyskania stosowanej ochrony prawnej.<\/p>\n<p>Przypomnijmy:<\/p>\n<p>Ostatnia rozprawa apelacyjna mia\u0142a miejsce w dniu 08.12.2020 r. i rozpocz\u0119\u0142a si\u0119 od wniosku strony pozwanej o wy\u0142\u0105czenie nowego s\u0119dziego sprawozdawcy, bo: \u201ezmiana jest zaskakuj\u0105ca\u201d.<\/p>\n<p>Tymczasem zmiana ta \u2013 jak wyja\u015bni\u0142 przewodnicz\u0105cy sk\u0142adu \u2013 zwi\u0105zana by\u0142a z przej\u015bciem w stan spoczynku poprzedniego s\u0119dziego. W zwi\u0105zku z tym wnioskiem, rozprawa co prawda odby\u0142a si\u0119, ale wyrok nie m\u00f3g\u0142 zapa\u015b\u0107.<\/p>\n<p>Post\u0119powanie apelacyjne zwi\u0105zane by\u0142o z wyrokiem og\u0142oszonym 18 grudnia\u00a0 2018 r. w Krakowie.<\/p>\n<p>Tamtejszy S\u0105d Okr\u0119gowy zobowi\u0105za\u0142 pozwanych do umieszczenia przeprosin, w siedem dni od uprawomocnienia\u00a0 si\u0119 wyroku, pomi\u0119dzy godzin\u0105 20.00 a 20.30, o widocznym-wyboldowanym-tytule \u201e ZDF I UFA FICTION PRZEPRASZAJ\u0104 Z. RAD\u0141OWSKIEGO I \u015aWIATOWY ZWI\u0104ZEK \u017bO\u0141NIERZY ARMII KRAJOWEJ\u201d. S\u0105d nakaza\u0142 by tekst przeprosin ukaza\u0142 si\u0119 w Telewizji Polskiej Program 1 w j\u0119zyku polskim, Telewizji Niemieckiej: kana\u0142 ZDF, kana\u0142 ZDF Neo, kana\u0142 Sat3 w j\u0119zyku niemieckim, a tak\u017ce na stronach internetowych pozwanych. Dodatkowo s\u0105d zobowi\u0105za\u0142 pozwanych do wy\u015bwietlania przed ka\u017cd\u0105 emisj\u0105 tablicy informuj\u0105cej, \u017ce wszelkie postaci \u017co\u0142nierzy AK wskazane w filmie s\u0105 fikcyjne i jakiekolwiek podobie\u0144stwo do postaci prawdziwych jest niezamierzone.<\/p>\n<p>Proces wytoczy\u0142 ponad 90-letni \u017co\u0142nierz Armii Krajowej (AK) oraz \u015awiatowy Zwi\u0105zek \u017bo\u0142nierzy Armii Krajowej, kt\u00f3rzy wyst\u0105pili przeciwko producentom serialu \u201eNasze Matki, nasi Ojcowie\u201d za naruszenie d\u00f3br osobistych w postaci prawa do to\u017csamo\u015bci narodowej, prawa do dumy narodowej i narodowej godno\u015bci oraz wolno\u015bci od mowy nienawi\u015bci.<\/p>\n<p>Przedmiotem sprawy jest film \u201eNasze Matki, Nasi Ojcowie\u201d, w kt\u00f3rym \u017co\u0142nierze Armii Krajowej zostali przedstawieni jako antysemici, co najmniej godz\u0105cy si\u0119 na \u015bmier\u0107 \u017byd\u00f3w podczas II wojny \u015bwiatowej. \u017bo\u0142nierzy Armii Krajowej \u2013 zdaniem Powod\u00f3w \u2013 przedstawiono jako nacjonalist\u00f3w, wsp\u00f3\u0142pracuj\u0105cych z Niemcami w Holocau\u015bcie narodu \u017cydowskiego. Powodowie upatrywali naruszenia swoich d\u00f3br osobistych w nieuprawnionych ocenach \u2013 bardzo pejoratywnych (antysemityzm, nacjonalizm) oraz przedstawieniem nieprawdziwych fakt\u00f3w dotycz\u0105cych \u017co\u0142nierzy Armii Krajowej (pomoc Niemcom w eksterminacji \u017byd\u00f3w, ch\u0119\u0107 eliminowania \u017byd\u00f3w z Armii Krajowej, g\u0142oszenie antysemickich hase\u0142 wcielanych nast\u0119pnie w \u017cycie).<\/p>\n<p>Reduta Dobrego Imienia monitoruje spraw\u0119 od pocz\u0105tku, a proces \u2013 pro publico bono \u2013 prowadz\u0105 mec. Monika Brzozowska \u2013 Pasieka i Jerzy Pasieka. B\u0119dziemy Pa\u0144stwa na bie\u017c\u0105co informowa\u0107 o przebiegu post\u0119powania w tej sprawie.<\/p>\n<p>Wi\u0119cej na temat post\u0119powania apelacyjnego na naszej stronie:\u00a0<span>\u00a0<\/span><a href=\"https:\/\/rdiplad.org\/kolejna-batalia-kpt-radlowski-vs-niemieckiej-zdf\">https:\/\/rdiplad.org\/kolejna-batalia-kpt-radlowski-vs-niemieckiej-zdf<\/a><\/p>\n<p><strong>Drodzy Przyjaciele Reduty,<\/strong><\/p>\n<p>Sprawa przeciwko producentom serialu \u201eNasze Matki, Nasi Ojcowie\u201d jest ogromnie wa\u017cna, gdy\u017c dotyczy obrony prawdy historycznej o bohaterach AK. Pozwoli\u0142em sobie przytoczy\u0107 tekst przysi\u0119gi sk\u0142adanej przez \u017co\u0142nierzy Armii Krajowej, aby jeszcze mocniej podkre\u015bli\u0107 warto\u015bci, kt\u00f3re dla<\/p>\n<p>AK-owc\u00f3w stanowi\u0142y \u201e\u015bwi\u0119to\u015b\u0107\u201d. Prosz\u0119 pami\u0119ta\u0107, \u017ce wielu z nich odda\u0142o \u017cycie za Ojczyzn\u0119, byli prze\u015bladowani, torturowani a mimo to nie mo\u017cna by\u0142o ich z\u0142ama\u0107. Ci \u017co\u0142nierze po\u015bwi\u0119cili si\u0119 bezgranicznie Polsce, a ich odwaga i heroizm sta\u0142y si\u0119 legend\u0105 zapisan\u0105 na kartach naszej historii.<\/p>\n<p>To my, Drodzy Pa\u0144stwo, jeste\u015bmy dzi\u015b zobowi\u0105zani do piel\u0119gnowania pami\u0119ci o bohaterach AK i powinni\u015bmy stanowczo reagowa\u0107, gdy ich dobre imi\u0119 jest brukane. Niestety ju\u017c wielu z nich odesz\u0142o na wieczn\u0105 wart\u0119, pozosta\u0142o niewielu. Tym bardziej musimy ws\u0142ucha\u0107 si\u0119 g\u0142os \u017cyj\u0105cych, kt\u00f3rych przedstawicielem jest Kapitan Zbigniew Rad\u0142owski, gdy\u017c on stanowi \u017cywe \u015bwiadectwo prawdy o wydarzeniach z okresu II Wojny \u015awiatowej.<\/p>\n<p>W tym miejscu chcia\u0142bym Pa\u0144stwu podzi\u0119kowa\u0107 za to, \u017ce jeste\u015bcie z nami i wpieracie Redut\u0119 Dobrego Imienia. Zwracam si\u0119 do Pa\u0144stwa, naszych \u2013 Darczy\u0144c\u00f3w i Sympatyk\u00f3w, z podzi\u0119kowaniami od wszystkich, kt\u00f3rym w ostatnim czasie prawnie i finansowo pomaga\u0142a Reduta, w ich walce o honor, godno\u015b\u0107 i sprawiedliwo\u015b\u0107. To wielka zas\u0142uga Pa\u0144stwa, \u017ce mog\u0119 przekazywa\u0107 Wam dobre wie\u015bci o ostatnich sukcesach i zwyci\u0119stwach Reduty. Razem uda\u0142o nam si\u0119 osi\u0105gn\u0105\u0107 tak wiele w obronie dobrego imienia Polski i jej bohater\u00f3w. Wsp\u00f3lnie mo\u017cemy zrobi\u0107 jeszcze wi\u0119cej, dlatego chcia\u0142bym ponowi\u0107 apel o sta\u0142e wsparcie finansowe Reduty, to pozwoli nam dzia\u0142a\u0107 oraz skutecznie interweniowa\u0107 wobec wszelkich pr\u00f3b fa\u0142szowania historii Rzeczypospolitej b\u0105d\u017a oczerniania polskich bohater\u00f3w.<\/p>\n<p>Podzi\u0119kowa\u0144 nigdy nie do\u015b\u0107, wi\u0119c raz jeszcze serdecznie dzi\u0119kuj\u0119.<\/p>\n<p>Z wyrazami szacunku<br \/>Zesp\u00f3\u0142 Reduty Dobrego Imienia<\/p>\n<p><span><strong>Zapraszamy r\u00f3wniez do wspierania Reduty Dobrego Imienia.<\/strong><\/span><\/p>\n<p><span><strong>Darowizny mog\u0105 Pa\u0144stwo przekaza\u0107 poprzez wp\u0142at\u0119 na poni\u017cszy numer konta:<\/strong><\/span><br \/>Nr konta: <span>29 1020 1042 0000 8202 0481 3491<\/span><\/p>\n<p>tytu\u0142em: <span>Darowizna na cele statutowe<\/span><\/p>\n<p><span><strong>B\u0105d\u017a po klikni\u0119ciu w poni\u017cszy link:<\/strong><\/span><\/p>\n<blockquote class=\"wp-embedded-content\" data-secret=\"oglX7r8fmj\"><p><a href=\"https:\/\/rdi.org.pl\/zostan-darczynca\/\">Zosta\u0144 darczy\u0144c\u0105<\/a><\/p><\/blockquote>\n<p><iframe loading=\"lazy\" class=\"wp-embedded-content\" sandbox=\"allow-scripts\" security=\"restricted\" style=\"position: absolute; clip: rect(1px, 1px, 1px, 1px);\" title=\"&#8222;Zosta\u0144 darczy\u0144c\u0105&#8221; &#8212; Reduta Dobrego Imienia\" src=\"https:\/\/rdi.org.pl\/zostan-darczynca\/embed\/#?secret=HTj3MiY99T#?secret=oglX7r8fmj\" data-secret=\"oglX7r8fmj\" width=\"600\" height=\"338\" frameborder=\"0\" marginwidth=\"0\" marginheight=\"0\" scrolling=\"no\"><\/iframe><\/p>\n<\/div>\n<p>[\/et_pb_accordion_item][et_pb_accordion_item title=&#8221;Kolejna batalia! Kpt. Zbigniew Rad\u0142owski przeciwko niemieckiej ZDF&#8221; open=&#8221;off&#8221; _builder_version=&#8221;4.20.2&#8243; _module_preset=&#8221;default&#8221; module_alignment=&#8221;center&#8221; global_colors_info=&#8221;{}&#8221; theme_builder_area=&#8221;post_content&#8221;]<\/p>\n<header class=\"entry-header\">\n<div class=\"entry-meta\">\n<div class=\"blog-data-wrapper\">\n<div class=\"post-data-positioning\">\n<h6 class=\"post-data-text\"><span class=\"posted-on\" style=\"color: #0000ff;\">Napisano dnia\u00a0<a href=\"http:\/\/www.anti-defamation.org\/aktualnosci\/kolejna-batalia-kpt-zbigniew-radlowski-przeciwko-niemieckiej-zdf\/\" rel=\"bookmark\" style=\"color: #0000ff;\"><time class=\"entry-date published\" datetime=\"2021-03-19T12:55:56+01:00\">19 marca, 2021<\/time><\/a><\/span><span class=\"byline\"><\/span><\/h6>\n<\/div>\n<\/div>\n<\/div>\n<\/header>\n<div class=\"entry-content\">\n<p>\u201e<strong>D\u0142ugo \u017cy\u0142em, wiele prze\u017cy\u0142em, ale \u017cadne z moich dotychczasowych do\u015bwiadcze\u0144 nie przygotowa\u0142o mnie na t\u0119 sytuacj\u0119, na konieczno\u015b\u0107 walki o prawd\u0119 historyczn\u0105 w s\u0105dach, kilkadziesi\u0105t lat po II Wojnie \u015awiatowej. Ta prawda o wydarzeniach, kt\u00f3re by\u0142y udzia\u0142em wielu milion\u00f3w Polak\u00f3w, wydawa\u0142a si\u0119 tak oczywista, \u017ce niemo\u017cliwa do podwa\u017cenia. Zrobi\u0142em co mog\u0142em dla moich poleg\u0142ych, umar\u0142ych ju\u017c koleg\u00f3w i kole\u017canek z Armii Krajowej [\u2026]<\/strong>\u201d \u2013 Kapitan Zbigniew Rad\u0142owski, by\u0142y \u017co\u0142nierz AK<\/p>\n<p>W ostatnim czasie informowali\u015bmy Pa\u0144stwa o dzia\u0142aniach, w kt\u00f3re zaanga\u017cowana jest Reduta. Pierwszy kwarta\u0142 bie\u017c\u0105cego roku wyr\u00f3\u017cnia si\u0119 pod wzgl\u0119dem liczby post\u0119powa\u0144 s\u0105dowych, kt\u00f3re prawnie i finansowo wspiera Reduta. W pierwszych miesi\u0105cach byli\u015bmy \u015bwiadkami wielkiego zwyci\u0119stwa Pani Filomeny Leszczy\u0144skiej. Rozpocz\u0105\u0142 si\u0119 te\u017c proces przeciwko tw\u00f3rcy dezinformacyjnej akcji \u201eStrefy wolne od LGBT\u201d oraz nowy proces karny przeciwko Hansowi G., kt\u00f3ry grozi\u0142 \u015bmierci\u0105 Natalii Nitek \u2013 P\u0142a\u017cy\u0144skiej. Mia\u0142o doj\u015b\u0107 do pierwszego starcia w sprawie, jak\u0105 prof. Grabowski wytoczy\u0142 Reducie Dobrego Imienia. Kontynuowana b\u0119dzie sprawa, z pozwu Kapitana Zbigniewa Rad\u0142owskiego oraz \u015aZ\u017bAK, przeciwko producentom serialu \u201eNasze matki, nasi ojcowie\u201d.<\/p>\n<p><strong>W najbli\u017cszym czasie tj. 23.03.2021 r. odb\u0119dzie si\u0119 kolejna batalia s\u0105dowa, z pozwu Kapitana Zbigniewa Rad\u0142owskiego oraz \u015aZ\u017bAK, przeciwko producentom serialu \u201eNasze matki, nasi ojcowie\u201d \u2013 UFA Fiction oraz ZDF (II program niemieckiej telewizji).<\/strong><\/p>\n<p>Proces wytoczy\u0142 ponad 90-letni \u017co\u0142nierz Armii Krajowej (AK) oraz \u015awiatowy Zwi\u0105zek \u017bo\u0142nierzy Armii Krajowej, kt\u00f3rzy wyst\u0105pili przeciwko producentom serialu \u201eNasze matki, nasi ojcowie\u201d za naruszenie d\u00f3br osobistych w postaci prawa do to\u017csamo\u015bci narodowej, prawa do dumy narodowej i narodowej godno\u015bci oraz wolno\u015bci od mowy nienawi\u015bci.<\/p>\n<p>Przypomnijmy:<\/p>\n<p>W 18 grudnia\u00a0 2018 r. w Krakowie S\u0105d Okr\u0119gowy zobowi\u0105za\u0142 pozwanych do umieszczenia przeprosin, w siedem dni od uprawomocnienia si\u0119 wyroku, pomi\u0119dzy godzin\u0105 20.00 a 20.30, o widocznym \u2013 wyboldowanym \u2013 tytule \u201e ZDF I UFA FICTION PRZEPRASZAJ\u0104 Z. RAD\u0141OWSKIEGO I \u015aWIATOWY ZWI\u0104ZEK \u017bO\u0141NIERZY ARMII KRAJOWEJ\u201d. S\u0105d nakaza\u0142 by tekst przeprosin ukaza\u0142 si\u0119 w Telewizji Polskiej Program 1 w j\u0119zyku polskim, Telewizji Niemieckiej: kana\u0142 ZDF, kana\u0142 ZDF Neo, kana\u0142 Sat3 w j\u0119zyku niemieckim, a tak\u017ce na stronach internetowych pozwanych. Dodatkowo s\u0105d zobowi\u0105za\u0142 pozwanych do wy\u015bwietlania przed ka\u017cd\u0105 emisj\u0105 tablicy informuj\u0105cej, \u017ce wszelkie postaci \u017co\u0142nierzy AK wskazane w filmie s\u0105 fikcyjne i jakiekolwiek podobie\u0144stwo do postaci prawdziwych jest niezamierzone.<\/p>\n<p style=\"text-align: center;\"><strong>\u201ePAMI\u0118TAJCIE, \u017bE MACIE WSZELKIE POWODY DO DUMY, POLACY TO ODWA\u017bNY I WSPANIA\u0141Y NAR\u00d3D. GOT\u00d3W I\u015a\u0106 INNYM Z POMOC\u0104 I ZAP\u0141ACI\u0106 ZA TO NAJWY\u017bSZ\u0104 CEN\u0118. CEN\u0118 \u017bYCIA\u201d<span>\u00a0<\/span><\/strong>\u2013 s\u0142owa te wypowiedzia\u0142 na sali s\u0105dowej (tu\u017c po og\u0142oszeniu wyroku) Kapitan Zbigniew Rad\u0142owski, zwracaj\u0105c si\u0119 do m\u0142odych Polak\u00f3w.<\/p>\n<p style=\"text-align: center;\"><iframe loading=\"lazy\" title=\"Oswiadczenie Kapitana Rad\u0142owskiego\" width=\"640\" height=\"360\" src=\"https:\/\/www.youtube.com\/embed\/ZPONbOmHS-0?feature=oembed&amp;wmode=opaque&amp;v=ZPONbOmHS-0\" frameborder=\"0\" allow=\"accelerometer; autoplay; clipboard-write; encrypted-media; gyroscope; picture-in-picture\" allowfullscreen=\"\"><\/iframe><\/p>\n<p style=\"text-align: center;\">Sprawa dotyczy\u0142a filmu \u201eNasze Matki, Nasi Ojcowie\u201d, w kt\u00f3rym \u017co\u0142nierze Armii Krajowej zostali przedstawieni jako antysemici, co najmniej godz\u0105cy si\u0119 na \u015bmier\u0107 \u017byd\u00f3w podczas II wojny \u015bwiatowej. \u017bo\u0142nierzy Armii Krajowej \u2013 zdaniem Powod\u00f3w \u2013 przedstawiono jako nacjonalist\u00f3w, wsp\u00f3\u0142pracuj\u0105cych z Niemcami w Holocau\u015bcie narodu \u017cydowskiego. Powodowie upatrywali naruszenia swoich d\u00f3br osobistych w nieuprawnionych ocenach \u2013 bardzo pejoratywnych (antysemityzm, nacjonalizm) oraz przedstawieniem nieprawdziwych fakt\u00f3w dotycz\u0105cych \u017co\u0142nierzy Armii Krajowej (pomoc Niemcom w eksterminacji \u017byd\u00f3w, ch\u0119\u0107 eliminowania \u017byd\u00f3w z Armii Krajowej, g\u0142oszenie antysemickich hase\u0142 wcielanych nast\u0119pnie w \u017cycie).<\/p>\n<p><strong>Nale\u017cy wskaza\u0107, \u017ce sprawa ta ma ci\u0105g dalszy. Na skutek wniesionych apelacji, S\u0105d Apelacyjny w Krakowie ponownie zaj\u0105\u0142 si\u0119 spraw\u0105 ZDF.<\/strong><\/p>\n<p>Pe\u0142nomocnicy producent\u00f3w, kt\u00f3rzy chc\u0105 uchylenia wyroku w ca\u0142o\u015bci, zwracali uwag\u0119 m.in. na kwesti\u0119 wolno\u015bci artystycznej wra\u017canej w seriali \u201eNasze matki, nasi ojcowie\u201d.<\/p>\n<p>Reprezentuj\u0105ca \u017co\u0142nierzy AK \u2013 mecenas Monika Brzozowska-Pasieka wskaza\u0142a, \u017ce apelacja wywiedziona w imieniu jej klient\u00f3w \u201cidzie troch\u0119 w kierunku edytorskim\u201d. Podkre\u015bli\u0142a, \u017ce zale\u017cy im na tym, aby tablica z przeprosinami wy\u015bwietlana by\u0142a przez czas d\u0142u\u017cszy, ni\u017c zdecydowa\u0142 s\u0105d pierwszej instancji.<\/p>\n<p>Ostatnia rozprawa apelacyjna mia\u0142a miejsce w dniu 08.12.2020 r. i rozpocz\u0119\u0142a si\u0119 od wniosku strony pozwanej o wy\u0142\u0105czenie nowego s\u0119dziego sprawozdawcy, bo: \u201ezmiana jest zaskakuj\u0105ca\u201d.\u00a0 Strona pozwana zarzuca w swoim pi\u015bmie, \u017ce ta ich zdaniem zaskakuj\u0105ca zmiana \u201ewygl\u0105da z perspektywy ich mocodawc\u00f3w w taki spos\u00f3b jakby s\u0119dzia otrzyma\u0142 delegacj\u0119 do prowadzenia tej konkretnej sprawy. Impulsem za\u015b do takiego \u201eprzy\u015bpieszenia\u201d zdaniem strony pozwanej by\u0142a publikacja w \u2013 jak to uj\u0119li\u00a0 \u2013 w \u201emedium rz\u0105dowym\u201d czyli TVP Info.<\/p>\n<p>Tymczasem zmiana ta \u2013 jak wyja\u015bni\u0142 przewodnicz\u0105cy sk\u0142adu \u2013 zwi\u0105zana by\u0142a z przej\u015bciem w stan spoczynku poprzedniego s\u0119dziego. W zwi\u0105zku z tym wnioskiem, rozprawa co prawda odby\u0142a si\u0119, ale wyrok nie m\u00f3g\u0142 zapa\u015b\u0107.<\/p>\n<p>Podczas rozprawy apelacyjnej strona pozwana zarzuca\u0142a wyrokowi I instancji, \u017ce jest \u201enarracj\u0105 s\u0105dow\u0105\u201d, kt\u00f3ra wykorzystuje manipulacje i cz\u0119\u015b\u0107 uzasadnienia to tylko emocjonalny wyw\u00f3d pogl\u0105d\u00f3w s\u0105du na Armi\u0119 Krajow\u0105. Adwokaci pozwanych uwa\u017caj\u0105, \u017ce film \u201eNasze matki, nasi ojcowie\u201d nie pokazuje ani kpt. Zbigniewa Rad\u0142owskiego, ani \u015awiatowego Zwi\u0105zku \u017bo\u0142nierzy Armii Krajowej, wi\u0119c nie istnieje w tym przypadku naruszenie ich d\u00f3br, a ponadto nie jest mo\u017cliwe naruszenie dobrego imienia Armii Krajowej, bo ta ju\u017c nie istnieje. Strona pozwana odwo\u0142ywa\u0142a si\u0119 r\u00f3wnie\u017c do tego, \u017ce \u201es\u0105d wybra\u0142 sobie jedyn\u0105 interpretacj\u0119\u201d, podczas gdy sztuka powinna by\u0107 interpretowana indywidualnie.<\/p>\n<p>Mecenas Monika Brzozowska-Pasieka, pe\u0142nomocnik Powod\u00f3w, podkre\u015bla\u0142a m.in. \u017ce film zrobiony jest w taki spos\u00f3b, i\u017c niemieccy bohaterowie wzbudzaj\u0105 sympati\u0119, oraz \u017ce przeproszenie musi by\u0107 opublikowane w takiej formie jak w wyroku I instancji, gdy\u017c film by\u0142 bardzo popularny. Ponadto mecenas odnios\u0142a si\u0119 do kpt. Rad\u0142owskiego, zauwa\u017caj\u0105c, \u017ce jest on postaci\u0105, kt\u00f3ra niejako symbolizuje pokolenie walcz\u0105ce w AK.<\/p>\n<p>G\u0142os zabra\u0142a r\u00f3wnie\u017c prokurator, kt\u00f3ra przy\u0142\u0105czy\u0142a si\u0119 do strony powodowej wnosz\u0105c o oddalenie apelacji pozwanych. Wed\u0142ug niej inkryminowany film przedstawia AK jako organizacj\u0119 antysemick\u0105, a patologie zosta\u0142y w nim ukazane jako norma, tymczasem wyrok s\u0105du I instancji ma przywr\u00f3ci\u0107 prawd\u0119 i ochroni\u0107 dobra osobiste Powod\u00f3w. Rozprawa na tym si\u0119 zako\u0144czy\u0142a.<\/p>\n<p>Przypominamy, \u017ce RDI monitoruje spraw\u0119 od pocz\u0105tku, a proces \u2013 pro publico bono \u2013 prowadz\u0105 mec. Monika Brzozowska \u2013 Pasieka i Jerzy Pasieka. B\u0119dziemy Pa\u0144stwa na bie\u017c\u0105co informowa\u0107 o przebiegu post\u0119powania w tej sprawie.<\/p>\n<p><strong>\u00a0<\/strong><strong>Drodzy Przyjaciele Reduty,<\/strong><\/p>\n<p>W tym miejscu chcia\u0142bym podkre\u015bli\u0107, \u017ce wszystkie sukcesy i zwyci\u0119stwa, kt\u00f3re odnosi Reduta nie by\u0142by mo\u017cliwe bez Pa\u0144stwa wsparcia. Wy\u0142\u0105cznie Pa\u0144stwa pomoc finansowa powoduje, \u017ce mo\u017cemy efektywnie dzia\u0142a\u0107 i interweniowa\u0107, by przywr\u00f3ci\u0107 prawd\u0119 historyczn\u0105 o Polsce i Polakach.<\/p>\n<p>Prosz\u0119 przyj\u0105\u0107 nieograniczone wyrazy wdzi\u0119czno\u015bci. Wa\u017cne jest, aby Pa\u0144stwo wiedzieli, \u017ce razem mo\u017cemy jeszcze wi\u0119cej zrobi\u0107 dla Polski i Polak\u00f3w. Ka\u017cdy sukces Reduty jest sukcesem Pa\u0144stwa \u2013 naszych Darczy\u0144c\u00f3w i Sympatyk\u00f3w.<\/p>\n<p>Z wyrazami szacunku<br \/>Maciej \u015awirski<\/p>\n<p><strong>PANI FILOMENA WALCZY O PRAWD\u0118 I DOBRE IMI\u0118 SWOJEJ RODZINY.<\/strong><\/p>\n<p>Chcesz pom\u00f3c Babci Filomenie i innym? Wspieraj regularnie Redut\u0119 Dobrego Imienia.<br \/>Wspiera nas ju\u017c 1055 os\u00f3b. Aby dzia\u0142a\u0107 na pe\u0142na skal\u0119 musi by\u0107 nas co najmniej 4 000.<\/p>\n<p><span><strong>Darowizny mog\u0105 Pa\u0144stwo przekaza\u0107 poprzez wp\u0142at\u0119 na poni\u017cszy numer konta:<\/strong><\/span><\/p>\n<p>Nr konta: <span>29 1020 1042 0000 8202 0481 3491<\/span><\/p>\n<p>tytu\u0142em: <span>Darowizna na cele statutowe<\/span><\/p>\n<p><span><strong>B\u0105d\u017a po klikni\u0119ciu w poni\u017cszy link:<\/strong><\/span><\/p>\n<blockquote class=\"wp-embedded-content\" data-secret=\"oglX7r8fmj\"><p><a href=\"https:\/\/rdi.org.pl\/zostan-darczynca\/\">Zosta\u0144 darczy\u0144c\u0105<\/a><\/p><\/blockquote>\n<p><iframe loading=\"lazy\" class=\"wp-embedded-content\" sandbox=\"allow-scripts\" security=\"restricted\" style=\"position: absolute; clip: rect(1px, 1px, 1px, 1px);\" title=\"&#8222;Zosta\u0144 darczy\u0144c\u0105&#8221; &#8212; Reduta Dobrego Imienia\" src=\"https:\/\/rdi.org.pl\/zostan-darczynca\/embed\/#?secret=HTj3MiY99T#?secret=oglX7r8fmj\" data-secret=\"oglX7r8fmj\" width=\"600\" height=\"338\" frameborder=\"0\" marginwidth=\"0\" marginheight=\"0\" scrolling=\"no\"><\/iframe><\/p>\n<\/div>\n<p>[\/et_pb_accordion_item][et_pb_accordion_item title=&#8221;Za nami rozprawa apelacyjna przeciwko producentom filmu \u201cNASZE MATKI, NASI OJCOWIE\u201d&#8221; _builder_version=&#8221;4.20.2&#8243; _module_preset=&#8221;default&#8221; width=&#8221;100%&#8221; max_width=&#8221;100%&#8221; global_colors_info=&#8221;{}&#8221; theme_builder_area=&#8221;post_content&#8221; open=&#8221;off&#8221;]<\/p>\n<blockquote>\n<header class=\"entry-header\">\n<div class=\"entry-meta\">\n<div class=\"blog-data-wrapper\">\n<div class=\"post-data-positioning\">\n<h6 class=\"post-data-text\"><span class=\"posted-on\" style=\"color: #0000ff;\">Napisano dnia\u00a0<a href=\"http:\/\/www.anti-defamation.org\/aktualnosci\/za-nami-rozprawa-apelacyjna-przeciwko-producentom-filmu-nasze-matki-nasi-ojcowie\/\" rel=\"bookmark\" style=\"color: #0000ff;\"><time class=\"entry-date published updated\" datetime=\"2020-12-08T16:25:50+01:00\">8 grudnia, 2020<\/time><\/a><\/span><\/h6>\n<\/div>\n<\/div>\n<\/div>\n<\/header>\n<div class=\"entry-content\">\n<div class=\"entry-content\">\n<p>Dzisiaj tj. 8.12.2020 r. w S\u0105dzie Apelacyjnym w Krakowie odby\u0142a si\u0119 rozprawa apelacyjna w sprawie kapitana Zbigniewa Rad\u0142owskiego oraz \u015awiatowego Zwi\u0105zku \u017bo\u0142nierzy AK przeciwko telewizji niemieckiej ZDF (co-producentowi) oraz producentowi filmu \u201eNasze Matki, Nasi Ojcowie\u201d.<\/p>\n<p>Rozprawa rozpocz\u0119\u0142a si\u0119 od wniosku strony pozwanej o wy\u0142\u0105czenie nowego s\u0119dziego sprawozdawcy, bo: \u201ezmiana jest zaskakuj\u0105ca\u201d.\u00a0 Strona pozwana zarzuca w swoim pi\u015bmie, \u017ce ta ich zdaniem zaskakuj\u0105ca zmiana \u201ewygl\u0105da z perspektywy ich mocodawc\u00f3w w taki spos\u00f3b jakby s\u0119dzia otrzyma\u0142 delegacj\u0119 do prowadzenia tej konkretnej sprawy. Impulsem za\u015b do takiego \u201eprzy\u015bpieszenia\u201d zdaniem strony pozwanej by\u0142a publikacja w \u2013 jak to uj\u0119li\u00a0 \u2013 w \u201emedium rz\u0105dowym\u201d czyli TVP Info.<\/p>\n<p>Tymczasem zmiana ta \u2013 jak wyja\u015bni\u0142 przewodnicz\u0105cy sk\u0142adu \u2013 zwi\u0105zana by\u0142a z przej\u015bciem w stan spoczynku poprzedniego s\u0119dziego. W zwi\u0105zku z tym wnioskiem, rozprawa co prawda odby\u0142a si\u0119, ale wyrok nie m\u00f3g\u0142 dzisiaj zapa\u015b\u0107. Prawdopodobnie pozwani d\u0105\u017c\u0105 do tego, aby sprawy takie jak ta z udzia\u0142em 97-letniego kpt. Rad\u0142owskiego, czy inne dotycz\u0105ce \u201epolskich oboz\u00f3w\u201d, mog\u0142y si\u0119 toczy\u0107 przed niemieckimi s\u0105dami. Ostatecznie s\u0105d oddali\u0142 wniosek o zawieszenie post\u0119powania.<\/p>\n<p>Przypomnijmy, \u017ce 18.12. 2018 r. w Krakowie S\u0105d Okr\u0119gowy zobowi\u0105za\u0142 pozwanych do umieszczenia przeprosin w siedem dni od uprawomocnienia si\u0119 wyroku, pomi\u0119dzy godzin\u0105 20.00 a 20.30, o widocznym wyboldowanym tytule \u201e ZDF I UFA FICTION PRZEPRASZAJ\u0104 Z. RAD\u0141OWSKIEGO I \u015aWIATOWY ZWI\u0104ZEK \u017bO\u0141NIERZY ARMII KRAJOWEJ\u201d. S\u0105d nakaza\u0142, by tekst przeprosin ukaza\u0142 si\u0119 w j\u0119zyku polskim w 1 Programie TVP\u00a0 i po niemiecku w ZDF, ZDF Neo, Sat3, a tak\u017ce na stronach internetowych pozwanych. Dodatkowo s\u0105d zobowi\u0105za\u0142 pozwanych do wy\u015bwietlania przed ka\u017cd\u0105 emisj\u0105 tablicy informuj\u0105cej, \u017ce wszelkie postaci \u017co\u0142nierzy AK wskazane w filmie s\u0105 fikcyjne i jakiekolwiek podobie\u0144stwo do postaci prawdziwych jest niezamierzone.<\/p>\n<p>Podczas rozprawy apelacyjnej strona pozwana zarzuca\u0142a wyrokowi I instancji, \u017ce jest \u201enarracj\u0105 s\u0105dow\u0105\u201d, kt\u00f3ra wykorzystuje manipulacje i cz\u0119\u015b\u0107 uzasadnienia to tylko emocjonalny wyw\u00f3d pogl\u0105d\u00f3w s\u0105du na Armi\u0119 Krajow\u0105. Wed\u0142ug adwokata ZDF, s\u0105d mylnie uzna\u0142, \u017ce wiedza historyczna jest czerpana z film\u00f3w, podczas gdy wg pozwanych, jest czerpana z ksi\u0105\u017cek. Dodatkowo obro\u0144cy stwierdzili, \u017ce ksi\u0105\u017cka \u201eDalej jest noc\u201d to wiarygodne \u017ar\u00f3d\u0142o, aby przedstawi\u0107 AK jako organizacj\u0119, kt\u00f3rej cz\u0142onkowie zn\u0119cali si\u0119 nad \u017bydami. Adwokaci pozwanych uwa\u017caj\u0105, \u017ce film \u201eNasze matki, nasi ojcowie\u201d nie pokazuje ani kpt. Zbigniewa Rad\u0142owskiego, ani \u015awiatowego Zwi\u0105zku \u017bo\u0142nierzy Armii Krajowej, wi\u0119c nie istnieje w tym przypadku naruszenie ich d\u00f3br, a ponadto nie jest mo\u017cliwe naruszenie dobrego imienia Armii Krajowej, bo ta ju\u017c nie istnieje. Strona pozwana odwo\u0142ywa\u0142a si\u0119 r\u00f3wnie\u017c do tego, \u017ce \u201es\u0105d wybra\u0142 sobie jedyn\u0105 interpretacj\u0119\u201d, podczas gdy sztuka powinna by\u0107 interpretowana indywidualnie.<\/p>\n<p>Po wypowiedziach strony pozwanej, g\u0142os zabra\u0142a adwokat Monika Brzozowska-Pasieka, pe\u0142nomocnik Powod\u00f3w, podkre\u015blaj\u0105c m.in. \u017ce film zrobiony jest w taki spos\u00f3b, i\u017c niemieccy bohaterowie wzbudzaj\u0105 sympati\u0119, oraz \u017ce przeproszenie musi by\u0107 opublikowane w takiej formie jak w wyroku I instancji, gdy\u017c film by\u0142 bardzo popularny. R\u00f3wnie\u017c\u00a0 nie wolno dyskryminowa\u0107 polskich bieg\u0142ych, kt\u00f3rzy s\u0105 tak samo dobrzy jak niemieccy. Ponadto mecenas odnios\u0142a si\u0119 do kpt. Rad\u0142owskiego, zauwa\u017caj\u0105c, \u017ce jest on postaci\u0105, kt\u00f3ra niejako symbolizuje pokolenie walcz\u0105ce w AK. Monika Brzozowska-Pasieka zauwa\u017cy\u0142a te\u017c, i\u017c ksi\u0105\u017cka \u201eDalej jest noc\u201d, na kt\u00f3r\u0105 powo\u0142ywali si\u0119 adwokaci strony pozwanej, ukaza\u0142a si\u0119 w 2018 r., podczas gdy film powsta\u0142 w 2012 r. Poza tym, ksi\u0105\u017cka ta nie mo\u017ce by\u0107 przedstawiana jako zbi\u00f3r fakt\u00f3w<\/p>\n<p>nie podlegaj\u0105cych dyskusji, gdy\u017c wykazano ju\u017c w niej wiele przek\u0142ama\u0144.<\/p>\n<p>G\u0142os zabra\u0142a r\u00f3wnie\u017c prokurator, kt\u00f3ra przy\u0142\u0105czy\u0142a si\u0119 do strony powodowej wnosz\u0105c o oddalenie apelacji pozwanych. Wed\u0142ug niej inkryminowany film przedstawia AK jako organizacj\u0119 antysemick\u0105, a patologie zosta\u0142y w nim ukazane jako norma, tymczasem wyrok s\u0105du I instancji ma przywr\u00f3ci\u0107 prawd\u0119 i ochroni\u0107 dobra osobiste Powod\u00f3w. Rozprawa na tym si\u0119 zako\u0144czy\u0142a.<\/p>\n<p>Przypominamy, \u017ce RDI wspiera i monitoruje od pocz\u0105tku ten proces.<\/p>\n<p><strong>Relacja z przebiegu rozprawy:<\/strong><\/p>\n<p>&nbsp;<\/p>\n<p><iframe loading=\"lazy\" title=\"Rozprawa w sadzie apelacyjnym w Krakowie 8.12.2020 w sprawie filmu &quot;Nasze matki Nasi ojcowie&quot;\" width=\"1080\" height=\"608\" src=\"https:\/\/www.youtube.com\/embed\/fucsBtjmOkA?feature=oembed\"  allow=\"accelerometer; autoplay; clipboard-write; encrypted-media; gyroscope; picture-in-picture; web-share\" allowfullscreen><\/iframe><\/p>\n<p><span class=\"components-visually-hidden\">(otworzy si\u0119 w nowej zak\u0142adce)<\/span><\/p>\n<p><em>O dalszych post\u0119pach w tej sprawie b\u0119dziemy informowa\u0107.<\/em><\/p>\n<\/div>\n<\/div>\n<\/blockquote>\n<p>&nbsp;<\/p>\n<p>[\/et_pb_accordion_item][et_pb_accordion_item title=&#8221;Wygrali\u015bmy! Wyrok w sprawie serialu \u201cNASZE MATKI, NASI OJCOWIE%22&#8243; _builder_version=&#8221;4.20.2&#8243; _module_preset=&#8221;default&#8221; module_alignment=&#8221;center&#8221; global_colors_info=&#8221;{}&#8221; theme_builder_area=&#8221;post_content&#8221; open=&#8221;off&#8221;]<\/p>\n<header class=\"entry-header\">\n<div class=\"entry-meta\">\n<div class=\"blog-data-wrapper\">\n<div class=\"post-data-positioning\">\n<h6 class=\"post-data-text\"><span class=\"posted-on\" style=\"color: #0000ff;\">Napisano dnia\u00a0<a href=\"http:\/\/www.anti-defamation.org\/aktualnosci\/wygralismy-wyrok-w-sprawie-serialu-nasze-matki-nasi-ojcowie\/\" rel=\"bookmark\" style=\"color: #0000ff;\"><time class=\"entry-date published\" datetime=\"2018-12-28T21:37:11+01:00\">28 grudnia, 2018<\/time><\/a><\/span><span class=\"byline\"><\/span><\/h6>\n<\/div>\n<\/div>\n<\/div>\n<\/header>\n<div class=\"entry-content\">\n<p>Szanowni Pa\u0144stwo!<\/p>\n<p>Dzisiaj\u00a0 w S\u0105dzie Okr\u0119gowym w Krakowie zapad\u0142 wyrok w procesie przeciwko producentom serialu \u201eNasze matki, nasi ojcowie\u201d. S\u0105d orzek\u0142\u00a0 o winie ZDF i UFA Fiction \u2013 producent\u00f3w serialu.<\/p>\n<p>Proces wytoczy\u0142 \u015awiatowy Zwi\u0105zek \u017bo\u0142nierzy Armii Krajowej oraz kpt. Zbigniew Rad\u0142owski, \u017co\u0142nierz AK oraz uczestnik m.in. Powstania Warszawskiego, wi\u0119zie\u0144 niemieckiego obozu Auschwitz, jeniec Stalagu X B Sandbostel, po wojnie skazany przez Sowiet\u00f3w za szpiegostwo.<\/p>\n<p>Proces cywilny rozpocz\u0105\u0142 si\u0119 18 lipca 2016 roku. Ostatnia rozprawa odby\u0142a si\u0119 18 grudnia b.r.<br \/>W my\u015bl wyroku s\u0105du ZDF i Ufa Fiction ma umie\u015bci\u0107 przeprosiny w TVP1 w czasie antenowym adekwatnym do czasu wy\u015bwietlania serialu oraz na niemieckich kana\u0142ach telewizyjnych, w kt\u00f3rych serial by\u0142 emitowany. Ponadto stosowne przeprosiny maj\u0105 si\u0119 ukaza\u0107 na stronach internetowych www.zdf.de i http:\/\/www.ufa-fiction.de w widocznym miejscu przez okres 3 miesi\u0119cy, w terminie 7 dni od daty uprawomocnienia si\u0119 wyroku. Dodatkowo, zgodnie z \u017c\u0105daniami strony powodowej, pozwani zostaj\u0105 zobowi\u0105zani do uiszczenia kwoty 20.000 z\u0142 tytu\u0142em zado\u015b\u0107uczynienia za naruszenie d\u00f3br osobistych na rzecz kpt Z. Rad\u0142owskiego.<\/p>\n<p>Zdaniem Macieja \u015awirskiego, prezesa Reduta Dobrego Imienia sam proces i jego przebieg jasno wskazuj\u0105, \u017ce Polacy sprzeciwiaj\u0105 si\u0119 niemieckiej polityce historycznej, kt\u00f3rej wyrazem jest ten film.<\/p>\n<p>\u2013 Jest to forma imperializmu kulturowego, kt\u00f3ry ma na celu zmian\u0119 \u015bwiadomo\u015bci \u015bwiata na temat niemieckich zbrodni pope\u0142nionych w trakcie II wojny \u015bwiatowej. Cieszymy si\u0119, \u017ce prawda zatryumfowa\u0142a, jeste\u015bmy wdzi\u0119czni s\u0105dowi za obiektywne podej\u015bcie do sprawy. Szkoda tylko, \u017ce to tak d\u0142ugo trwa\u0142o, ale wynika\u0142o to g\u0142ownie z obstrukcji strony niemieckiej \u2013 podkre\u015bla Maciej \u015awirski, prezes Reduty Dobrego Imienia.<\/p>\n<p>Przypomnijmy, \u017ce ca\u0142y serial w bardzo specyficzny, negatywny spos\u00f3b pokazuje Armi\u0119 Krajow\u0105 i jej \u017co\u0142nierzy i to we wszystkich scenach, w kt\u00f3rych pojawia si\u0119 \u201eoddzia\u0142 AK\u201d. Oddzia\u0142 pokazany jako cz\u0119\u015b\u0107 Armii Krajowej sprawia wra\u017cenie bandy rabunkowej utworzonej z kryminalist\u00f3w, poubieranych w p\u00f3\u0142cywilne, p\u00f3\u0142wojskowe niby-mundury. Wszyscy cz\u0142onkowie tego oddzia\u0142u ziej\u0105 nienawi\u015bci\u0105 do \u017byd\u00f3w. Bior\u0105c pod uwag\u0119 ich zachowanie, s\u0105 oni po prostu grup\u0105 bandyt\u00f3w, zamaskowanymi cz\u0119\u015bciowo mundurami i noszonymi\u00a0w \u00a0filmie bia\u0142o-czerwonymi opaskami z du\u017cymi literami AK.<\/p>\n<p>Dzia\u0142ania prawne przeciwko producentom prowadzi\u0142a kancelaria Pasieka, Derlikowski, Brzozowska i Partnerzy z Krakowa.<\/p>\n<p>Reduta Dobrego Imienia monitorowa\u0142a i wspiera\u0142a proces.<\/p>\n<p style=\"text-align: center;\">Poni\u017cej zamieszczamy film z og\u0142oszenia wyroku oraz wzruszaj\u0105ce o\u015bwiadczenie ko\u0144cowe Kapitana Zbigniewa Rad\u0142owskiego.<\/p>\n<p style=\"text-align: center;\">\n<p style=\"text-align: center;\"><iframe loading=\"lazy\" title=\"Wyrok i Uzasadnienie w sprawie serialu &quot;Nasze Matki Nasi Ojcowie&quot;\" width=\"640\" height=\"360\" src=\"https:\/\/www.youtube.com\/embed\/QD-7AIKVBuU?feature=oembed&amp;wmode=opaque\" frameborder=\"0\" allow=\"accelerometer; autoplay; clipboard-write; encrypted-media; gyroscope; picture-in-picture\" allowfullscreen=\"\"><\/iframe><\/p>\n<p style=\"text-align: center;\"><iframe loading=\"lazy\" title=\"Oswiadczenie Kapitana Rad\u0142owskiego\" width=\"640\" height=\"360\" src=\"https:\/\/www.youtube.com\/embed\/ZPONbOmHS-0?feature=oembed&amp;wmode=opaque\" frameborder=\"0\" allow=\"accelerometer; autoplay; clipboard-write; encrypted-media; gyroscope; picture-in-picture\" allowfullscreen=\"\"><\/iframe><\/p>\n<p style=\"text-align: center;\">\n<\/div>\n<p>[\/et_pb_accordion_item][\/et_pb_accordion][\/et_pb_column][\/et_pb_row][\/et_pb_section]<\/p>\n","protected":false},"excerpt":{"rendered":"<p>Posted on March 23, 2021 Victory for the truth about the heroes of the Home Army! Soldiers of the Home Army win against German television and the producer of the film &#8222;Our Mothers, Our Fathers&#8221;. Defendants to apologise in prime time! &nbsp; \u201eW obliczu Boga Wszechmog\u0105cego i Naj\u015bwi\u0119tszej Maryi Panny, Kr\u00f3lowej Korony Polskiej, przysi\u0119gam by\u0107 [&hellip;]<\/p>\n","protected":false},"author":1,"featured_media":8365,"comment_status":"open","ping_status":"open","sticky":false,"template":"","format":"standard","meta":{"_et_pb_use_builder":"on","_et_pb_old_content":"","_et_gb_content_width":"","sfsi_plus_gutenberg_text_before_share":"","sfsi_plus_gutenberg_show_text_before_share":"","sfsi_plus_gutenberg_icon_type":"","sfsi_plus_gutenberg_icon_alignemt":"","sfsi_plus_gutenburg_max_per_row":"","footnotes":""},"categories":[52],"tags":[],"class_list":["post-1737","post","type-post","status-publish","format-standard","has-post-thumbnail","hentry","category-wyroki-nieprawomocne"],"_links":{"self":[{"href":"https:\/\/rdi.org.pl\/english\/wp-json\/wp\/v2\/posts\/1737","targetHints":{"allow":["GET"]}}],"collection":[{"href":"https:\/\/rdi.org.pl\/english\/wp-json\/wp\/v2\/posts"}],"about":[{"href":"https:\/\/rdi.org.pl\/english\/wp-json\/wp\/v2\/types\/post"}],"author":[{"embeddable":true,"href":"https:\/\/rdi.org.pl\/english\/wp-json\/wp\/v2\/users\/1"}],"replies":[{"embeddable":true,"href":"https:\/\/rdi.org.pl\/english\/wp-json\/wp\/v2\/comments?post=1737"}],"version-history":[{"count":2,"href":"https:\/\/rdi.org.pl\/english\/wp-json\/wp\/v2\/posts\/1737\/revisions"}],"predecessor-version":[{"id":472448,"href":"https:\/\/rdi.org.pl\/english\/wp-json\/wp\/v2\/posts\/1737\/revisions\/472448"}],"wp:featuredmedia":[{"embeddable":true,"href":"https:\/\/rdi.org.pl\/english\/wp-json\/wp\/v2\/media\/8365"}],"wp:attachment":[{"href":"https:\/\/rdi.org.pl\/english\/wp-json\/wp\/v2\/media?parent=1737"}],"wp:term":[{"taxonomy":"category","embeddable":true,"href":"https:\/\/rdi.org.pl\/english\/wp-json\/wp\/v2\/categories?post=1737"},{"taxonomy":"post_tag","embeddable":true,"href":"https:\/\/rdi.org.pl\/english\/wp-json\/wp\/v2\/tags?post=1737"}],"curies":[{"name":"wp","href":"https:\/\/api.w.org\/{rel}","templated":true}]}}