{"id":177,"date":"2016-01-23T09:27:04","date_gmt":"2016-01-23T09:27:04","guid":{"rendered":"http:\/\/www.anti-defamation.pl\/english\/?p=177"},"modified":"2024-04-12T15:13:55","modified_gmt":"2024-04-12T13:13:55","slug":"reduta-ostrzega-niemieckie-media-w-zwiazku-z-rocznica-auschwitz","status":"publish","type":"post","link":"https:\/\/rdi.org.pl\/english\/reduta-ostrzega-niemieckie-media-w-zwiazku-z-rocznica-auschwitz\/","title":{"rendered":"Reduta ostrzega niemieckie media w zwi\u0105zku z rocznic\u0105 Auschwitz"},"content":{"rendered":"<p>Wersja niemiecka ostrze\u017cenia do \u015bci\u0105gni\u0119cia [ddownload id=&#8221;184&#8243;]<\/p>\n<p>Wersja angielska do \u015bci\u0105gni\u0119cia [ddownload id=&#8221;182&#8243;]<\/p>\n<p><strong>Reduta Dobrego Imienia \u2013 Polska Liga przeciw Znies\u0142awieniom w zwi\u0105zku z rocznic\u0105 wkroczenia Armii Czerwonej do obozu Auschwitz ostrzega niemieckie media przed u\u017cywaniem sformu\u0142owania \u201epolskie obozy koncentracyjne\u201d.<\/strong><\/p>\n<p>Reduta dobrego Imienia \u2013 Polska Liga przeciw Znies\u0142awieniom wysy\u0142a do redakcji zagranicznych medi\u00f3w (przede wszystkim w Niemczech) list-ostrze\u017cenie, przestrzegaj\u0105cy przed u\u017cywaniem sformu\u0142owania \u201epolskie obozy koncentracyjne\u201d w artyku\u0142ach rocznicowych w zwi\u0105zku z kolejn\u0105 rocznic\u0105 \u201ewyzwolenia Auschwitz\u201d<\/p>\n<p>Armia Czerwona wkroczy\u0142a do obozy koncentracyjnego Auschwitz w dn. 26.01.1945 roku. W zwi\u0105zku ze zbli\u017caj\u0105c\u0105 si\u0119 rocznic\u0105 Reduta dobrego Imienia \u2013 Polska Liga przeciw Znies\u0142awieniom podj\u0119\u0142a akcj\u0119 informacyjn\u0105, maj\u0105c\u0105 na celu zapobie\u017cenie pojawienia si\u0119 w niemieckich mediach sformu\u0142owania \u201epolskie obozy koncentracyjne\u201d i podobne, informuj\u0105c, \u017ce tego rodzaju sformu\u0142owanie jest \u201ek\u0142amstwem o\u015bwi\u0119cimskim\u201d i czyli zaprzeczeniem niemieckiego sprawstwa Holokaustu. Jest to \u015bcigane prawem w Republice Federalnej Niemiec.<\/p>\n<p>List jest wysy\u0142any do redakcji niemieckich gazet.<\/p>\n<p>Poni\u017cej przytaczamy tekst informacji:<\/p>\n<p>&nbsp;<\/p>\n<p>\u201ePolska Liga przeciw Znies\u0142awieniom informuje i ostrzega w zwi\u0105zku ze zbli\u017caj\u0105c\u0105 si\u0119 rocznic\u0105 wkroczenia Armii Czerwonej do Auschwitz:<\/p>\n<p>W latach ubieg\u0142ych w artyku\u0142ach rocznicowych pojawi\u0142o si\u0119 zatrwa\u017caj\u0105co wiele przypadk\u00f3w u\u017cycia okre\u015blenia \u201epolski ob\u00f3z zag\u0142ady Auschwitz\u201d lub \u201epolski ob\u00f3z koncentracyjny Auschwitz\u201d.<\/p>\n<p>Ob\u00f3z zag\u0142ady w Auschwitz zosta\u0142 utworzony w 1940 roku przez Niemc\u00f3w na terenie Polski okupowanej przez III Rzesz\u0119 Niemieck\u0105 po napa\u015bci na Polsk\u0119 we wrze\u015bniu 1939 roku. Pocz\u0105tkowo celem tego obozu by\u0142a eksterminacja polskiej inteligencji. Po za\u0142o\u017ceniu obozu Auschwitz II sta\u0142 si\u0119 miejscem masowej eksterminacji \u017byd\u00f3w.<\/p>\n<p>Rz\u0105d Polski od wrze\u015bnia 1939 by\u0142 na uchod\u017astwie, najpierw we Francji a p\u00f3\u017aniej w Wielkiej Brytanii i nie sprawowa\u0142 jurysdykcji na okupowanych przez Niemc\u00f3w terenach. Wedle konwencji haskiej odpowiedzialno\u015b\u0107 za wydarzenia na okupowanym terenie bierze okupant.<\/p>\n<p>Ludob\u00f3jstwo dokonywane\u00a0 przez Niemc\u00f3w w latach 1939-1945 na Polakach, \u017bydach, Romach i innych narodach w obozach koncentracyjnych i zag\u0142ady w utworzonych na terenach okupowanej przez Niemc\u00f3w Polski przez w\u0142adze III Rzeszy Niemieckiej dokonywa\u0142o si\u0119 przy oboj\u0119tno\u015bci aliant\u00f3w koalicji antynazistowskiej. Polski Rz\u0105d na uchod\u017astwie wielokrotnie alarmowa\u0142 wolny \u015bwiat o dokonywanym przez Niemc\u00f3w ludob\u00f3jstwie.<\/p>\n<p>W Polsce istnia\u0142 najwi\u0119kszy w okupowanej przez Niemc\u00f3w Europie ruch oporu, zar\u00f3wno wojskowy jak i cywilny. W\u0142adze Polskiego Pa\u0144stwa Podziemnego wykonywa\u0142y wyroki \u015bmierci na wszystkich tych, kt\u00f3rzy pr\u00f3bowali przy\u0142\u0105czy\u0107 si\u0119 do niemieckiej akcji prze\u015bladowania \u017byd\u00f3w.<\/p>\n<p>Polska By\u0142a jedynym krajem w okupowanej Europie w kt\u00f3rym Niemcy wprowadzili\u00a0kar\u0119 \u015bmierci za pomoc \u017bydom \u2013 za ich ukrywanie i jakiekolwiek wsparcie.\u00a0 Kara ta dotyka\u0142a ca\u0142ych rodzin, doros\u0142ych i dzieci. Mimo tego Polacy pomagali swoim \u017cydowskim wsp\u00f3\u0142obywatelom. Tysi\u0105ce Polak\u00f3w Niemcy zabili za udzielanie pomocy \u017bydom.<\/p>\n<p>Niemieckie obozy koncentracyjne i zag\u0142ady na terenie Polski, w tym Auschwitz by\u0142y niemieckimi instytucjami, z niemieckim personelem pa\u0144stwowym, wype\u0142niaj\u0105cymi niemieckie zadania gospodarcze i polityczne.<\/p>\n<p>Dlatego te\u017c Polska Liga przeciw Znies\u0142awieniom przypomina w zwi\u0105zku z rocznic\u0105 wkroczenia Armii Czerwonej do Auschwitz, \u017ce prawid\u0142owa nazwa obozu Auschwitz to \u201eniemiecki nazistowski ob\u00f3z zag\u0142ady Auschwitz\u201d. Okre\u015blenie \u201eniemiecki nazistowski ob\u00f3z koncentracyjny\/zag\u0142ady\u201d dotyczy wszystkich oboz\u00f3w, kt\u00f3re Niemcy za\u0142o\u017cyli na terenie okupowanej Europy i we w\u0142asnym kraju.<\/p>\n<p>Nie istnia\u0142y \u201epolskie obozy koncentracyjne\u201d. Polacy obok \u017byd\u00f3w byli ofiarami niemieckiego ludob\u00f3jstwa. Polska w wyniku rozp\u0119tanej przez Niemc\u00f3w wojny straci\u0142a prawie 20% populacji.<\/p>\n<p>Okre\u015blenie \u201epolskie obozy koncentracyjne\u201d jest \u201ek\u0142amstwem o\u015bwi\u0119cimskim\u201d czyli zaprzeczeniem niemieckiego sprawstwa Holokaustu, \u015bciganym przez prawo Republiki\u00a0 Federalnej Niemiec.<\/p>\n<p>Polska Liga przeciw Znies\u0142awieniom ostrzega, \u017ce b\u0119dzie wyst\u0119powa\u0107 na drog\u0119 s\u0105dow\u0105 przeciwko tym redakcjom i dziennikarzom, kt\u00f3rzy u\u017cyj\u0105 sformu\u0142owania \u201epolski ob\u00f3z zag\u0142ady\u201d, \u201epolski ob\u00f3z koncentracyjny\u201d lub podobne.<\/p>\n<p>Maciej \u015awirski<\/p>\n<p>Prezes Polskiej Ligi przeciw Znies\u0142awieniom\u201d<\/p>\n","protected":false},"excerpt":{"rendered":"<p>Wersja niemiecka ostrze\u017cenia do \u015bci\u0105gni\u0119cia [ddownload id=&#8221;184&#8243;] Wersja angielska do \u015bci\u0105gni\u0119cia [ddownload id=&#8221;182&#8243;] Reduta Dobrego Imienia \u2013 Polska Liga przeciw Znies\u0142awieniom w zwi\u0105zku z rocznic\u0105 wkroczenia Armii Czerwonej do obozu Auschwitz ostrzega niemieckie media przed u\u017cywaniem sformu\u0142owania \u201epolskie obozy koncentracyjne\u201d. Reduta dobrego Imienia \u2013 Polska Liga przeciw Znies\u0142awieniom wysy\u0142a do redakcji zagranicznych medi\u00f3w (przede wszystkim [&hellip;]<\/p>\n","protected":false},"author":3,"featured_media":471295,"comment_status":"open","ping_status":"open","sticky":false,"template":"","format":"standard","meta":{"_et_pb_use_builder":"","_et_pb_old_content":"","_et_gb_content_width":"","sfsi_plus_gutenberg_text_before_share":"","sfsi_plus_gutenberg_show_text_before_share":"","sfsi_plus_gutenberg_icon_type":"","sfsi_plus_gutenberg_icon_alignemt":"","sfsi_plus_gutenburg_max_per_row":"","footnotes":""},"categories":[1],"tags":[],"class_list":["post-177","post","type-post","status-publish","format-standard","has-post-thumbnail","hentry","category-bez-kategorii"],"_links":{"self":[{"href":"https:\/\/rdi.org.pl\/english\/wp-json\/wp\/v2\/posts\/177","targetHints":{"allow":["GET"]}}],"collection":[{"href":"https:\/\/rdi.org.pl\/english\/wp-json\/wp\/v2\/posts"}],"about":[{"href":"https:\/\/rdi.org.pl\/english\/wp-json\/wp\/v2\/types\/post"}],"author":[{"embeddable":true,"href":"https:\/\/rdi.org.pl\/english\/wp-json\/wp\/v2\/users\/3"}],"replies":[{"embeddable":true,"href":"https:\/\/rdi.org.pl\/english\/wp-json\/wp\/v2\/comments?post=177"}],"version-history":[{"count":1,"href":"https:\/\/rdi.org.pl\/english\/wp-json\/wp\/v2\/posts\/177\/revisions"}],"predecessor-version":[{"id":472997,"href":"https:\/\/rdi.org.pl\/english\/wp-json\/wp\/v2\/posts\/177\/revisions\/472997"}],"wp:featuredmedia":[{"embeddable":true,"href":"https:\/\/rdi.org.pl\/english\/wp-json\/wp\/v2\/media\/471295"}],"wp:attachment":[{"href":"https:\/\/rdi.org.pl\/english\/wp-json\/wp\/v2\/media?parent=177"}],"wp:term":[{"taxonomy":"category","embeddable":true,"href":"https:\/\/rdi.org.pl\/english\/wp-json\/wp\/v2\/categories?post=177"},{"taxonomy":"post_tag","embeddable":true,"href":"https:\/\/rdi.org.pl\/english\/wp-json\/wp\/v2\/tags?post=177"}],"curies":[{"name":"wp","href":"https:\/\/api.w.org\/{rel}","templated":true}]}}