{"id":218,"date":"2016-02-26T10:37:27","date_gmt":"2016-02-26T10:37:27","guid":{"rendered":"http:\/\/www.anti-defamation.pl\/english\/?p=218"},"modified":"2016-02-26T10:37:27","modified_gmt":"2016-02-26T10:37:27","slug":"wywiad-prezesa-reduty-dla-izraelskiego-dziennika-maariv","status":"publish","type":"post","link":"https:\/\/rdi.org.pl\/english\/wywiad-prezesa-reduty-dla-izraelskiego-dziennika-maariv\/","title":{"rendered":"Wywiad prezesa Reduty dla izraelskiego dziennika Maariv"},"content":{"rendered":"<p style=\"text-align: justify;\">W dniu 22. 01. 2016 roku w izraelskim dzienniku Maariv ukaza\u0142 si\u0119 wywiad z prezesem Reduty Dobrego Imienia. Dziennik zamie\u015bci\u0142 obszerny fragment wywiadu, kt\u00f3ry poni\u017cej publikujemy w ca\u0142o\u015bci. Wywiad przeprowadzi\u0142 Nissan Tzur, korespondent Maariv w Polsce.<\/p>\n<p style=\"text-align: justify;\"><strong>Jak Pan skomentuje propozycj\u0119 ustawy penalizuj\u0105cej u\u017cycie sformu\u0142owanie \u201epolskie obozy \u015bmierci\u201d?<\/strong><\/p>\n<p style=\"text-align: justify;\"><strong><img loading=\"lazy\" decoding=\"async\" class=\"wp-image-220 alignleft\" src=\"http:\/\/www.anti-defamation.pl\/english\/wp-content\/uploads\/2016\/02\/OK__IMAG4015.jpg\" alt=\"OK__IMAG4015\" width=\"424\" height=\"240\" \/><\/strong>Prawo to jest niezb\u0119dne do tego, \u017ceby zatrzyma\u0107 oszczerstwa, kt\u00f3re od d\u0142u\u017cszego czasu dotykaj\u0105 Polsk\u0119 i Polak\u00f3w. Sformu\u0142owanie \u201ePOK\u201d i podobne jest po prostu \u201ek\u0142amstwem o\u015bwi\u0119cimskim\u201d \u2013 czyli zaprzeczeniem niemieckiego sprawstwa Holocaustu.\u00a0 Oczywi\u015bcie nie zawsze u\u017cycie tego sformu\u0142owania wynika ze z\u0142ej woli, premedytacji \u2013 w wi\u0119kszo\u015bci jest to wynik ignorancji i braku wiedzy historycznej. Ale poniewa\u017c prawo kszta\u0142tuje postawy \u2013 uchwalenie takiego prawa pozwoli na wyeliminowanie znies\u0142awiaj\u0105cych okre\u015ble\u0144 z medi\u00f3w mi\u0119dzynarodowych. Tu nale\u017cy czytelnikom z Izraela powiedzie\u0107, \u017ce Polacy u\u017cycie tego okre\u015blenia odbieraj\u0105 jako znies\u0142awienie tak\u017ce dlatego \u2013 o czym w \u015bwiecie si\u0119 nie pami\u0119ta \u2013 \u017ce byli ofiarami niemieckiego ludob\u00f3jstwa. Tak, trzeba tu jasno powiedzie\u0107 \u2013 dwa bratnie narody, Polacy i \u017bydzi, mieszkaj\u0105cy wsp\u00f3lnie od wiek\u00f3w pad\u0142y ofiar\u0105 niemieckich okrucie\u0144stw. I trzeba powiedzie\u0107 te\u017c to, \u017ce wprowadzenia takiego prawa o karaniu za POK jest z korzy\u015bci\u0105 nie tylko dla Polak\u00f3w, ale tak\u017ce dla \u017byd\u00f3w, poniewa\u017c pozwoli to na skuteczn\u0105 walk\u0119 z fa\u0142szowaniem historii przez wszystkich tych, kt\u00f3rzy chc\u0105 zdj\u0105\u0107 win\u0119 z Niemc\u00f3w. Zbrodnie dokonane przez Niemc\u00f3w s\u0105 nie do zatarcia po wieczne czasy, wina niemiecka nie jest do zdj\u0119cia pomimo wszelkich wysi\u0142k\u00f3w ich propagandy historycznej.<\/p>\n<p style=\"text-align: justify;\"><strong>Jakie plany ma Pa\u0144ska organizacja w sprawie \u201epolskich oboz\u00f3w\u201d? Czy ju\u017c zrobili\u015bcie w ci\u0105gu ostatnich miesi\u0119cy\/tygodni?<\/strong><\/p>\n<p style=\"text-align: justify;\">Reduta Dobrego Imienia &#8211; Polska Liga przeciw Znies\u0142awieniom identyfikuje wszelkie przypadki k\u0142amstw i znies\u0142awie\u0144 wymierzonych w Polsk\u0119 i Polak\u00f3w\u00a0 gromadz\u0105c je w Dziale Dokumentacji. Jednak najwa\u017cniejszym elementem jest reakcja na pojawiaj\u0105ce si\u0119 oszczerstwa zwi\u0105zana z jego nag\u0142o\u015bnieniem w formie petycji, informacji do medi\u00f3w, list\u00f3w i domaganiem si\u0119 usuni\u0119cia lub sprostowania ew. napi\u0119tnowania oszczercy a\u017c w ko\u0144cu \u2013 akcj\u0105 prawn\u0105.<\/p>\n<p style=\"text-align: justify;\">Najcz\u0119\u015bciej oszczerstwa dotycz\u0105 w\u0142a\u015bnie sformu\u0142owania \u201epolskie obozy koncentracyjne\/zag\u0142ady\u201d, \u201enazistowskie obozy zag\u0142ady w Polsce\u201d (sugeruj\u0105ce, \u017ce nazi\u015bci byli Polakami) lub wr\u0119cz \u201epolskie nazistowskie obozy zag\u0142ady\u201d. Powy\u017csze sformu\u0142owania cz\u0119sto publikowane s\u0105\u00a0 w mi\u0119dzynarodowych mediach. Wszystkie takie przypadki s\u0105 identyfikowane przez Dzia\u0142 Dokumentacji Reduty, a do redakcji wysy\u0142ane s\u0105 oficjalne sprostowania.<\/p>\n<p style=\"text-align: justify;\">Tylko w ostatnim czasie Reduta interweniowa\u0142a kilkana\u015bcie razy na okoliczno\u015b\u0107 u\u017cycia sformu\u0142owania \u201epolski ob\u00f3z koncentracyjny\u201d. Tak by\u0142o w przypadku norweskiej publicznej telewizji NRK, kt\u00f3ra w ubieg\u0142ym roku opublikowa\u0142a je na swojej stronie internetowej. Reduta interweniowa\u0142a u ambasadora, w norweskiej Radzie Etyki Medi\u00f3w, przeprowadzi\u0142a tak\u017ce spotkanie szkoleniowe dla norweskich dziennikarzy informuj\u0105c o rzeczywistej sytuacji w okupowanej przez Niemc\u00f3w Polsce. Dopiero jednak zorganizowana przez Redut\u0119 petycja do norweskiej Rady Etyki Medi\u00f3w podpisana przez ponad 41 tys. os\u00f3b przynios\u0142a efekt. Sformu\u0142owanie \u201epolskie obozy koncentracyjne\u201d zosta\u0142o zast\u0105pione przez \u201eniemieckie obozy koncentracyjne na terenie okupowanej przez nazist\u00f3w Polsce\u201d.<\/p>\n<p style=\"text-align: justify;\">Z prawdziwym wysypem k\u0142amliwego sformu\u0142owania \u201epolskie obozy zag\u0142ady\u201d w mediach mamy zwykle do czynienia w okresie rocznic, jak np. rocznica wyzwolenia Auschwitz. Co roku przodowa\u0142y w tym media w Niemczech. W tym roku Reduta wykona\u0142a jednak krok wyprzedzaj\u0105cy i na kilka dni przed kolejn\u0105 rocznic\u0105 wyzwolenia obozu przeprowadzi\u0142a szeroko zakrojon\u0105 akcj\u0119 informacyjn\u0105 skierowan\u0105 w\u0142a\u015bnie do niemieckich medi\u00f3w, tak\u017ce lokalnych. W takiej sytuacji trudno t\u0142umaczy\u0107 si\u0119 brakiem wystarczaj\u0105cej wiedzy. W efekcie nie zanotowali\u015bmy \u017cadnego przypadku u\u017cycia oszczerczego sformu\u0142owania w tych mediach.<\/p>\n<p style=\"text-align: justify;\">Pojawi\u0142y si\u0119 za to m.in. w internetowym wydaniu w\u0142oskiego \u201eCorriere Dela Sera\u201d czy\u00a0 rosyjskiej agencji RIA Nowosti. W takich przypadkach po wys\u0142aniu przez Redut\u0119 wniosku o sprostowanie, b\u0142\u0105d skorygowano lub jak w przypadku RIA Novosti, informacj\u0119 usuni\u0119to z serwisu.<\/p>\n<p style=\"text-align: justify;\">Widzimy zatem, \u017ce szeroko zakrojona akcja informacyjna ma g\u0142\u0119boki sens i jest to dla nas jeden z drogowskaz\u00f3w do dzia\u0142a\u0144 w najbli\u017cszej przysz\u0142o\u015bci.<\/p>\n<p style=\"text-align: justify;\">Mamy jednak do czynienia tak\u017ce z ewidentnymi zafa\u0142szowaniami historii przez osoby, kt\u00f3re trudno pos\u0105dza\u0107 o brak elementarnej wiedzy historycznej.\u00a0 Tak by\u0142o w przypadku pseudo- historyka Tomasza Grossa, kt\u00f3ry wyspecjalizowa\u0142 si\u0119 w szkalowaniu Polak\u00f3w przypisuj\u0105c nam m.in. wsp\u00f3\u0142sprawstwo Holokaustu stwierdzeniem\u00a0 jakoby \u201ew czasie wojny Polacy zabili wi\u0119cej \u017byd\u00f3w ni\u017c Niemc\u00f3w\u201d w artykule \u201eEuropejczycy Wschodni nie maj\u0105 wstydu\u201d opublikowanym 13 wrze\u015bnia 2015 r. na \u0142amach Die Welt. Za to oszczerstwo Reduta skierowa\u0142a spraw\u0119 przeciwko J.T. Grossowi o czyn z art. 133 kodeksu karnego w sprawie publicznego zniewa\u017cenia Narodu Polskiego do prokuratury. Wyst\u0105pili\u015bmy\u00a0 tak\u017ce z petycj\u0105 w sprawie osobistego nadzoru prokuratora generalnego nad \u015bledztwem, zach\u0119caj\u0105c obywateli do sk\u0142adania osobistych doniesie\u0144. Ponad sto os\u00f3b z\u0142o\u017cy\u0142o takie doniesienie. Co ciekawe, od czasu podj\u0119cia dzia\u0142a\u0144\u00a0w sprawie J.T Grossa serwery WWW Reduty przez wiele tygodni podlega\u0142y systematycznym atakom. Post\u0119powanie nadal\u00a0 jest w toku, podobnie jak skierowany przez nas w pa\u017adzierniku 2015 r. wniosek do Prezydenta o pozbawienie J.T. Grossa tytu\u0142u Krzy\u017ca Kawalerskiego Orderu Zas\u0142ugi RP. Obecnie sprawa ta jest rozpatrywana przez kancelari\u0119 Prezydenta.<\/p>\n<p style=\"text-align: justify;\">Innym przypadkiem jest cho\u0107by stwierdzenie wypowiedziane przez Jo\u00ebla\u00a0<em>Mergui<\/em><em>,\u00a0<\/em>Centralnego Konsystorza \u017bydowskiego Francji na antenie francuskiej iTele nale\u017c\u0105cej do Canal+, kt\u00f3ry 6 stycznia br. stwierdzi\u0142, \u017ce \u201enigdy jeszcze spo\u0142eczno\u015b\u0107 \u017cydowska nie powsta\u0142a zbrojnie w imieniu Judaizmu, aby zniszczy\u0107 Hiszpani\u0119, kt\u00f3ra ich wygna\u0142a, czy te\u017c Polsk\u0119, kt\u00f3ra ich zagazowa\u0142a.\u201d W tej sprawie tak\u017ce wys\u0142ali\u015bmy sprostowanie powo\u0142uj\u0105c si\u0119 na prawodawstwo francuskie.<\/p>\n<p style=\"text-align: justify;\">Oszczerstwa pojawiaj\u0105 si\u0119 tak\u017ce w publikacjach ksi\u0105\u017ckowych. Ostatnim takim przypadkiem jest wyj\u0105tkowo k\u0142amliwe sformu\u0142owanie \u201epolskie SS\u201d w publikacji Dany Wagner i Ratny Omidvar wydanej przez Between the Lines w Kanadzie. W tej sprawie Reduta wystosowa\u0142a do wydawnictwa wniosek o natychmiastowe wycofanie nak\u0142adu ze sprzeda\u017cy i przypisaniu jednostkom SS w\u0142a\u015bciwej narodowo\u015bci \u2013 czyli niemieckiej. Co ciekawe, autorki &#8211; a nie wydawnictwo, zapowiedzia\u0142y jedynie wprowadzenie erraty z okre\u015bleniem \u201ethe SS\u201d. To nas absolutnie nie satysfakcjonuje, o czym Reduta poinformowa\u0142a w specjalnej petycji. Ksi\u0105\u017cka szkaluj\u0105ca Polak\u00f3w nadal jest w obiegu. Ta sprawa jest rozwojowa i prawdopodobnie znajdzie sw\u00f3j fina\u0142 na sali s\u0105dowej.<\/p>\n<p style=\"text-align: justify;\">Nie brakuje tak\u017ce przypadk\u00f3w oszczerstw i manipulacji uprawianych za pomoc\u0105 produkcji filmowych. Mam tu na my\u015bli cho\u0107by trzy odcinkowy serial produkcji niemieckiej \u201eNasze matki, nasi ojcowie\u201d, kt\u00f3ry zosta\u0142 wyemitowany w czerwcu 2013 r. w TVP. W serialu tym \u017co\u0142nierze Armii Krajowej zostali pom\u00f3wieni o antysemityzm i wsp\u00f3\u0142udzia\u0142 w zbrodniach nazistowskich. Reduta skierowa\u0142a t\u0119 spraw\u0119 tj. o czyn z art. 133 kk w sprawie publicznego zniewa\u017cenia Narodu Polskiego do prokuratury. Po zako\u0144czeniu czynno\u015bci w ramach mi\u0119dzynarodowej pomocy prawnej \u015bledztwo w tej sprawie ponownie zosta\u0142o podj\u0119te.<\/p>\n<p style=\"text-align: justify;\">Innym przyk\u0142adem jest oskarowy film \u201eIda\u201d, kt\u00f3ry w pozbawionych elementarnej wiedzy o historii II W\u015a widzach mo\u017ce wywo\u0142a\u0107 fa\u0142szywe prze\u015bwiadczenie, \u017ce to Polacy wymordowali europejskich \u017byd\u00f3w i zrabowali ich maj\u0105tek. Dlatego Reduta wystosowa\u0142a stanowczy protest do Pa\u0144stwowego Instytutu Sztuki Filmowej domagaj\u0105c si\u0119 umieszczenia w czo\u0142\u00f3wce filmu podstawowych informacji dotycz\u0105cych prawdy historycznej z tamtego okresu. Zaproponowali\u015bmy umieszczenie\u00a0 kilku oczywistych prawd o kt\u00f3rych zawsze nale\u017cy pami\u0119ta\u0107. Pozwol\u0119 sobie je przypomnie\u0107:<\/p>\n<ol style=\"text-align: justify;\">\n<li><em>Polska by\u0142a\u00a0pod okupacj\u0105 niemieck\u0105\u00a0w latach\u00a01939-1945<\/em><\/li>\n<li><em>Niemieccy okupanci prowadzili polityk\u0119 eksterminacji\u00a0\u017byd\u00f3w.<\/em><\/li>\n<li><em>W okupowanej przez Niemc\u00f3w Polsce\u00a0za ukrywanie \u017byd\u00f3w Niemcy karali \u015bmierci\u0105\u00a0nie tylko tego, kt\u00f3ry ukrywa\u0142,\u00a0ale tak\u017ce ca\u0142\u0105 jego rodzin\u0119, pomimo\u00a0to wielu Polak\u00f3w ukrywa\u0142o\u00a0\u017byd\u00f3w.<\/em><\/li>\n<li><em>W\u00a0ten spos\u00f3b zgin\u0119\u0142y tysi\u0105ce Polak\u00f3w oddaj\u0105cych \u017cycie\u00a0za s\u0105siad\u00f3w\u00a0i wsp\u00f3\u0142obywateli Rzeczypospolitej \u2013 prze\u015bladowanych\u00a0\u017byd\u00f3w.<\/em><\/li>\n<li><em>Legalne w\u0142adze Polskiego Pa\u0144stwa Podziemnego, uznawane przez Aliant\u00f3w,\u00a0z ca\u0142\u0105 surowo\u015bci\u0105 kara\u0142y \u015bmierci\u0105 przypadki prze\u015bladowania \u017byd\u00f3w przez tych\u00a0z Polak\u00f3w, kt\u00f3rych zdemoralizowa\u0142a okrutna\u00a0i bezwzgl\u0119dna okupacja\u00a0niemiecka.<\/em><\/li>\n<li><em>Instytut YadVashem najwi\u0119cej tytu\u0142\u00f3w Sprawiedliwych W\u015br\u00f3d Narod\u00f3w \u015awiata przyzna\u0142\u00a0Polakom.<\/em><\/li>\n<\/ol>\n<p style=\"text-align: justify;\"><strong>Propozycja penalizacji sformu\u0142owania \u201epolskie obozy koncentracyjne\u201d pojawia si\u0119 w tym samym czasie gdy polski rz\u0105d rozwa\u017ca odebranie Orderu Zas\u0142ugi Janowi Tomaszowi Grossowi. Bior\u0105c pod uwag\u0119 fakt, \u017ce niekt\u00f3ryz Polacy brali udzia\u0142 w okrucie\u0144stwach w stosunku do swoich \u017cydowskich s\u0105siad\u00f3w, czy nie czuje Pan, \u017ce to jest jaki\u015b rodzaj kampanii polskiego rz\u0105du aby zdj\u0105\u0107 odpowiedzialno\u015b\u0107 z Polak\u00f3w \u017ale czyni\u0105cych (wrong doing) podczas Holocaustu? I dodatkowo\u00a0 tej kwestii \u2013 Prezydent Duda oskar\u017cy\u0142 Bronis\u0142awa Komorowskiego o \u201eoczernianie reputacji Polski poprzez przepraszanie za masakry przeprowadzone przez Polak\u00f3w podczas Holokaustu\u201d. Czy zgadza si\u0119 Pan z Panem Dud\u0105?<\/strong><\/p>\n<p style=\"text-align: justify;\">Po pierwsze &#8211; to nie polski rz\u0105d zainicjowa\u0142 dzia\u0142ania w sprawie Grossa, lecz moja organizacja \u2013 Polska Liga przeciw Znies\u0142awieniom. I sta\u0142o si\u0119 to ze wzgl\u0119du na to, \u017ce w momencie gdy polski rz\u0105d negocjowa\u0142 z partnerami europejskimi kwesti\u0119 tzw. obowi\u0105zkowych kwot imigracyjnych swoim tekstem w kt\u00f3rym oskar\u017cy\u0142 Polak\u00f3w o ksenofobi\u0119 i antysemityzm i napisa\u0142 tak\u017ce k\u0142amliwie, \u017ce \u201ePolacy podczas wojny zabili wi\u0119cej \u017byd\u00f3w ni\u017c Niemc\u00f3w\u201d \u2013 co spowodowa\u0142o os\u0142abienie polskiego stanowiska negocjacyjnego. Po pierwsze Polacy nie s\u0105 ksenofobami i antysemitami, a po drugie \u2013 tzw. \u201esprawa Grossa\u201d jest szersza ni\u017c tylko jego tzw. \u201epraca naukowa\u201d. Order Zas\u0142ugi , kt\u00f3rym Gross zosta\u0142 odznaczony otrzymuje si\u0119 w Polsce na \u201erozwijanie i umacnianie dobrych relacji Polski z innymi narodami\u201d. Ot\u00f3\u017c jego ksi\u0105\u017cki na temat relacji polsko-\u017cydowskich, poprzez stawianie skrajnych tez, wyolbrzymianie wydarze\u0144 marginalnych i oskar\u017canie WSZYSTKICH Polak\u00f3w o antysemityzm i mordowanie \u017byd\u00f3w \u2013 przecie\u017c nie buduje dobrych relacji z narodem \u017cydowskim, lecz generuje konflikt. Gross po prostu sprzeniewierzy\u0142 si\u0119 ideom jakie stoj\u0105 za tym orderem i dlatego wystosowali\u015bmy petycj\u0119 do Prezydenta Polski w sprawie odebrania orderu Grossowi. Nie mo\u017cna honorowa\u0107 cz\u0142owieka, kt\u00f3ry powoduje konflikt z innymi narodami!<\/p>\n<p style=\"text-align: justify;\">Je\u015bli Pan pyta o dzia\u0142ania Prezydenta Dudy w tej sprawie \u2013 prosz\u0119 pyta\u0107 rzecznika Prezydenta. Nie ma \u00a0\u201erz\u0105dowego planu ukrycia polskich win\u201d. W sprawie tych z Polak\u00f3w, kt\u00f3rzy w jaki\u015b spos\u00f3b prze\u015bladowali \u017byd\u00f3w w trakcie wojny rozliczali\u015bmy si\u0119 bardzo surowo w czasie wojny \u2013 i robi\u0142y to S\u0105dy Specjalne konspiracyjnej Armii Krajowej, a oddzia\u0142y likwidacyjne wykonywa\u0142y wyroki \u015bmierci, na tych, kt\u00f3rzy \u017byd\u00f3w wydawali w r\u0119ce Niemc\u00f3w.<\/p>\n<p style=\"text-align: justify;\">Wed\u0142ug mnie absolutnie skandalicznym by\u0142o, \u017ce by\u0142y prezydent Komorowski, w czasie gdy pe\u0142ni\u0142 urz\u0105d odwa\u017cy\u0142 si\u0119 powiedzie\u0107 o Polakach, \u017ce jest \u201enarodem sprawc\u00f3w\u201d. To stwierdzenie Komorowskiego legitymizuje k\u0142amliw\u0105 propagand\u0119 historyczn\u0105 Niemiec, chc\u0105cych podzieli\u0107 si\u0119 swoimi winami z II wojny \u015bwiatowej. A trzeba pami\u0119ta\u0107, \u017ce Niemcom uda\u0142o si\u0119 rozdzieli\u0107 s\u0142owo \u201eGermany\u201dod s\u0142owa \u201eNazi\u201d i w tej chwili wielu ludzi jest przekonanych, \u017ce Niemcy byli okupowani przez jakich\u015b \u201eNazist\u00f3w\u201d. Na to k\u0142amstwo nie ma i nie mo\u017ce by\u0107 zgody.<\/p>\n<p style=\"text-align: justify;\"><strong>Jak Pan my\u015bli, dlaczego ze wszystkich kraj\u00f3w Niemcy wybrali Polsk\u0119, aby zbudowa\u0107 tu wi\u0119kszo\u015b\u0107 ich oboz\u00f3w \u015bmierci?<\/strong><\/p>\n<p style=\"text-align: justify;\">A dlaczego Niemcy, spo\u015br\u00f3d wielu kraj\u00f3w, wybrali w\u0142a\u015bnie Polsk\u0119, by wprowadzi\u0107 przepis, \u017ce za pomoc \u017bydowi zostanie zabity sprawca i ca\u0142a jego rodzina?<\/p>\n<p style=\"text-align: justify;\">Pa\u0144skie pytanie odbieram jako ukryt\u0105 sugesti\u0119, \u017ce Niemcy dlatego utworzyli te obozy na terytorium okupowanej Polski bo rzekomo wszyscy Polacy byli czy s\u0105 antysemitami. Ot\u00f3\u017c wobec takiej interpretacji i takim pogl\u0105dom szczeg\u00f3lnie si\u0119 sprzeciwiamy. \u00a0Skoro karano \u015bmierci\u0105 za pomoc \u017bydom, to znaczy, \u017ce Polacy chcieli tej pomocy udziela\u0107!<\/p>\n<p style=\"text-align: justify;\">Niemcy ulokowali te obozy w okupowanej przez nich Polsce poniewa\u017c tu by\u0142o najwi\u0119ksze skupisko \u017byd\u00f3w w Europie \u2013 prawie 3,5 mln \u017byd\u00f3w by\u0142o obywatelami Polski. I trzeba pami\u0119ta\u0107, \u017ce Niemcy mordowali \u00a0w obozach \u017byd\u00f3w i Polak\u00f3w, Rom\u00f3w-Sinti, obywateli Rzeczypospolitej Polskiej. A wi\u0119c na lokalizacj\u0119 wp\u0142yn\u0119\u0142y wzgl\u0119dy praktyczne, a po drugie \u2013 w Polsce nie istnia\u0142y \u017cadne formy polskiego pa\u0144stwa kolaboruj\u0105cego z Niemcami, a wi\u0119c nie by\u0142o tak\u017ce w jakikolwiek spos\u00f3b opinii z kt\u00f3r\u0105 Niemcy mogliby si\u0119 liczy\u0107. Po prostu \u2013 Polacy i inni S\u0142owianie byli przez Niemc\u00f3w traktowani jako \u201epodludzie\u201d (Untermensch), przeznaczeni do p\u00f3\u017aniejszej eksterminacji (chocia\u017c w trakcie okupacji ta eksterminacja ju\u017c trwa\u0142a). Inaczej ni\u017c w Danii, Francji czy Holandii \u2013 gdzie w prawdzie pod okupacj\u0105, ale jednak istnia\u0142 jaki\u015b rodzaj opinii publicznej. Nie m\u00f3wi\u0105c ju\u017c o tym, \u017ce z Holandii czy Francji informacja o Holocau\u015bcie szybciej by dotar\u0142a do Aliant\u00f3w (kt\u00f3rzy dowiedzieli si\u0119 o Holokau\u015bcie dzi\u0119ki Janowi Karskiemu i Rotmistrzowi Witoldowi Pileckiemu kt\u00f3rzy z nara\u017ceniem \u017cycia zdobywali te informacje). Gdyby Auschwitz by\u0142 w Holandii albo we Francji informacja do Anglii i wolnego \u015bwiata dotar\u0142aby du\u017co wcze\u015bniej, a i tak zosta\u0142aby zapewne zignorowana. Generalnie podsumowuj\u0105c Holokaust by\u0142 mo\u017cliwy w\u0142a\u015bnie dlatego, \u017ce Niemcy zniszczyli pa\u0144stwo polskie i w konsekwencji nie mog\u0142o ono swoich \u017cydowskich obywateli obroni\u0107. A Polacy heroicznie w warunkach nieludzkiej okupacji starali si\u0119 jednak mimo zagro\u017cenia \u017cycia pom\u00f3c \u017bydom. By\u0142a organizacja \u201e\u017begota\u201d, kt\u00f3ra nios\u0142a t\u0119 pomoc w ramach polskiej konspiracji, by\u0142y wysi\u0142ki tysi\u0119cy \u00a0prywatnych os\u00f3b, tak jak wspomniani ju\u017c Ulmowie. Oblicza si\u0119 \u017ce aby pom\u00f3c jednemu \u017bydowi potrzeba by\u0142o wysi\u0142ku oko\u0142o 50 Polak\u00f3w, nara\u017caj\u0105cych \u017cycie.<\/p>\n<p style=\"text-align: justify;\"><strong>Czy s\u0105dzi Pan, \u017ce jest jaka\u015b pr\u00f3ba zrani\u0107 wizerunek Polski i reputacj\u0119 w ostatnich latach poprzez u\u017cuycie terminu \u201epolskie obozy \u015bmierci\u201d albo w jaki\u015b inny spos\u00f3b? Je\u015bli tak to dalczego?<\/strong><\/p>\n<p style=\"text-align: justify;\">Znies\u0142awienia przeciwko Polsce i Polakom w postaci u\u017cywania okre\u015blenia \u201ePOK\u201d \u201ePO\u015a\u201d \u201epolskie komory gazowe\u201d i podobne u\u017cywane s\u0105 z dw\u00f3ch powod\u00f3w: pierwszy to ignorancja, wynikaj\u0105ca z nieznajomo\u015bci historii i bezrefleksyjnego uleganiu wrogiej w stosunku do Polski propagandzie. Drugi pow\u00f3d to z\u0142a wola i celowe dzia\u0142anie maj\u0105ce na celu zniszczenie wizerunku Polski. I chcia\u0142bym si\u0119 tu odwo\u0142a\u0107 do bezpo\u015brednich do\u015bwiadcze\u0144 czytelnik\u00f3w w Izraelu: pa\u0144stwo Izrael i IDF jest oskar\u017cane o rozmaite okrucie\u0144stwa w stosunku do Palesty\u0144czyk\u00f3w, antyizraelska propaganda we wsp\u00f3\u0142czesnym \u015bwiecie generuje postawy antysemickie, zw\u0142aszcza to co s\u0142ycha\u0107 ze strony lewicowej opinii na zachodzie Europy. W konsekwencji \u017bydzi w Europie czuj\u0105 si\u0119 coraz bardziej zagro\u017ceni, a w dobie islamskiego radykalizmu i kryzysu migracyjnego te oskar\u017cenia w stosunku do Izraela, niszcz\u0105ce wizerunek waszego pa\u0144stwa powoduj\u0105 niech\u0119\u0107 do pomocy Izraelowi w sytuacji zagro\u017cenia. A przecie\u017c \u017bydzi z Izraela, dumni z odbudowy swojego pa\u0144stwa wiedz\u0105, \u017ce Izrael broni si\u0119 przed barbarzy\u0144skimi atakami terroryst\u00f3w. Izraelczycy wiedz\u0105 jaka jest prawda.<\/p>\n<p style=\"text-align: justify;\">Podobna jest obecnie sytuacja Polak\u00f3w: Polacy wiedz\u0105 jaka jest dzisiejsza Polska, wiedz\u0105, \u017ce w Polsce praktycznie nie ma zagro\u017cenia antysemityzmem,\u00a0 w szerokich kr\u0119gach spo\u0142ecze\u0144stwa Izrael cieszy si\u0119 sympati\u0105 (w\u0142a\u015bnie ze wzgl\u0119du na tward\u0105 obron\u0119 swojej niepodleg\u0142o\u015bci i bronienie cywilizacji przez barbarzy\u0144cami). Polacy znaj\u0105 histori\u0119, wiedz\u0105 jaka jest prawda i kto naprawd\u0119 zorganizowa\u0142 obozy \u015bmierci \u2013 Niemcy. Natomiast Polska jest cz\u0142onkiem NATO. Artyku\u0142 5 Traktatu Waszyngto\u0144skiego jest czysto polityczny \u2013 w przypadku napa\u015bci pomoc zaatakowanemu cz\u0142onkowi NATO zostanie udzielona w spos\u00f3b adekwatny do zagro\u017cenia w\u0142\u0105cznie z pomoc\u0105 militarn\u0105. A wi\u0119c od woli politycznej rz\u0105dz\u0105cych zale\u017cy czy Polska dostanie pomoc w przypadku napadu. Kto z rz\u0105dz\u0105cych w pa\u0144stwach NATO b\u0119dzie wchodzi\u0142 w konflikt zbrojny w obronie Polski, je\u015bli Polacy nie b\u0119d\u0105 si\u0119 cieszy\u0107 sympati\u0105 obywateli pa\u0144stwa kt\u00f3re ma broni\u0107 Polsk\u0119? Akcja znies\u0142awie\u0144 Polski ma sw\u00f3j cel \u2013 spowodowanie, \u017ceby gwarancje w stosunku do Polski w ramach NATO praktycznie nie zadzia\u0142a\u0142y. Prosz\u0119 sobie odpowiedzie\u0107 kto na tym korzysta.<\/p>\n<p style=\"text-align: justify;\">Link do wywiadu w wersji online Maariv:\u00a0<a href=\"http:\/\/www.maariv.co.il\/news\/world\/Article-527275\">http:\/\/www.maariv.co.il\/news\/world\/Article-527275<\/a><\/p>\n","protected":false},"excerpt":{"rendered":"<p>W dniu 22. 01. 2016 roku w izraelskim dzienniku Maariv ukaza\u0142 si\u0119 wywiad z prezesem Reduty Dobrego Imienia. Dziennik zamie\u015bci\u0142 obszerny fragment wywiadu, kt\u00f3ry poni\u017cej publikujemy w ca\u0142o\u015bci. Wywiad przeprowadzi\u0142 Nissan Tzur, korespondent Maariv w Polsce. Jak Pan skomentuje propozycj\u0119 ustawy penalizuj\u0105cej u\u017cycie sformu\u0142owanie \u201epolskie obozy \u015bmierci\u201d? Prawo to jest niezb\u0119dne do tego, \u017ceby zatrzyma\u0107 [&hellip;]<\/p>\n","protected":false},"author":3,"featured_media":471295,"comment_status":"open","ping_status":"open","sticky":false,"template":"","format":"standard","meta":{"_et_pb_use_builder":"","_et_pb_old_content":"","_et_gb_content_width":"","sfsi_plus_gutenberg_text_before_share":"","sfsi_plus_gutenberg_show_text_before_share":"","sfsi_plus_gutenberg_icon_type":"","sfsi_plus_gutenberg_icon_alignemt":"","sfsi_plus_gutenburg_max_per_row":"","footnotes":""},"categories":[39],"tags":[],"class_list":["post-218","post","type-post","status-publish","format-standard","has-post-thumbnail","hentry","category-aktualnosci"],"_links":{"self":[{"href":"https:\/\/rdi.org.pl\/english\/wp-json\/wp\/v2\/posts\/218","targetHints":{"allow":["GET"]}}],"collection":[{"href":"https:\/\/rdi.org.pl\/english\/wp-json\/wp\/v2\/posts"}],"about":[{"href":"https:\/\/rdi.org.pl\/english\/wp-json\/wp\/v2\/types\/post"}],"author":[{"embeddable":true,"href":"https:\/\/rdi.org.pl\/english\/wp-json\/wp\/v2\/users\/3"}],"replies":[{"embeddable":true,"href":"https:\/\/rdi.org.pl\/english\/wp-json\/wp\/v2\/comments?post=218"}],"version-history":[{"count":0,"href":"https:\/\/rdi.org.pl\/english\/wp-json\/wp\/v2\/posts\/218\/revisions"}],"wp:featuredmedia":[{"embeddable":true,"href":"https:\/\/rdi.org.pl\/english\/wp-json\/wp\/v2\/media\/471295"}],"wp:attachment":[{"href":"https:\/\/rdi.org.pl\/english\/wp-json\/wp\/v2\/media?parent=218"}],"wp:term":[{"taxonomy":"category","embeddable":true,"href":"https:\/\/rdi.org.pl\/english\/wp-json\/wp\/v2\/categories?post=218"},{"taxonomy":"post_tag","embeddable":true,"href":"https:\/\/rdi.org.pl\/english\/wp-json\/wp\/v2\/tags?post=218"}],"curies":[{"name":"wp","href":"https:\/\/api.w.org\/{rel}","templated":true}]}}