{"id":225,"date":"2016-03-04T17:32:40","date_gmt":"2016-03-04T17:32:40","guid":{"rendered":"http:\/\/www.anti-defamation.pl\/english\/?p=225"},"modified":"2016-03-04T17:32:40","modified_gmt":"2016-03-04T17:32:40","slug":"reduta-zaprasza-niezlomni-zolnierze-wykleci-swieto-zolnierzy-wykletych-w-bazylice-sw-krzyza-w-warszawie","status":"publish","type":"post","link":"https:\/\/rdi.org.pl\/english\/reduta-zaprasza-niezlomni-zolnierze-wykleci-swieto-zolnierzy-wykletych-w-bazylice-sw-krzyza-w-warszawie\/","title":{"rendered":"Reduta zaprasza: Niez\u0142omni \u017bo\u0142nierze wykl\u0119ci &#8211; \u015bwi\u0119to \u017co\u0142nierzy wykl\u0119tych w Bazylice \u015aw. Krzy\u017ca w Warszawie"},"content":{"rendered":"<h3 style=\"text-align: center;\"><\/h3>\n<h3 style=\"text-align: center;\"><img loading=\"lazy\" decoding=\"async\" class=\"aligncenter wp-image-228 size-full\" src=\"http:\/\/www.anti-defamation.pl\/english\/wp-content\/uploads\/2016\/03\/wykleci.png\" alt=\"wykleci\" width=\"303\" height=\"444\" srcset=\"https:\/\/rdi.org.pl\/english\/wp-content\/uploads\/2016\/03\/wykleci.png 303w, https:\/\/rdi.org.pl\/english\/wp-content\/uploads\/2016\/03\/wykleci-205x300.png 205w\" sizes=\"auto, (max-width: 303px) 100vw, 303px\" \/><\/h3>\n<h3 style=\"text-align: center;\"><strong>Niez\u0142omni \u017bo\u0142nierze Wykl\u0119ci\u00a0<\/strong><br \/>\n<strong>dolny ko\u015bci\u00f3\u0142 Bazyliki \u015aw. Krzy\u017ca w Warszawie <\/strong><\/h3>\n<h3 style=\"text-align: center;\"><strong>Krakowskie Przedmie\u015bcie 3<\/strong><\/h3>\n<p>Program:<\/p>\n<p><strong>5.marca 2016 r.\u00a0<\/strong><\/p>\n<p>godz. 15.00<\/p>\n<p>Przegl\u0105d film\u00f3w dokumentalnych Aliny Czerniakowskiej<\/p>\n<p>W sprawie Genera\u0142a &#8222;Nila&#8221; (rzecz o Augu\u015bcie Fieldorfie)<\/p>\n<p>Czy warto by\u0142o tak \u017cy\u0107? (rzecz o Stanis\u0142awie Sojczy\u0144skim &#8222;Warszycu&#8221;)<\/p>\n<p>Burta i inni (rzecz o Janie Leonowiczu i Jego \u017co\u0142nierzach)<\/p>\n<p>Silniejszy od warunk\u00f3w (rzecz o Jerzym Smoniewskim)<br \/>\nPomi\u0119dzy filmami spotkanie z Autork\u0105, kawa, herbata i dyskusja.<\/p>\n<p><strong>6. marca 2016 r.\u00a0<\/strong><\/p>\n<p>godz. 13.00<\/p>\n<p>Spektakl Teatru Rapsodycznego\u00a0Gryps \u2013 rzecz o \u017bo\u0142nierzach Niez\u0142omnych<\/p>\n<p>wyst\u0119puj\u0105:<\/p>\n<p>Mariola Or\u0142owska,<br \/>\nMaciej Or\u0142owski,<br \/>\nPawe\u0142 Piekarczyk<\/p>\n<p>scenariusz u\u0142o\u017cono z oryginalnych piosenek, wierszy\u2013 cz\u0119sto wi\u0119ziennych \u2013 i wypowiedzi (list\u00f3w, gryps\u00f3w, m\u00f3w procesowych, wspomnie\u0144) partyzant\u00f3w i wi\u0119\u017ani\u00f3w politycznych okresu stalinowskiego \u2013 m.in., \u0141ukasza Ciepli\u0144skiego, Stanis\u0142awa Sojczy\u0144skiego, Tadeusza P\u0142u\u017ca\u0144skiego, Jana Hoppe, Andrzeja Czaykowskiego.<\/p>\n<p>godz. 15.00<\/p>\n<p>Pilecki\u00a0re\u017c. Miros\u0142aw Krzyszkowski \u2013 film fabularny 90 min.<\/p>\n<p>godz. 19.00<\/p>\n<p>Msza \u015bw. Duszpasterstwa Akademickiego Bazyliki \u015bw. Krzy\u017ca w intencji \u017bo\u0142nierzy Wykl\u0119tych i Ich Rodzin<\/p>\n<p>zapraszaj\u0105: Bazylika \u015bw. Krzy\u017ca w Warszawie, Teatr Rapsodyczny, Reduta Dobrego Imienia, Alina Czerniakowska, Pawe\u0142 Piekarczyk, wsp\u00f3\u0142praca: Grupa Historyczna Zgrupowanie Rados\u0142aw, Kondrat Media<\/p>\n<p>Wst\u0119p wolny!<br \/>\nSerdecznie zapraszamy!<\/p>\n<p>Maciej \u015awirski i Reduta Dobrego Imienia<\/p>\n<p>&nbsp;<\/p>\n","protected":false},"excerpt":{"rendered":"<p>Niez\u0142omni \u017bo\u0142nierze Wykl\u0119ci\u00a0 dolny ko\u015bci\u00f3\u0142 Bazyliki \u015aw. Krzy\u017ca w Warszawie Krakowskie Przedmie\u015bcie 3 Program: 5.marca 2016 r.\u00a0 godz. 15.00 Przegl\u0105d film\u00f3w dokumentalnych Aliny Czerniakowskiej W sprawie Genera\u0142a &#8222;Nila&#8221; (rzecz o Augu\u015bcie Fieldorfie) Czy warto by\u0142o tak \u017cy\u0107? (rzecz o Stanis\u0142awie Sojczy\u0144skim &#8222;Warszycu&#8221;) Burta i inni (rzecz o Janie Leonowiczu i Jego \u017co\u0142nierzach) Silniejszy od warunk\u00f3w [&hellip;]<\/p>\n","protected":false},"author":3,"featured_media":471295,"comment_status":"open","ping_status":"open","sticky":false,"template":"","format":"standard","meta":{"_et_pb_use_builder":"","_et_pb_old_content":"","_et_gb_content_width":"","sfsi_plus_gutenberg_text_before_share":"","sfsi_plus_gutenberg_show_text_before_share":"","sfsi_plus_gutenberg_icon_type":"","sfsi_plus_gutenberg_icon_alignemt":"","sfsi_plus_gutenburg_max_per_row":"","footnotes":""},"categories":[38],"tags":[],"class_list":["post-225","post","type-post","status-publish","format-standard","has-post-thumbnail","hentry","category-uncategorized"],"_links":{"self":[{"href":"https:\/\/rdi.org.pl\/english\/wp-json\/wp\/v2\/posts\/225","targetHints":{"allow":["GET"]}}],"collection":[{"href":"https:\/\/rdi.org.pl\/english\/wp-json\/wp\/v2\/posts"}],"about":[{"href":"https:\/\/rdi.org.pl\/english\/wp-json\/wp\/v2\/types\/post"}],"author":[{"embeddable":true,"href":"https:\/\/rdi.org.pl\/english\/wp-json\/wp\/v2\/users\/3"}],"replies":[{"embeddable":true,"href":"https:\/\/rdi.org.pl\/english\/wp-json\/wp\/v2\/comments?post=225"}],"version-history":[{"count":0,"href":"https:\/\/rdi.org.pl\/english\/wp-json\/wp\/v2\/posts\/225\/revisions"}],"wp:featuredmedia":[{"embeddable":true,"href":"https:\/\/rdi.org.pl\/english\/wp-json\/wp\/v2\/media\/471295"}],"wp:attachment":[{"href":"https:\/\/rdi.org.pl\/english\/wp-json\/wp\/v2\/media?parent=225"}],"wp:term":[{"taxonomy":"category","embeddable":true,"href":"https:\/\/rdi.org.pl\/english\/wp-json\/wp\/v2\/categories?post=225"},{"taxonomy":"post_tag","embeddable":true,"href":"https:\/\/rdi.org.pl\/english\/wp-json\/wp\/v2\/tags?post=225"}],"curies":[{"name":"wp","href":"https:\/\/api.w.org\/{rel}","templated":true}]}}