{"id":232,"date":"2016-03-14T05:31:10","date_gmt":"2016-03-14T05:31:10","guid":{"rendered":"http:\/\/www.anti-defamation.pl\/english\/?p=232"},"modified":"2024-04-12T15:14:09","modified_gmt":"2024-04-12T13:14:09","slug":"ochrona-dobrego-imienia-zolnierzy-ak-bronimy-oddzialu-993w-likwidacyjnego","status":"publish","type":"post","link":"https:\/\/rdi.org.pl\/english\/ochrona-dobrego-imienia-zolnierzy-ak-bronimy-oddzialu-993w-likwidacyjnego\/","title":{"rendered":"Ochrona dobrego imienia \u017bo\u0142nierzy AK &#8211; bronimy oddzia\u0142u 993\/W (likwidacyjnego)"},"content":{"rendered":"<p style=\"text-align: justify;\"><img loading=\"lazy\" decoding=\"async\" class=\" wp-image-233 alignleft\" src=\"http:\/\/www.anti-defamation.pl\/english\/wp-content\/uploads\/2016\/03\/Tadeusz_Towarnicki_4.jpg\" alt=\"Tadeusz_Towarnicki_4\" width=\"327\" height=\"443\" srcset=\"https:\/\/rdi.org.pl\/english\/wp-content\/uploads\/2016\/03\/Tadeusz_Towarnicki_4.jpg 553w, https:\/\/rdi.org.pl\/english\/wp-content\/uploads\/2016\/03\/Tadeusz_Towarnicki_4-221x300.jpg 221w, https:\/\/rdi.org.pl\/english\/wp-content\/uploads\/2016\/03\/Tadeusz_Towarnicki_4-480x651.jpg 480w\" sizes=\"auto, (max-width: 327px) 100vw, 327px\" \/>Reduta Dobrego Imienia zorganizowa\u0142a w dn. 11.03.2016 konferencj\u0119 prasow\u0105 w sprawie skandalicznego tekstu kt\u00f3ry pojawi\u0142 si\u0119 w numerze 8\/2016 Tygodnika Wprost, omawiaj\u0105cego ksi\u0105\u017ck\u0119 \u201ePtaki drapie\u017cne. Historia Lucjana \u201aS\u0119pa\u2019 Wi\u015bniewskiego, likwidatora z kontrwywiadu AK\u201d autorstwa Micha\u0142a W\u00f3jcika i Emila Marata (Wydawnictwo Znak literanova, Krak\u00f3w 2016)<\/p>\n<p style=\"text-align: justify;\">W konferencji wzi\u0119li udzia\u0142: Maciej \u015awirski &#8211; prezes RDI, mec. Monika Brzozowska &#8211; Dyrektor Dzia\u0142u Prawnego RDI, Juliusz Kulesza (odznaczony przez IPN tytu\u0142em Kustosz Pami\u0119c)i &#8211; badacz dziej\u00f3w oddzia\u0142u 993\/W bojowego oddzia\u0142u likwidacyjnego Kontrwywiadu KG AK, Mariusz Olczak\u00a0z Archiwum Akt Nowych &#8211; badacz dziej\u00f3w Armii Krajowej, Jakub B\u0105k &#8211; wnuk Hipolita B\u0105ka, \u017co\u0142nierza oddzia\u0142u 993\/W, Agnieszka B\u0105k &#8211;\u00a0 c\u00f3rka Stanis\u0142awa B\u0105ka, \u017co\u0142nierza oddzia\u0142 993\/W<\/p>\n<h5 style=\"text-align: justify;\">Tadeusz Towarnicki &#8222;Naprawa&#8221; (z lewej) \u00a0d-ca oddz. 993\/W<\/h5>\n<h6>\u017ar. www.1944.pl<\/h6>\n<p style=\"text-align: justify;\">Ksi\u0105\u017cka \u201ePtaki drapie\u017cne\u201d i omawiaj\u0105cy j\u0105 artyku\u0142 we Wprost w nr. 8\/2016 uderza w dobre imi\u0119 \u017co\u0142nierzy Armii Krajowej, walcz\u0105cych na najtrudniejszym odcinku walki podziemnej &#8211; likwidacji konfident\u00f3w Gestapo, szmalcownik\u00f3w i gestapowc\u00f3w. Szczeg\u00f3lnie za\u015b uderza w dobre imi\u0119 Braci B\u0105k, b\u0119d\u0105cych trzonem oddzia\u0142u 993\/W, bohaterskich \u017co\u0142nierzy, odznaczonych najwy\u017cszymi odznaczeniami bojowymi &#8211; Virtuti Militari i Krzy\u017cami Walecznych. Dlatego podczas konferencji obecni byli przedstawiciele Rodziny.<\/p>\n<p style=\"text-align: justify;\">W om\u00f3wieniu ksi\u0105\u017cki we &#8222;Wprost&#8221; Bracia B\u0105k przedstawieni s\u0105 jako bandyci, a dzia\u0142ania oddzia\u0142u 993\/W, kt\u00f3ry przeprowadzi\u0142 najwa\u017cniejsze akcje likwidacyjne w okupowanej Warszawie (m.in. \u201eZa Kotar\u0105\u201d, \u201eEuropejska\u201d, \u201eDurrfeld\u201d, \u201eLeitgeber\u201d, \u201eKomitet Ukrai\u0144ski\u201d) jako indywidualne akcje zemsty, czy prywatne porachunki.<\/p>\n<p style=\"text-align: justify;\">Ksi\u0105\u017cka, nosz\u0105c tytu\u0142 odnosz\u0105cy si\u0119 do los\u00f3w jednego z \u017co\u0142nierzy oddzia\u0142u 993\/W wykorzystuje jedynie w nieca\u0142ych 40 % s\u0142owa wypowiedziane przez \u201eS\u0119pa\u201d Wi\u015bniewskiego &#8211; reszta s\u0105 to lu\u017ane dywagacje W\u00f3jcika i Marata na temat konspiracji i Polskiego Pa\u0144stwa Podziemnego, w znaczny spos\u00f3b deprecjonuj\u0105ce polskie podziemie i w\u0142adze Armii Krajowej.<\/p>\n<p style=\"text-align: justify;\">Juliusz Kulesza, badacz historii oddzia\u0142u (i sam kombatant AK) zosta\u0142 poproszony przez autor\u00f3w o konsultacje i napisanie wst\u0119pu do ksi\u0105\u017cki, lecz odm\u00f3wi\u0142 po zapoznaniu si\u0119 z tre\u015bci\u0105, poniewa\u017c tekst a\u017c roi si\u0119 od przeinacze\u0144, przek\u0142ama\u0144 i po prostu szkolnych b\u0142\u0119d\u00f3w (np. autorzy myl\u0105 Delegata Rz\u0105du na Kraj Jana Stanis\u0142awa Jankowskiego ze Stanis\u0142awem Jankowskim \u201eAgatonem\u201d &#8211; cichociemnym i dow\u00f3dc\u0105\u00a0Wydzia\u0142u Legalizacji i Techniki w Oddziale II Komedy G\u0142\u00f3wnej AK)<\/p>\n<p style=\"text-align: justify;\">Rodzina Braci B\u0105k wystosowa\u0142a do redakcji &#8222;Wprost&#8221; \u017c\u0105danie sprostowania, a asyst\u0119 prawn\u0105 i\u00a0 organizacyjn\u0105 zapewni\u0142a Reduta.<\/p>\n<p style=\"text-align: justify;\">O dalszym rozwoju sprawy b\u0119dziemy informowa\u0107.<\/p>\n","protected":false},"excerpt":{"rendered":"<p>Reduta Dobrego Imienia zorganizowa\u0142a w dn. 11.03.2016 konferencj\u0119 prasow\u0105 w sprawie skandalicznego tekstu kt\u00f3ry pojawi\u0142 si\u0119 w numerze 8\/2016 Tygodnika Wprost, omawiaj\u0105cego ksi\u0105\u017ck\u0119 \u201ePtaki drapie\u017cne. Historia Lucjana \u201aS\u0119pa\u2019 Wi\u015bniewskiego, likwidatora z kontrwywiadu AK\u201d autorstwa Micha\u0142a W\u00f3jcika i Emila Marata (Wydawnictwo Znak literanova, Krak\u00f3w 2016) W konferencji wzi\u0119li udzia\u0142: Maciej \u015awirski &#8211; prezes RDI, mec. Monika [&hellip;]<\/p>\n","protected":false},"author":3,"featured_media":471295,"comment_status":"open","ping_status":"open","sticky":false,"template":"","format":"standard","meta":{"_et_pb_use_builder":"","_et_pb_old_content":"","_et_gb_content_width":"","sfsi_plus_gutenberg_text_before_share":"","sfsi_plus_gutenberg_show_text_before_share":"","sfsi_plus_gutenberg_icon_type":"","sfsi_plus_gutenberg_icon_alignemt":"","sfsi_plus_gutenburg_max_per_row":"","footnotes":""},"categories":[39],"tags":[],"class_list":["post-232","post","type-post","status-publish","format-standard","has-post-thumbnail","hentry","category-aktualnosci"],"_links":{"self":[{"href":"https:\/\/rdi.org.pl\/english\/wp-json\/wp\/v2\/posts\/232","targetHints":{"allow":["GET"]}}],"collection":[{"href":"https:\/\/rdi.org.pl\/english\/wp-json\/wp\/v2\/posts"}],"about":[{"href":"https:\/\/rdi.org.pl\/english\/wp-json\/wp\/v2\/types\/post"}],"author":[{"embeddable":true,"href":"https:\/\/rdi.org.pl\/english\/wp-json\/wp\/v2\/users\/3"}],"replies":[{"embeddable":true,"href":"https:\/\/rdi.org.pl\/english\/wp-json\/wp\/v2\/comments?post=232"}],"version-history":[{"count":1,"href":"https:\/\/rdi.org.pl\/english\/wp-json\/wp\/v2\/posts\/232\/revisions"}],"predecessor-version":[{"id":472999,"href":"https:\/\/rdi.org.pl\/english\/wp-json\/wp\/v2\/posts\/232\/revisions\/472999"}],"wp:featuredmedia":[{"embeddable":true,"href":"https:\/\/rdi.org.pl\/english\/wp-json\/wp\/v2\/media\/471295"}],"wp:attachment":[{"href":"https:\/\/rdi.org.pl\/english\/wp-json\/wp\/v2\/media?parent=232"}],"wp:term":[{"taxonomy":"category","embeddable":true,"href":"https:\/\/rdi.org.pl\/english\/wp-json\/wp\/v2\/categories?post=232"},{"taxonomy":"post_tag","embeddable":true,"href":"https:\/\/rdi.org.pl\/english\/wp-json\/wp\/v2\/tags?post=232"}],"curies":[{"name":"wp","href":"https:\/\/api.w.org\/{rel}","templated":true}]}}