{"id":274,"date":"2016-03-17T22:24:26","date_gmt":"2016-03-17T22:24:26","guid":{"rendered":"http:\/\/www.anti-defamation.pl\/english\/?p=274"},"modified":"2024-04-12T15:14:16","modified_gmt":"2024-04-12T13:14:16","slug":"precz-z-antypolska-pogarda-informacja-rdi-o-rozpoczeciu-akcji-antydyfamacyjnej","status":"publish","type":"post","link":"https:\/\/rdi.org.pl\/english\/precz-z-antypolska-pogarda-informacja-rdi-o-rozpoczeciu-akcji-antydyfamacyjnej\/","title":{"rendered":"Precz z antypolsk\u0105 pogard\u0105!  Informacja RDI o rozpocz\u0119ciu akcji antydyfamacyjnej"},"content":{"rendered":"<p style=\"text-align: justify;\"><strong>Informacja Reduty Dobrego Imienia \u2013 Polskiej Ligi przeciw Znies\u0142awieniom o rozpocz\u0119ciu akcji antydyfamacyjnej<\/strong><\/p>\n<p style=\"text-align: justify;\">Warszawa, 2016-03-18<\/p>\n<p style=\"text-align: justify;\">Sprawa 2016\/03\/GER\/003\/R\/H\/Ap<\/p>\n<p style=\"text-align: justify;\">Reduta Dobrego Imienia \u2013 Polska Liga przeciw Znies\u0142awieniom rozpoczyna dzia\u0142ania antydyfamacyjne przeciwko Niemcowi, Hansowi Guntherowi G., prezesowi firmy w miejscowo\u015bci Kosakowo (woj pomorskie).<\/p>\n<p style=\"text-align: justify;\">W Telewizji Republika i w internecie pojawi\u0142o si\u0119 nagranie z rozmowy G. z pracownic\u0105 jego firmy. <strong>Na\u015bladuje on odg\u0142os rozstrzeliwania, m\u00f3wi\u0105c o ustawianiu Polak\u00f3w pod \u015bcian\u0105. <\/strong><\/p>\n<p style=\"text-align: justify;\">M\u00f3wi m.in.<\/p>\n<p style=\"text-align: justify;\"><em>\u201eChc\u0119! Zabi\u0142bym wszystkich Polak\u00f3w. Nie mia\u0142bym z tym problemu. Nienawidz\u0119 Polak\u00f3w, naprawd\u0119. Nienawidz\u0119. To nie, \u017ce ich nie lubi\u0119. Nienawidz\u0119 ich. Tak, jestem, jestem hitlerowcem, ale to wina tego kraju, \u017ce taki jestem<strong>&#8222;.<\/strong><\/em><\/p>\n<p style=\"text-align: justify;\">W dniu 17 marca 2016 r.\u00a0 o godz. \u00a021. 30 nagranie wyemitowa\u0142a Telewizja Republika.<\/p>\n<p style=\"text-align: justify;\">W audycji red. Ewy Stankiewicz podczas rozmowy z by\u0142\u0105 pracownic\u0105 firmy kt\u00f3r\u0105 zarzadza G. p. Natali\u0105 Nitek widzowie dowiedzieli si\u0119 o skandalicznym zachowaniu G., o u\u017cywanym przez niego j\u0119zyku nienawi\u015bci w stosunku do Polak\u00f3w.<\/p>\n<p style=\"text-align: justify;\"><strong>Firma, kt\u00f3r\u0105 G. prowadzi w Polsce od lat, mie\u015bci si\u0119 w Kosakowie, powiat pucki, nieopodal Wielkiej Pia\u015bnicy, w kt\u00f3rej Niemcy pope\u0142nili pierwsz\u0105 masow\u0105 zbrodni\u0119 ludob\u00f3jstwa podczas II wojny \u015bwiatowej. Jesieni\u0105 1939 zamordowali tam kilkana\u015bcie tysi\u0119cy Polak\u00f3w. W Lasach Pia\u015bnickich zostali zamordowani tak\u017ce mieszka\u0144cy Kosakowa \u2013 Pawe\u0142 S\u0142owik \u2013 kierownik szko\u0142y powszechnej i ks. Alojzy Kaszubowski &#8211; proboszcz parafii w Kosakowie.<\/strong><\/p>\n<p style=\"text-align: justify;\"><img loading=\"lazy\" decoding=\"async\" class=\"wp-image-276 alignleft\" src=\"http:\/\/www.anti-defamation.pl\/english\/wp-content\/uploads\/2016\/03\/Pia\u015bnica_execution.jpg\" alt=\"Pia\u015bnica_execution\" width=\"492\" height=\"318\" \/>Niemiec G. m\u00f3wi dzi\u015b o rozstrzeliwaniu Polak\u00f3w. M\u00f3wi to w miejscu, gdzie nieopodal s\u0105 masowe groby zamordowanych przez niemieckich oprawc\u00f3w z Selbstschutzu, cz\u0119sto s\u0105siad\u00f3w z tych samych miejscowo\u015bci.<\/p>\n<p style=\"text-align: justify;\">S\u0142owa G. s\u0105 dobrze znane Polakom. To j\u0119zyk niemieckich zbrodniarzy z lat 1939-45 \u017cywcem przeniesiony do naszych czas\u00f3w. J\u0119zyk pe\u0142en nienawi\u015bci i rasistowskiej pogardy dla Polak\u00f3w. To<\/p>\n<h4 style=\"text-align: justify;\">Rozstrzelanie Polak\u00f3w w Lasach Pia\u015bnickich, 1939<\/h4>\n<p style=\"text-align: justify;\">j\u0119zyk morderc\u00f3w z SS, Selbstschutzu, Feldgendarmerie i Wehrmachtu.<\/p>\n<p style=\"text-align: justify;\">Nie zamierzamy tolerowa\u0107 d\u0142u\u017cej antypolskiej pogardy na ziemi, w kt\u00f3rej spoczywaj\u0105 ofiary Niemc\u00f3w..<\/p>\n<p style=\"text-align: justify;\">Reduta Dobrego Imienia \u2013 Polska Liga przeciw Znies\u0142awieniom podejmie wszelkie starania, by Hans Gunther G. odpowiedzia\u0142 przed s\u0105dem za mow\u0119 nienawi\u015bci skierowan\u0105 do Polak\u00f3w.<\/p>\n<p style=\"text-align: justify;\">Maciej \u015awirski<\/p>\n<p style=\"text-align: justify;\">Prezes Zarz\u0105du<\/p>\n<p style=\"text-align: justify;\">Reduta Dobrego Imienia \u2013Polska Liga przeciw Znies\u0142awieniom<\/p>\n<p style=\"text-align: justify;\"><em>\u00a0<\/em><\/p>\n<p style=\"text-align: justify;\"><em>\u00a0<\/em><\/p>\n","protected":false},"excerpt":{"rendered":"<p>Informacja Reduty Dobrego Imienia \u2013 Polskiej Ligi przeciw Znies\u0142awieniom o rozpocz\u0119ciu akcji antydyfamacyjnej Warszawa, 2016-03-18 Sprawa 2016\/03\/GER\/003\/R\/H\/Ap Reduta Dobrego Imienia \u2013 Polska Liga przeciw Znies\u0142awieniom rozpoczyna dzia\u0142ania antydyfamacyjne przeciwko Niemcowi, Hansowi Guntherowi G., prezesowi firmy w miejscowo\u015bci Kosakowo (woj pomorskie). W Telewizji Republika i w internecie pojawi\u0142o si\u0119 nagranie z rozmowy G. z pracownic\u0105 jego [&hellip;]<\/p>\n","protected":false},"author":3,"featured_media":471295,"comment_status":"open","ping_status":"open","sticky":false,"template":"","format":"standard","meta":{"_et_pb_use_builder":"","_et_pb_old_content":"","_et_gb_content_width":"","sfsi_plus_gutenberg_text_before_share":"","sfsi_plus_gutenberg_show_text_before_share":"","sfsi_plus_gutenberg_icon_type":"","sfsi_plus_gutenberg_icon_alignemt":"","sfsi_plus_gutenburg_max_per_row":"","footnotes":""},"categories":[39],"tags":[],"class_list":["post-274","post","type-post","status-publish","format-standard","has-post-thumbnail","hentry","category-aktualnosci"],"_links":{"self":[{"href":"https:\/\/rdi.org.pl\/english\/wp-json\/wp\/v2\/posts\/274","targetHints":{"allow":["GET"]}}],"collection":[{"href":"https:\/\/rdi.org.pl\/english\/wp-json\/wp\/v2\/posts"}],"about":[{"href":"https:\/\/rdi.org.pl\/english\/wp-json\/wp\/v2\/types\/post"}],"author":[{"embeddable":true,"href":"https:\/\/rdi.org.pl\/english\/wp-json\/wp\/v2\/users\/3"}],"replies":[{"embeddable":true,"href":"https:\/\/rdi.org.pl\/english\/wp-json\/wp\/v2\/comments?post=274"}],"version-history":[{"count":1,"href":"https:\/\/rdi.org.pl\/english\/wp-json\/wp\/v2\/posts\/274\/revisions"}],"predecessor-version":[{"id":473000,"href":"https:\/\/rdi.org.pl\/english\/wp-json\/wp\/v2\/posts\/274\/revisions\/473000"}],"wp:featuredmedia":[{"embeddable":true,"href":"https:\/\/rdi.org.pl\/english\/wp-json\/wp\/v2\/media\/471295"}],"wp:attachment":[{"href":"https:\/\/rdi.org.pl\/english\/wp-json\/wp\/v2\/media?parent=274"}],"wp:term":[{"taxonomy":"category","embeddable":true,"href":"https:\/\/rdi.org.pl\/english\/wp-json\/wp\/v2\/categories?post=274"},{"taxonomy":"post_tag","embeddable":true,"href":"https:\/\/rdi.org.pl\/english\/wp-json\/wp\/v2\/tags?post=274"}],"curies":[{"name":"wp","href":"https:\/\/api.w.org\/{rel}","templated":true}]}}