{"id":2839,"date":"2023-03-18T20:10:49","date_gmt":"2023-03-18T19:10:49","guid":{"rendered":"https:\/\/rdi.org.pl\/?p=2839"},"modified":"2024-04-29T17:26:47","modified_gmt":"2024-04-29T15:26:47","slug":"sprawa-gminy-tuszow-narodowy-przeciwko-bartowi-staszewskiemu","status":"publish","type":"post","link":"https:\/\/rdi.org.pl\/english\/sprawa-gminy-tuszow-narodowy-przeciwko-bartowi-staszewskiemu\/","title":{"rendered":"The case of Gmina Tusz\u00f3w Narodowy vs Bart Staszewski"},"content":{"rendered":"<p>[et_pb_section fb_built=&#8221;1&#8243; _builder_version=&#8221;4.20.2&#8243; _module_preset=&#8221;default&#8221; da_disable_devices=&#8221;off|off|off&#8221; global_colors_info=&#8221;{}&#8221; theme_builder_area=&#8221;post_content&#8221; da_is_popup=&#8221;off&#8221; da_exit_intent=&#8221;off&#8221; da_has_close=&#8221;on&#8221; da_alt_close=&#8221;off&#8221; da_dark_close=&#8221;off&#8221; da_not_modal=&#8221;on&#8221; da_is_singular=&#8221;off&#8221; da_with_loader=&#8221;off&#8221; da_has_shadow=&#8221;on&#8221;][et_pb_row _builder_version=&#8221;4.20.2&#8243; _module_preset=&#8221;a0c75e5a-da98-40a4-b5a4-4d216ee67f79&#8243; width=&#8221;100%&#8221; max_width=&#8221;1400px&#8221; global_colors_info=&#8221;{}&#8221; theme_builder_area=&#8221;post_content&#8221;][et_pb_column type=&#8221;4_4&#8243; _builder_version=&#8221;4.20.2&#8243; _module_preset=&#8221;default&#8221; global_colors_info=&#8221;{}&#8221; theme_builder_area=&#8221;post_content&#8221;][et_pb_accordion open_toggle_text_color=&#8221;#212121&#8243; open_toggle_background_color=&#8221;#FFFFFF&#8221; closed_toggle_background_color=&#8221;#212121&#8243; toggle_icon=&#8221;&#x47;||divi||400&#8243; icon_color=&#8221;#FFFFFF&#8221; use_icon_font_size=&#8221;on&#8221; icon_font_size=&#8221;28px&#8221; _builder_version=&#8221;4.20.2&#8243; _module_preset=&#8221;default&#8221; toggle_text_color=&#8221;#FFFFFF&#8221; toggle_font=&#8221;|700|||||||&#8221; toggle_font_size=&#8221;18px&#8221; body_font=&#8221;|300|||||||&#8221; body_font_size=&#8221;16px&#8221; body_line_height=&#8221;1.4em&#8221; background_color=&#8221;RGBA(255,255,255,0)&#8221; width=&#8221;80%&#8221; module_alignment=&#8221;center&#8221; hover_enabled=&#8221;0&#8243; global_colors_info=&#8221;{}&#8221; theme_builder_area=&#8221;post_content&#8221; sticky_enabled=&#8221;0&#8243;][et_pb_accordion_item title=&#8221;The case of Gmina Tusz\u00f3w Narodowy vs Bart Staszewski&#8221; open=&#8221;on&#8221; _builder_version=&#8221;4.20.2&#8243; _module_preset=&#8221;default&#8221; hover_enabled=&#8221;0&#8243; global_colors_info=&#8221;{}&#8221; theme_builder_area=&#8221;post_content&#8221; sticky_enabled=&#8221;0&#8243;]<\/p>\n<header class=\"entry-header\">\n<div class=\"entry-meta\">\n<div class=\"blog-data-wrapper\">\n<div class=\"post-data-positioning\">\n<p><span><a href=\"http:\/\/www.anti-defamation.org\/aktualnosci\/reduta-nie-pozwoli-wtracic-pani-natalii-nitek-plazynskiej-do-aresztu-wplacilismy-komornikowi-zadana-przez-niemca-kwote\/\">Posted on September 19, 2022<\/a><\/span><a href=\"http:\/\/www.anti-defamation.org\/aktualnosci\/po-rozprawie-tuszow-narodowy-przeciwko-bartowi-staszewskiemu\/\" rel=\"bookmark\" style=\"color: #0000ff;\"><time class=\"entry-date published\" datetime=\"2022-09-19T16:01:30+02:00\"><\/time><\/a><\/p>\n<h6 class=\"post-data-text\"><span class=\"byline\"><\/span><\/h6>\n<\/div>\n<\/div>\n<\/div>\n<\/header>\n<div class=\"entry-content\">\n<p style=\"text-align: justify;\">Another hearing in the case from the lawsuit of Gmina Tusz\u00f3w Narodowy against Bart Staszewski.<\/p>\n<p style=\"text-align: justify;\">The court has decided to appoint an expert to determine whether LGBT ideology exists and what its main assumptions are.<\/p>\n<p style=\"text-align: justify;\">\u00a0<span style=\"font-size: 16px;\">Today &#8211; September 19, 2022, in the District Court in Tarnobrzeg, another hearing was held in the lawsuit of the Municipality of Tusz\u00f3w Narodowy against Bart Staszewski, the author of the false action &#8222;LGBT-free zones&#8221;, Redoubt of Good Name legally supports the municipality in its fight for justice and good name.<\/span><\/p>\n<p><strong>Dzisiaj swoje stanowisko prezentowa\u0142 m.in. \u015bwiadek Waldemar Krysiak. \u015awiadek ten przedstawi\u0142 ca\u0142kowicie inne spojrzenie na sprawy spo\u0142eczno\u015bci LGBT w Polsce. \u015awiadek zeznawa\u0142 prawie godzin\u0119, opowiadaj\u0105c swoje do\u015bwiadczenia jako osoby ze spo\u0142eczno\u015bci LGBT. \u015awiadek stwierdzi\u0142, \u017ce jako osoba otwarcie wskazuj\u0105ca swoj\u0105 orientacj\u0119 nie do\u015bwiadczy\u0142 \u017cadnej dyskryminacji czy prze\u015bladowania w Polsce, a jedyne przykre do\u015bwiadczenie mia\u0142 w Niemczech, gdzie spotka\u0142a go niebezpieczna sytuacja w zwi\u0105zku z jego orientacj\u0105. \u015awiadek przedstawia\u0142 r\u00f3wnie\u017c og\u00f3lne za\u0142o\u017cenia tzw. \u201cideologii LGBT\u201d. Zeznania \u015bwiadka by\u0142y tak sugestywne, \u017ce s\u0105d zdecydowa\u0142 o powo\u0142aniu bieg\u0142ego w zakresie stwierdzenie czy istnieje ideologia LGBT i jakie s\u0105 jej g\u0142\u00f3wne<span>\u00a0<\/span><\/strong><strong>za\u0142o\u017cenia.<\/strong><\/p>\n<p>Przypominamy:<\/p>\n<p>Ostatnie posiedzenie s\u0105du w tej sprawie odby\u0142o si\u0119 25 maja br. Na rozprawie zosta\u0142o przes\u0142uchanych czterech \u015bwiadk\u00f3w w tym m.in. by\u0142y rzecznik praw obywatelskich Adam Bodnar. \u015awiadkowie wnioskowani przez pozwanego Barta Staszewskiego utrzymywali, \u017ce sytuacja os\u00f3b LGBT jest bardzo z\u0142a i pogorszy\u0142a si\u0119 wskutek wydawania uchwa\u0142 lub stanowisk samorz\u0105d\u00f3w. \u017baden jednak ze \u015bwiadk\u00f3w nie zna\u0142 \u017cadnego przypadku, by osoba LGBT by\u0142a dyskryminowana wskutek tych stanowisk, nikt nie spotka\u0142 si\u0119 z \u017cadn\u0105 form\u0105 dyskryminacji \u2013 np. odmowy dost\u0119pu do us\u0142ug, \u015bwiadcze\u0144 zdrowotnych lub innych nielegalnych, lub z\u0142o\u015bliwych dzia\u0142a\u0144 skierowanych w stron\u0119 os\u00f3b LGBT.<\/p>\n<p>Proces z pozwu Gminy Tusz\u00f3w Narodowy przeciwko Bartowi Staszewskiemu rozpocz\u0105\u0142 si\u0119 08.03.2021 r. W pozwie Tusz\u00f3w Narodowy \u017c\u0105da od Barta Staszewskiego przeprosin oraz zamieszczenia sprostowania we wszystkich mediach, w kt\u00f3rych ukaza\u0142a si\u0119 informacja jakoby Tusz\u00f3w Narodowy by\u0142 \u201estref\u0105 woln\u0105 od LGBT\u201d.<\/p>\n<p>Gmina Tusz\u00f3w Narodowy, kt\u00f3rej radni przyj\u0119li w dniu 29 marca 2019 roku \u201eStanowisko Rady Gminy Tusz\u00f3w Narodowy w sprawie powstrzymania ideologii LGBT\u201d, w kt\u00f3rym wyra\u017caj\u0105 przywi\u0105zanie do tradycyjnych warto\u015bci oraz wol\u0119 wychowywania dzieci zgodnie z wol\u0105 rodzic\u00f3w, bez wp\u0142yw\u00f3w politycznej poprawno\u015bci. W\u0142adze Gminy Tusz\u00f3w zdecydowanie podkre\u015blaj\u0105, \u017ce przy przyj\u0119tym stanowisku, nie ma mowy o jakichkolwiek przejawach dyskryminacji kogokolwiek, ani te\u017c wykluczania kogo\u015b ze spo\u0142eczno\u015bci.<\/p>\n<p>W dniu 29 lipca 2020 roku Bart Staszewski zamie\u015bci\u0142 na swoich profilach w mediach spo\u0142eczno\u015bciowych zdj\u0119cie znaku drogowego z nazw\u0105 miejscowo\u015bci Tusz\u00f3w Narodowy z umieszczon\u0105 pod nim tabliczk\u0105 do z\u0142udzenia przypominaj\u0105c\u0105 znaki urz\u0119dowe z wieloj\u0119zycznym napisem \u201eStrefa wolna od LGBT\u201d. Zdj\u0119cie takie ukaza\u0142o si\u0119 te\u017c na stronie prowadzonej przez Staszewskiego lgbtfreezones.pl<\/p>\n<p>Dzia\u0142ania Barta Staszewskiego, kt\u00f3ry jest tw\u00f3rc\u0105 k\u0142amliwej akcji \u201eStrefa wolna od LGBT\u201d, wp\u0142yn\u0119\u0142y na postrzeganie gmin nie tylko w Polsce, ale tak\u017ce w Europie i na \u015bwiecie. Zdj\u0119cie z fa\u0142szywymi tabliczkami Bart Staszewski publikowa\u0142 na swojej stronie internetowej, w mediach spo\u0142eczno\u015bciowych, ponadto intensywnie informowa\u0142 o swojej akcji w r\u00f3\u017cnych innych mediach, to spowodowa\u0142o, \u017ce przekaz o gminach, ale tak\u017ce o Polsce, by\u0142 zmanipulowany i nieprawdziwy.<\/p>\n<p><strong>\u201cW niniejszej sprawie chodzi o dobre imi\u0119 gminy. \u015awiadkowie, kt\u00f3rzy si\u0119 w tej sprawie dotychczas wypowiedzieli, zwracaj\u0105 uwag\u0119, \u017ce tablice \u201cStrefa wolna od LGBT\u201d napisana w kilku j\u0119zykach wp\u0142yn\u0119\u0142a na postrzeganie gminy i mia\u0142a sw\u00f3j realny odd\u017awi\u0119k w Polsce i za granic\u0105. By\u0142y te\u017c nawi\u0105zaniem do historycznych tablic z czas\u00f3w II wojny \u015bwiatowej. Dlatego gmina, w kt\u00f3rej postawiono takie tablice, poczu\u0142a si\u0119 obra\u017cona\u201d \u2013<\/strong><span>\u00a0<\/span>m\u00f3wi Mec. Monika Brzozowska \u2013 Pasieka, pe\u0142nomocnik Gminy Tusz\u00f3w Narodowy<\/p>\n<p>Nale\u017cy wspomnie\u0107, \u017ce sprawa trafi\u0142a pod dyskusj\u0119 w UE. O ile analiza przygotowana przez przedstawicieli Unii Europejskiej nie wykaza\u0142a \u017c\u0105dnych narusze\u0144, nie potwierdzi\u0142a wyst\u0119powania rzekomych \u201eStref wolnych od LGBT\u201d w Polsce, o tyle wp\u0142yn\u0119\u0142a niekorzystnie na wizerunek Polski i Polak\u00f3w.<\/p>\n<p><span>Informacje:<\/span><br \/>Zesp\u00f3\u0142 Reduty Dobrego Imienia<br \/>kontakt@rdi.org.pl<br \/>+48 22 414 26 11<\/p>\n<\/div>\n<p>[\/et_pb_accordion_item][et_pb_accordion_item title=&#8221;Gmina Tusz\u00f3w Narodowy przeciwko Bartowi Staszewskiemu&#8221; _builder_version=&#8221;4.20.2&#8243; _module_preset=&#8221;default&#8221; global_colors_info=&#8221;{}&#8221; theme_builder_area=&#8221;post_content&#8221; open=&#8221;off&#8221;]<\/p>\n<header class=\"entry-header\">\n<div class=\"entry-meta\">\n<div class=\"blog-data-wrapper\">\n<div class=\"post-data-positioning\">\n<header class=\"entry-header\">\n<div class=\"entry-meta\">\n<div class=\"blog-data-wrapper\">\n<div class=\"post-data-positioning\">\n<h6 class=\"post-data-text\"><span class=\"posted-on\" style=\"color: #0000ff;\">Napisano dnia\u00a0<a href=\"http:\/\/www.anti-defamation.org\/aktualnosci\/gmina-tuszow-narodowy-przeciwko-bartowi-staszewskiemu\/\" rel=\"bookmark\" style=\"color: #0000ff;\"><time class=\"entry-date published\" datetime=\"2022-05-23T16:30:58+02:00\">23 maja, 2022<\/time><\/a><\/span><span class=\"byline\"><\/span><\/h6>\n<\/div>\n<\/div>\n<\/div>\n<\/header>\n<div class=\"entry-content\">\n<p><strong>Dzi\u015b \u00a0\u2013 23.05.2022 r. odby\u0142a si\u0119 ju\u017c kolejna rozprawa z pozwu Gminy Tusz\u00f3w Narodowy przeciwko Bartowi Staszewskiemu<\/strong><span>\u00a0<\/span><strong>autorowi k\u0142amliwej akcji \u201eStrefy wolne od LGBT\u201d, Reduta Dobrego Imienia wspiera prawnie gmin\u0119 w jej walce o sprawiedliwo\u015b\u0107 i dobre imi\u0119.<\/strong><\/p>\n<p><strong>Na dzisiejszej rozprawie stawi\u0142o si\u0119 4 \u015bwiadk\u00f3w w tym m.in. by\u0142y rzecznik praw obywatelskich Adam Bodnar. \u015awiadkowie wnioskowani przez pozwanego Barta Staszewskiego utrzymywali, \u017ce sytuacja os\u00f3b LGBT jest bardzo z\u0142a i pogorszy\u0142a si\u0119 wskutek wydawania uchwa\u0142 lub stanowisk samorz\u0105d\u00f3w. \u017baden jednak ze \u015bwiadk\u00f3w nie zna\u0142 \u017cadnego przypadku, by osoba LGBT by\u0142a dyskryminowana wskutek tych stanowisk, nikt nie spotka\u0142 si\u0119 z \u017cadn\u0105 form\u0105 dyskryminacji \u2013 np. odmowy dost\u0119pu do us\u0142ug, \u015bwiadcze\u0144 zdrowotnych lub innych nielegalnych, lub z\u0142o\u015bliwych dzia\u0142a\u0144 skierowanych w stron\u0119 os\u00f3b LGBT.<\/strong><\/p>\n<p>Nast\u0119pna rozprawa zosta\u0142a zaplanowana na dzie\u0144 19.09.2022 r.<\/p>\n<p>Proces z pozwu Gminy Tusz\u00f3w Narodowy przeciwko Bartowi Staszewski rozpocz\u0105\u0142 si\u0119 08.03.2021 r. w S\u0105dzie Okr\u0119gowym w Tarnobrzegu. W pozwie Tusz\u00f3w Narodowy \u017c\u0105da od Barta Staszewskiego przeprosin oraz zamieszczenia sprostowania we wszystkich mediach, w kt\u00f3rych ukaza\u0142a si\u0119 informacja jakoby Tusz\u00f3w Narodowy by\u0142 \u201estref\u0105 woln\u0105 od LGBT\u201d.<\/p>\n<\/div>\n<\/div>\n<\/div>\n<\/div>\n<\/header>\n<p>[\/et_pb_accordion_item][et_pb_accordion_item title=&#8221;Kolejna rozprawa z pozwu gminy Tusz\u00f3w Narodowy przeciwko Bartowi Staszewskiemu&#8221; _builder_version=&#8221;4.20.2&#8243; _module_preset=&#8221;default&#8221; global_colors_info=&#8221;{}&#8221; theme_builder_area=&#8221;post_content&#8221; open=&#8221;off&#8221;]<\/p>\n<header class=\"entry-header\">\n<div class=\"entry-meta\">\n<div class=\"blog-data-wrapper\">\n<div class=\"post-data-positioning\">\n<h6 class=\"post-data-text\"><span class=\"posted-on\" style=\"color: #0000ff;\">Napisano dnia\u00a0<a href=\"http:\/\/www.anti-defamation.org\/aktualnosci\/kolejna-rozprawa-z-pozwu-gminy-tuszow-narodowy-przeciwko-bartowi-staszewskiemu\/\" rel=\"bookmark\" style=\"color: #0000ff;\"><time class=\"entry-date published\" datetime=\"2022-05-20T09:36:59+02:00\">20 maja, 2022<\/time><\/a><\/span><span class=\"byline\"><\/span><\/h6>\n<\/div>\n<\/div>\n<\/div>\n<\/header>\n<div class=\"entry-content\">\n<p><strong>W poniedzia\u0142ek \u2013 23.05.2022 r. odb\u0119dzie si\u0119 kolejna rozprawa z pozwu Gminy Tusz\u00f3w Narodowy przeciwko Bartowi Staszewskiemu autorowi k\u0142amliwej akcji \u201eStrefy wolne od LGBT\u201d, Reduta Dobrego Imienia wspiera prawnie gmin\u0119 w jej walce o sprawiedliwo\u015b\u0107 i dobre imi\u0119<\/strong>, udzielamy tak\u017ce pomocy gminom Zakrz\u00f3wek oraz Niebylec, kt\u00f3re r\u00f3wnie\u017c sta\u0142y si\u0119 ofiarami wykreowanej i zrealizowanej przez Barta Staszewskiego akcji oznaczaj\u0105cej ww. gminy jakoby by\u0142y miejscowo\u015bciami dyskryminuj\u0105cymi jak\u0105\u015b grup\u0119 z uwagi na jej preferencje seksualne.<\/p>\n<p><strong>Polsce nie ma \u017c\u0105dnych stref wolnych od LGBT, a akcja Barta Staszewskiego wp\u0142yn\u0119\u0142a niekorzystnie na postrzeganie gmin i ich mieszka\u0144c\u00f3w.<\/strong>\u00a0 Subiektywna ocena i dzia\u0142ania, jakich dopu\u015bci\u0142 si\u0119 Bart Staszewski, zwi\u0105zane by\u0142y z przyj\u0119ciem przez gminy deklaracji prorodzinnych, w kt\u00f3rych wyra\u017cona zosta\u0142a m.in. troska o zachowanie tradycji oraz \u015bwiadomy wyb\u00f3r rodzic\u00f3w dotycz\u0105cy wychowania ich dzieci.<\/p>\n<p><strong>Akcja Barta Staszewskiego polega\u0142a na rozwieszaniu fa\u0142szywych znak\u00f3w drogowych z napisem \u201eStrefa wolna od LGBT\u201d pod autentycznymi znakami drogowymi z nazwami miejscowo\u015bci, dzia\u0142ania te wp\u0142yn\u0119\u0142y na postrzeganie gmin nie tylko w Polsce, ale tak\u017ce w Europie i na \u015bwiecie.<\/strong><span>\u00a0<\/span>Zdj\u0119cie z fa\u0142szywymi tabliczkami Bart Staszewski publikowa\u0142 na swojej stronie internetowej, w mediach spo\u0142eczno\u015bciowych, ponadto intensywnie informowa\u0142 o swojej akcji w r\u00f3\u017cnych innych mediach, to spowodowa\u0142o, \u017ce przekaz o gminach, ale tak\u017ce o Polsce, by\u0142 zmanipulowany i nieprawdziwy.<\/p>\n<p>Watro, wspomnie\u0107, \u017ce sprawa trafi\u0142a pod dyskusj\u0119 w UE. O ile analiza przygotowana przez przedstawicieli Unii Europejskiej nie wykaza\u0142a \u017c\u0105dnych narusze\u0144, nie potwierdzi\u0142a wyst\u0119powania rzekomych \u201eStref wolnych od LGBT\u201d w Polsce, o tyle wp\u0142yn\u0119\u0142a niekorzystnie na wizerunek Polski i Polak\u00f3w.<\/p>\n<p>Przypomnijmy:<\/p>\n<p>W dniu 21.02.22 r. oby\u0142o si\u0119 przygotowawcze posiedzeniu s\u0105du, na kt\u00f3rym zosta\u0142 opracowany plan post\u0119powania s\u0105dowego w sprawie przeciwko Bartowi Staszewskiemu.<\/p>\n<p>Proces z pozwu Gminy Tusz\u00f3w Narodowy przeciwko Bartowi Staszewski rozpocz\u0105\u0142 si\u0119 08.03.2021 r. w S\u0105dzie Okr\u0119gowym w Tarnobrzegu, przygotowawcze posiedzenie s\u0105du odby\u0142o si\u0119 w trybie niejawnym z udzia\u0142em stron. Podczas posiedzenia (pozwany Bart Staszewski by\u0142 nieobecny) s\u0105d wyznaczy\u0142 pe\u0142nomocnikom stron 21 dni na wskazanie osoby mediatora.<\/p>\n<p>W pozwie wspieranym przez Redut\u0119 Dobrego Imienia gmina Tusz\u00f3w Narodowy \u017c\u0105da od Barta Staszewskiego przeprosin oraz zamieszczenia sprostowania we wszystkich mediach, w kt\u00f3rych ukaza\u0142a si\u0119 informacja, jakoby Tusz\u00f3w Narodowy by\u0142 \u201estref\u0105 woln\u0105 od LGBT\u201d.<\/p>\n<p>Podstaw\u0105 do z\u0142o\u017cenia pozwu by\u0142a akcja Barta Staszewskiego, kt\u00f3ry w dniu 29 lipca 2020 r. zamie\u015bci\u0142 na swoich profilach w mediach spo\u0142eczno\u015bciowych zdj\u0119cie znaku drogowego z nazw\u0105 miejscowo\u015bci Tusz\u00f3w Narodowy z umieszczon\u0105 pod nim tabliczk\u0105 do z\u0142udzenia przypominaj\u0105c\u0105 znaki urz\u0119dowe z wieloj\u0119zycznym napisem \u201eStrefa wolna od LGBT\u201d. Zdj\u0119cie takie ukaza\u0142o si\u0119 te\u017c na stronie prowadzonej przez Staszewskiego lgbtfreezones.pl<\/p>\n<p>Bart Staszewski przeprowadzi\u0142 akcj\u0119 przeciwko Gminie Tusz\u00f3w Narodowy po ponad roku (29.03.2019 r.) od przyj\u0119cia przez radnych gminy \u201eStanowiska Rady Gminy Tusz\u00f3w Narodowy w sprawie powstrzymania ideologii LGBT\u201d, w kt\u00f3rym radni wyra\u017caj\u0105 przywi\u0105zanie do tradycyjnych warto\u015bci oraz wol\u0119 wychowywania dzieci zgodnie z wol\u0105 rodzic\u00f3w, bez wp\u0142yw\u00f3w politycznej poprawno\u015bci. W\u0142adze Gminy Tusz\u00f3w zdecydowanie podkre\u015blaj\u0105, \u017ce przy przyj\u0119tym stanowisku, nie ma mowy o jakichkolwiek przejawach dyskryminacji kogokolwiek, ani te\u017c wykluczania kogo\u015b ze spo\u0142eczno\u015bci.<\/p>\n<p>Na ostateczny wynik sprawy z pozwu Gminy Tusz\u00f3w Narodowy b\u0119dziemy musieli jeszcze poczeka\u0107, niemniej jednak wierzymy, \u017ce sprawiedliwo\u015b\u0107 zatriumfuje, a krzywdy wyrz\u0105dzone mieszka\u0144com gminy zostan\u0105, cho\u0107 w cz\u0119\u015bci wynagrodzone.<\/p>\n<p>Reduta postanowi\u0142a wesprze\u0107 napi\u0119tnowane gminy, kt\u00f3re wyst\u0105pi\u0142y na drog\u0119 s\u0105dow\u0105, by walczy\u0107 o prawd\u0119 i nale\u017cn\u0105 sprawiedliwo\u015b\u0107, poniewa\u017c wierzymy, \u017ce taka droga, cho\u0107 \u017cmudna i d\u0142uga, ma sens.<span>\u00a0<\/span><strong>Niestety prawda nie obroni si\u0119 sama, wi\u0119c musimy dzia\u0142a\u0107 \u2013 b\u0119dziemy broni\u0107 prawdy o Polsce i Polakach. Akcja Staszewskiego w dobie zagro\u017cenia wojennego Polski mo\u017ce by\u0107 \u2013 w naszej ocenie \u2013\u00a0 elementem uzasadniaj\u0105cym odmow\u0119 pomocy Polsce w przypadku agresji rosyjskiej. Argumenty o Polsce jako kraju homofobicznym, w kt\u00f3rym prze\u015bladuje si\u0119 mniejszo\u015bci seksualne (co oczywi\u015bcie jak wiemy, nie ma miejsca) mo\u017ce negatywnie zawa\u017cy\u0107 na decyzjach polityk\u00f3w o zaanga\u017cowaniu militarnym w obron\u0119 Polski ze wzgl\u0119du na specyficzne pojmowanie \u201epraw cz\u0142owieka\u201d w ich krajach. Dlatego te\u017c\u00a0 obrona dobrego imienia Polski i Polak\u00f3w to zadanie niezmiernie wa\u017cne, gdy\u017c gwarantuje nam bezpiecze\u0144stwo m.in. poprzez podj\u0119cie odpowiednich dzia\u0142a\u0144 przez NATO, a dok\u0142adnie m\u00f3wi\u0105c uruchomienia art. 5 Traktatu Waszyngto\u0144skiego.<\/strong><\/p>\n<p><strong>Szanowni Pa\u0144stwo, Przyjaciele i Sympatycy Reduty Dobrego Imienia!<\/strong><\/p>\n<p>Wszystkie obecne, jak i przysz\u0142e dzia\u0142ania s\u0105 mo\u017cliwe wy\u0142\u0105czenie dzi\u0119ki Pa\u0144stwa ofiarno\u015bci. Reduta Dobrego Imienia dzia\u0142a na wielu frontach, gdy\u017c Polska i Polacy s\u0105 intensywnie atakowani przez antypolskie \u015brodowiska. Chcemy, jak i r\u00f3wnie\u017c musimy przeciwdzia\u0142a\u0107 antypolskiej narracji, wiemy, \u017ce razem z Pa\u0144stwem jest to mo\u017cliwe, dlatego te\u017c prosz\u0119 Pa\u0144stwa o regularne wsparcie finansowe.<\/p>\n<p>Z ca\u0142ego serca dzi\u0119kujemy za to, \u017ce w tych trudnych czasach byli\u015bcie i jeste\u015bcie Pa\u0144stwo z Redut\u0105.<\/p>\n<p>Z wyrazami szacunku,<br \/>Zesp\u00f3\u0142\u00a0 Reduty Dobrego Imienia<\/p>\n<p>&nbsp;<\/p>\n<\/div>\n<p>[\/et_pb_accordion_item][et_pb_accordion_item title=&#8221;Gmina Tusz\u00f3w Narodowy walczy o sprawiedliwo\u015b\u0107!&#8221; _builder_version=&#8221;4.20.2&#8243; _module_preset=&#8221;default&#8221; global_colors_info=&#8221;{}&#8221; theme_builder_area=&#8221;post_content&#8221; open=&#8221;off&#8221;]<\/p>\n<header class=\"entry-header\">\n<div class=\"entry-meta\">\n<div class=\"blog-data-wrapper\">\n<div class=\"post-data-positioning\">\n<h6 class=\"post-data-text\"><span class=\"posted-on\" style=\"color: #0000ff;\">Napisano dnia\u00a0<a href=\"http:\/\/www.anti-defamation.org\/aktualnosci\/gmina-tuszow-narodowy-walczy-o-sprawiedliwosc\/\" rel=\"bookmark\" style=\"color: #0000ff;\"><time class=\"entry-date published\" datetime=\"2022-02-21T15:06:33+01:00\">21 lutego, 2022<\/time><\/a><\/span><span class=\"byline\"><\/span><\/h6>\n<\/div>\n<\/div>\n<\/div>\n<\/header>\n<div class=\"entry-content\">\n<p><strong>Dzi\u015b (21.02.22 r.) oby\u0142a si\u0119 rozprawa przygotowawcza w procesie z pozwu Gminy Tusz\u00f3w Narodowy przeciwko Bartowi Staszewskiemu. Bart Staszewski jest autorem akcji \u201cStrefy wolne od LGBT\u201d. Na dzisiejszym przygotowawczym posiedzeniu s\u0105du zosta\u0142 opracowany plan post\u0119powania s\u0105dowego.<\/strong><\/p>\n<p><b>Reduta Dobrego Imienia od pocz\u0105tku wspiera Gmin\u0119 Tusz\u00f3w Narodowy w jej walce o sprawiedliwo\u015b\u0107.<span>\u00a0<\/span><\/b>Wspieramy r\u00f3wnie\u017c gminy Zakrz\u00f3wek i Niebylec, kt\u00f3re wnios\u0142y do s\u0105du pozwy przeciwko Bartowi Staszewskiemu.\u00a0<\/p>\n<p>Proces z pozwu Gminy Tusz\u00f3w Narodowy przeciwko Bartowi Staszewski rozpocz\u0105\u0142 si\u0119 08.03.2021 r w S\u0105dzie Okr\u0119gowym w Tarnobrzegu, przygotowawcze posiedzenie s\u0105du odby\u0142o si\u0119 w trybie niejawnym z udzia\u0142em stron. Podczas posiedzenia (pozwany Bart Staszewski by\u0142 nieobecny) s\u0105d wyznaczy\u0142 pe\u0142nomocnikom stron 21 dni na wskazanie osoby mediatora.<\/p>\n<p>Przypomnijmy:<\/p>\n<p>Bart Staszewski jest tw\u00f3rc\u0105 akcji, polegaj\u0105cej na rozwieszaniu fa\u0142szywych znak\u00f3w drogowych z napisem \u201eStrefa wolna od LGBT\u201d pod autentycznymi znakami drogowymi z nazwami miejscowo\u015bci, kt\u00f3rych w\u0142adze samorz\u0105dowe przyj\u0119\u0142y deklaracje prorodzinne. Zorganizowana i przeprowadzona przez Barta Staszewskiego akcja wp\u0142ywa niekorzystnie na wizerunek gmin i jej mieszka\u0144c\u00f3w, bowiem wskazuje na dyskryminacj\u0119 jakiej\u015b grupy z uwagi na jej preferencje seksualne.<\/p>\n<p>Gmina Tusz\u00f3w Narodowy, kt\u00f3rej radni przyj\u0119li w dniu 29 marca 2019 roku \u201eStanowisko Rady Gminy Tusz\u00f3w Narodowy w sprawie powstrzymania ideologii LGBT\u201d, w kt\u00f3rym wyra\u017caj\u0105 przywi\u0105zanie do tradycyjnych warto\u015bci oraz wol\u0119 wychowywania dzieci zgodnie z wol\u0105 rodzic\u00f3w, bez wp\u0142yw\u00f3w politycznej poprawno\u015bci. W\u0142adze Gminy Tusz\u00f3w zdecydowanie podkre\u015blaj\u0105, \u017ce przy przyj\u0119tym stanowisku, nie ma mowy o jakichkolwiek przejawach dyskryminacji kogokolwiek, ani te\u017c wykluczania kogo\u015b ze spo\u0142eczno\u015bci.<\/p>\n<p>W dniu 29 lipca 2020 roku Bart Staszewski zamie\u015bci\u0142 na swoich profilach w mediach spo\u0142eczno\u015bciowych zdj\u0119cie znaku drogowego z nazw\u0105 miejscowo\u015bci Tusz\u00f3w Narodowy z umieszczon\u0105 pod nim tabliczk\u0105 do z\u0142udzenia przypominaj\u0105c\u0105 znaki urz\u0119dowe z wieloj\u0119zycznym napisem \u201eStrefa wolna od LGBT\u201d. Zdj\u0119cie takie ukaza\u0142o si\u0119 te\u017c na stronie prowadzonej przez Staszewskiego lgbtfreezones.pl<\/p>\n<p>W pozwie wspieranym przez Redut\u0119 Dobrego Imienia gmina Tusz\u00f3w Narodowy \u017c\u0105da od Barta Staszewskiego przeprosin oraz zamieszczenia sprostowania we wszystkich mediach, w kt\u00f3rych ukaza\u0142a si\u0119 informacja jakoby Tusz\u00f3w Narodowy by\u0142 \u201estref\u0105 woln\u0105 od LGBT\u201d.<\/p>\n<p>Jeste\u015bmy pe\u0142ni nadziei, \u017ce rozstrzygni\u0119cie w tej sprawie b\u0119dzie korzystne zar\u00f3wno dla w\u0142adz gminy, jak i r\u00f3wnie\u017c dla jej mieszka\u0144c\u00f3w. Na ostateczny wynik sprawy b\u0119dziemy musieli jeszcze poczeka\u0107, niemniej jednak wierzymy, \u017ce sprawiedliwo\u015b\u0107 zatriumfuje, a krzywdy wyrz\u0105dzone mieszka\u0144com gminy zostan\u0105 cho\u0107 w cz\u0119\u015bci wynagrodzone.<\/p>\n<p>O dalszym przebiegu post\u0119powania b\u0119dziemy Pa\u0144stwa informowa\u0107.<\/p>\n<\/div>\n<p>[\/et_pb_accordion_item][et_pb_accordion_item title=&#8221;RUSZY\u0141 PROCES PRZECIWKO BARTOWI STASZEWSKIEMU!&#8221; _builder_version=&#8221;4.20.2&#8243; _module_preset=&#8221;default&#8221; global_colors_info=&#8221;{}&#8221; theme_builder_area=&#8221;post_content&#8221; open=&#8221;off&#8221;]<\/p>\n<h6><span style=\"color: #0000ff;\"><strong>Napisano dnia\u00a0<a href=\"http:\/\/www.anti-defamation.org\/aktualnosci\/ruszyl-proces-przeciwko-bartowi-staszewskiemu\/\" rel=\"bookmark\" style=\"color: #0000ff;\"><time class=\"entry-date published\" datetime=\"2021-03-08T11:22:25+01:00\">8 marca, 2021<\/time><\/a><\/strong><\/span><\/h6>\n<p><strong>Za nami pierwsza rozprawa w procesie przeciwko tw\u00f3rcy dezinformacyjnej<span>\u00a0<\/span><\/strong><strong>akcji \u201eStrefy wolne od LGBT\u201d<\/strong><\/p>\n<p><strong>Podczas dzisiejszej (08.03.21r.) rozprawy w S\u0105dzie Okr\u0119gowym w Tarnobrzegu odby\u0142o si\u0119 posiedzenie przygotowawcze w trybie niejawnym z udzia\u0142em stron.<\/strong><\/p>\n<p>Podczas posiedzenia (pozwany Bart Staszewski by\u0142 nieobecny) s\u0105d wyznaczy\u0142 pe\u0142nomocnikom stron 21 dni na wskazanie osoby mediatora w sprawie. Je\u015bli ten nie zostanie przez strony przedstawiony s\u0105d go wyznaczy. W przypadku braku porozumienia z udzia\u0142em mediatora zostanie podj\u0119te post\u0119powanie s\u0105dowe.<\/p>\n<p>[\/et_pb_accordion_item][et_pb_accordion_item title=&#8221;Pierwsza rozprawa w g\u0142o\u015bnej sprawie przeciwko Bartowi Staszewskiemu&#8221; _builder_version=&#8221;4.20.2&#8243; _module_preset=&#8221;default&#8221; global_colors_info=&#8221;{}&#8221; theme_builder_area=&#8221;post_content&#8221; open=&#8221;off&#8221;]<\/p>\n<header class=\"entry-header\">\n<div class=\"entry-meta\">\n<div class=\"blog-data-wrapper\">\n<div class=\"post-data-positioning\">\n<h6 class=\"post-data-text\"><span class=\"posted-on\" style=\"color: #0000ff;\">Napisano dnia\u00a0<a href=\"http:\/\/www.anti-defamation.org\/aktualnosci\/pierwsza-rozprawa-w-glosnej-sprawie-przeciwko-bartowi-staszewskiemu\/\" rel=\"bookmark\" style=\"color: #0000ff;\"><time class=\"entry-date published\" datetime=\"2021-03-05T14:03:32+01:00\">5 marca, 2021<\/time><\/a><\/span><span class=\"byline\"><\/span><\/h6>\n<\/div>\n<\/div>\n<\/div>\n<\/header>\n<div class=\"entry-content\">\n<h4><strong>W POLSCE NIE MA STREF WOLNYCH OD LGBT!<\/strong><\/h4>\n<p><strong>W dniu 08.03.2021r. w S\u0105dzie Okr\u0119gowym w Tarnobrzegu odb\u0119dzie si\u0119 pierwsza rozprawa w g\u0142o\u015bniej sprawie z pozwu Gminy Tusz\u00f3w przeciwko Bartowi Staszewskiemu, tw\u00f3rcy dezinformacyjnej akcji o \u201estrefach wolnych od LGBT\u201d w Polsce. Reduta Dobrego Imienia stan\u0119\u0142a w obronie gminy i aby przeciwdzia\u0142a\u0107 rozpowszechnianiu nieprawdziwych informacji godz\u0105cych w dobre imi\u0119 jej mieszka\u0144c\u00f3w jak i ca\u0142ej Polski.<\/strong><\/p>\n<p>Jak, ju\u017c informowali\u015bmy Bart Staszewski jest tw\u00f3rc\u0105 akcji dezinformacyjnej, polegaj\u0105cej na rozwieszaniu fa\u0142szywych znak\u00f3w drogowych z napisem \u201eStrefa wolna od LGBT\u201d pod autentycznymi znakami drogowymi z nazwami miejscowo\u015bci, kt\u00f3rych w\u0142adze samorz\u0105dowe przyj\u0119\u0142y deklaracje prorodzinne. Zorganizowana i przeprowadzona przez Barta Staszewskiego akcja wp\u0142ywa niekorzystnie na wizerunek gmin i jej mieszka\u0144c\u00f3w, bowiem wskazuje na dyskryminacj\u0119 jakiej\u015b grupy z uwagi na jej preferencje seksualne.<\/p>\n<p>Jedn\u0105 w gmin, kt\u00f3ra sta\u0142a si\u0119 ofiar\u0105 akcji dezinformacyjnej Barta Staszewskiego jest gmina Tusz\u00f3w Narodowy.<\/p>\n<p>Nale\u017cy przypomnie\u0107 tak\u017ce, \u017ce S\u0105d Okr\u0119gowy w Rzeszowie nakaza\u0142 Bartowi Staszewskiemu umieszczenie na swoich stronach www i profilu na Facebooku informacji, \u017ce toczy si\u0119 przeciwko niemu post\u0119powanie s\u0105dowe z pozwu Gminy Niebylec (kt\u00f3r\u0105 wspiera Reduta). Bart Staszewski w swoich wypowiedziach w mediach spo\u0142eczno\u015bciowych pocz\u0105tkowo zaprzecza\u0142 temu, \u017ce otrzyma\u0142 taki nakaz, potem zamie\u015bci\u0142 informacj\u0119 z b\u0142\u0119dem, a po kolejnym ponagleniu z naszej strony zamie\u015bci\u0142 poprawn\u0105 tre\u015b\u0107 informacji. Tak wi\u0119c nie ma mowy o jego \u201ewygranej\u201d gdy kilka miesi\u0119cy temu chwali\u0142 si\u0119, gdy ten sam S\u0105d Okr\u0119gowy w Rzeszowie odrzuci\u0142 nasz wniosek o zabezpieczenie. Jak si\u0119 okazuje, strategia Reduty uporczywego d\u0105\u017cenia do celu jest skuteczna.<\/p>\n<p>Przypomnijmy:<\/p>\n<p>Radni Gminy Tusz\u00f3w Narodowy przyj\u0119li w dniu 29 marca 2019 roku<span>\u00a0<\/span><em>\u201e<\/em>Stanowisko Rady Gminy Tusz\u00f3w Narodowy w\u00a0sprawie powstrzymania ideologii LGBT\u201d, w kt\u00f3rym wyra\u017caj\u0105 przywi\u0105zanie do tradycyjnych warto\u015bci oraz wol\u0119 wychowywania dzieci zgodnie z wol\u0105 rodzic\u00f3w, bez wp\u0142yw\u00f3w politycznej poprawno\u015bci. W\u0142adze gminy Tusz\u00f3w zdecydowanie podkre\u015blaj\u0105, \u017ce przy przyj\u0119tym stanowisku, nie ma mowy o jakichkolwiek przejawach dyskryminacji kogokolwiek, ani te\u017c wykluczania kogo\u015b ze spo\u0142eczno\u015bci.<\/p>\n<p>W dniu 29 lipca 2020 roku Bart Staszewski zamie\u015bci\u0142 na swoich profilach w mediach spo\u0142eczno\u015bciowych zdj\u0119cie znaku drogowego z nazw\u0105 miejscowo\u015bci Tusz\u00f3w Narodowy z umieszczon\u0105 pod nim tabliczk\u0105 do z\u0142udzenia przypominaj\u0105c\u0105 znaki urz\u0119dowe z wieloj\u0119zycznym napisem \u201eStrefa wolna od LGBT\u201d. Zdj\u0119cie takie ukaza\u0142o si\u0119 te\u017c na stronie prowadzonej przez Staszewskiego lgbtfreezones.pl<\/p>\n<p>Publikacja zdj\u0119cia odbi\u0142a si\u0119 szerokim echem w Internecie i mediach tradycyjnych.<\/p>\n<p>\u201eDo gminy zacz\u0119\u0142y nap\u0142ywa\u0107 wszystkimi kana\u0142ami informacyjnymi s\u0142owa pot\u0119pienia, pytania jak mo\u017cemy dyskryminowa\u0107 ludzi, dlaczego jeste\u015bmy rasistami itd. By\u0142o mn\u00f3stwo nienawistnych maili, telefon\u00f3w, nie tylko wyra\u017caj\u0105cych pot\u0119pienie za to, \u017ce rzekomo jeste\u015bmy \u201estref\u0105 woln\u0105 od LGBT\u201d, ale tak\u017ce wprost z nienawi\u015bci\u0105 skierowan\u0105 w stosunku do mnie, w\u0142adz i mieszka\u0144c\u00f3w gminy\u201d. \u2013 informowa\u0142 W\u00f3jt Gminy Tusz\u00f3w Narodowy \u2013 Andrzej G\u0142az.<\/p>\n<p>W pozwie wspieranym przez Redut\u0119 Dobrego Imienia gmina Tusz\u00f3w Narodowy \u017c\u0105da od Barta Staszewskiego przeprosin oraz zamieszczenia sprostowania we wszystkich mediach, w kt\u00f3rych ukaza\u0142a si\u0119 informacja jakoby Tusz\u00f3w Narodowy by\u0142 \u201estref\u0105 woln\u0105 od LGBT\u201d.<\/p>\n<p>Szalenie wa\u017cn\u0105 kwesti\u0105 zwi\u0105zan\u0105 z akcj\u0105 prowadzon\u0105 przez Barta Staszewskiego jest to, \u017ce ta k\u0142amliwa akcja polegaj\u0105ca na zamieszczeniu tabliczek z napisem \u201eLGBT Free Zone\u201d to dow\u00f3d na to, jak prosto mo\u017cna rozpowszechni\u0107 materia\u0142y dezinformacyjne, kt\u00f3re w nast\u0119pstwie s\u0105 przyjmowane przez odbiorc\u00f3w jako stan faktyczny. Zdecydowana wi\u0119kszo\u015b\u0107 odbiorc\u00f3w nie zada sobie trudu by sprawdzi\u0107, czy przedstawione informacj\u0119 s\u0105 prawdziwe.<\/p>\n<p>Z g\u00f3ry wierz\u0105, \u017ce istniej\u0105 \u201eStrefy wolne od LGBT\u201d. Ponadto mieszka\u0144cy takich kraj\u00f3w jak Francja, Anglia czy Belgia widz\u0105c tabliczk\u0119 z napisem \u201eStrefa wolna od LGBT\u201d kojarz\u0105 j\u0105 z kolonialnymi do\u015bwiadczeniami tych kraj\u00f3w, czy jak w przypadku USA \u2013 z segregacj\u0105 rasow\u0105. Akcja Staszewskiego przedstawia po prostu Polsk\u0119 jako kraj apartheidu, na co nie ma i nie mo\u017ce by\u0107 zgody.<\/p>\n<p>W Polsce nie ma \u017cadnych \u201eStref wolnych od LGBT\u201d, a upominanie si\u0119 o prawd\u0119 na drodze s\u0105dowej przez znies\u0142awione samorz\u0105dy jest drog\u0105 wprawdzie \u017cmudn\u0105, ale daj\u0105c\u0105 mo\u017cliwo\u015b\u0107 przeciwdzia\u0142ania szerzonym przez Barta Staszewskiego fa\u0142szywym informacjom, uderzaj\u0105cym w dobre imi\u0119 gmin.<\/p>\n<p>Pok\u0142adamy nadzieje, \u017ce rozstrzygni\u0119cie post\u0119powania s\u0105dowego b\u0119dzie korzystne dla Gminy Tusz\u00f3w Narodowy.<\/p>\n<p>RDI udziela pomocy prawnej r\u00f3wnie\u017c inny polskim samorz\u0105dom na terenie, kt\u00f3rych Bart Staszewski, przeprowadzi\u0142 swoje \u201eakcje\u201d. Nale\u017c\u0105 do nich Gmina Zakrz\u00f3wek oraz Gmina Niebylec.<\/p>\n<p>Jak, informowali\u015bmy w lutym br. S\u0105d Okr\u0119gowy w Rzeszowie wyda\u0142 postanowienie i uzna\u0142, \u017ce Gminie Niebylec przys\u0142uguje zabezpieczenie i nakaza\u0142 na czas trwania procesu o naruszenie d\u00f3br osobistych pozwanemu Bartoszowi Staszewskiemu umieszczenia na jego stronach internetowych oraz na Facebooku, Twitterze\u00a0 oraz Instagramie stosownego o\u015bwiadczenia. Zgodnie z postanowieniem s\u0105dowym o\u015bwiadczenie ma by\u0107 tak opublikowane, by osoba wchodz\u0105ca na ww. strony internetowe od razu je widzia\u0142a.<\/p>\n<p>Po d\u0142u\u017cszym czasie doczekali\u015bmy si\u0119 wykonania przez Barta Staszewskiego postanowienia s\u0105du. Na ww. stronach oraz w social mediach tw\u00f3rca dezinformacyjnej akcji \u201eStrefy wolne od LGBT\u201d zamie\u015bci\u0142 wskazane przez s\u0105d o\u015bwiadczenie.<\/p>\n<p><strong>Szanowni Pa\u0144stwo, Przyjaciele i Sympatycy Reduty Dobrego Imienia!<\/strong><\/p>\n<p>Istniejemy wy\u0142\u0105cznie dzi\u0119ki Pa\u0144stwa wsparciu i datkom finansowym. Bardzo serdecznie za to dzi\u0119kuj\u0119 i uprzejmie przypominam i informuj\u0119, \u017ce rozpocz\u0119li\u015bmy akcj\u0119: \u201ePani Filomena walczy o prawd\u0119 i dobre imi\u0119 swojej rodziny\u201d. Serdecznie prosz\u0119 o w\u0142\u0105czenie si\u0119 w ni\u0105\u00a0 i o popularyzowanie tej formy regularnego wspierania naszych przedsi\u0119wzi\u0119\u0107, tak\u017ce w\u015br\u00f3d Pa\u0144stwa przyjaci\u00f3\u0142, krewnych i znajomych.<\/p>\n<p>Z wyrazami szacunku<br \/>Zesp\u00f3\u0142 Reduty Dobrego Imienia<\/p>\n<p><span><strong>PANI FILOMENA WALCZY O PRAWD\u0118 I DOBRE IMI\u0118 SWOJEJ RODZINY.<\/strong><\/span><\/p>\n<p>Chcesz pom\u00f3c Babci Filomenie i innym? Wspieraj regularnie Redut\u0119 Dobrego Imienia.<\/p>\n<p>Wspiera nas ju\u017c 1023 osoby. Aby dzia\u0142a\u0107 na pe\u0142na skal\u0119 musi by\u0107 nas co najmniej 4 000.<\/p>\n<p><strong><span>Darowizny mog\u0105 Pa\u0144stwo przekaza\u0107 poprzez wp\u0142at\u0119 na poni\u017cszy numer konta:<\/span><\/strong><\/p>\n<p>Nr konta: <span>29 1020 1042 0000 8202 0481 3491<\/span><\/p>\n<p><u>Prosimy o wp\u0142aty z tytu\u0142em \u201eDarowizna na cele statutowe&#8221;<\/u><\/p>\n<p><strong><span>B\u0105d\u017a po klikni\u0119ciu w poni\u017cszy link:<\/span><\/strong><\/p>\n<blockquote class=\"wp-embedded-content\" data-secret=\"E6lzR7N9rX\"><p><a href=\"https:\/\/rdi.org.pl\/zostan-darczynca\/\">Zosta\u0144 darczy\u0144c\u0105<\/a><\/p><\/blockquote>\n<p><iframe loading=\"lazy\" class=\"wp-embedded-content\" sandbox=\"allow-scripts\" security=\"restricted\" style=\"position: absolute; clip: rect(1px, 1px, 1px, 1px);\" title=\"&#8222;Zosta\u0144 darczy\u0144c\u0105&#8221; &#8212; Reduta Dobrego Imienia\" src=\"https:\/\/rdi.org.pl\/zostan-darczynca\/embed\/#?secret=o91aMfvRN4#?secret=E6lzR7N9rX\" data-secret=\"E6lzR7N9rX\" width=\"600\" height=\"338\" frameborder=\"0\" marginwidth=\"0\" marginheight=\"0\" scrolling=\"no\"><\/iframe><\/p>\n<\/div>\n<p>[\/et_pb_accordion_item][et_pb_accordion_item title=&#8221;Przed nami pierwsza rozprawa w g\u0142o\u015bnej sprawie przeciwko Bartowi Staszewskiemu.&#8221; _builder_version=&#8221;4.20.2&#8243; _module_preset=&#8221;default&#8221; global_colors_info=&#8221;{}&#8221; theme_builder_area=&#8221;post_content&#8221; open=&#8221;off&#8221;]<\/p>\n<header class=\"entry-header\">\n<div class=\"entry-meta\">\n<div class=\"blog-data-wrapper\">\n<div class=\"post-data-positioning\">\n<h6 class=\"post-data-text\"><span class=\"posted-on\" style=\"color: #0000ff;\">Napisano dnia\u00a0<a href=\"http:\/\/www.anti-defamation.org\/aktualnosci\/przed-nami-pierwsza-rozprawa-w-glosnej-sprawie-przeciwko-bartowi-staszewskiemu\/\" rel=\"bookmark\" style=\"color: #0000ff;\"><time class=\"entry-date published\" datetime=\"2021-01-28T18:19:26+01:00\">28 stycznia, 2021<\/time><\/a><\/span><\/h6>\n<\/div>\n<\/div>\n<\/div>\n<\/header>\n<div class=\"entry-content\">\n<p><strong>Pierwsza rozprawa w g\u0142o\u015bnej sprawie przeciwko Bartowi Staszewskiemu.<span>\u00a0<\/span><\/strong><strong>Reduta walczy dalej i sk\u0142ada kolejne pozwy.<\/strong><\/p>\n<p><b>S\u0105d Okr\u0119gowy w Tarnobrzegu na dzie\u0144 08.03. 2021 r. wyznaczy\u0142 termin pierwszej rozprawy w sprawie z pozwu Gminy Tusz\u00f3w przeciwko Bartowi Staszewskiemu, tw\u00f3rcy dezinformacyjnej akcji o \u201estrefach wolnych od LGBT\u201d w Polsce.<\/b><\/p>\n<p><strong>Reduta Dobrego Imienia wspiera Gmin\u0119 Tusz\u00f3w w jej walce przeciwko tw\u00f3rcy fa\u0142szywych znak\u00f3w drogowych z napisem \u201eStrefa Wolna od LGBT\u201d. Reduta Dobrego Imienia stan\u0119\u0142a w obronie gminy i wspar\u0142a gmin\u0119, aby przeciwdzia\u0142a\u0107 rozpowszechnianiu nieprawdziwych informacji godz\u0105cych w dobre imi\u0119 mieszka\u0144c\u00f3w Gminy Tusz\u00f3w Narodowy.<\/strong><\/p>\n<p>Akcja Barta Staszewskiego, kt\u00f3ry zawiesza fa\u0142szywe znaki drogowe z napisem \u201eStrefa wolna od LGBT\u201d pod autentycznymi znakami drogowymi z nazwami miejscowo\u015bci, kt\u00f3rych w\u0142adze samorz\u0105dowe przyj\u0119\u0142y deklaracje prorodzinne, wp\u0142ywaj\u0105 niekorzystnie na wizerunek gmin i jej mieszka\u0144c\u00f3w, bowiem wskazuj\u0105 na dyskryminacj\u0119 jakiej\u015b grupy z uwagi na jej preferencje seksualne. Tymczasem ostatnio Komisja Europejska wskaza\u0142a, \u017ce nie ma \u017cadnych dowod\u00f3w by w takich gminach dochodzi\u0142o do dyskryminacji os\u00f3b nieheteronormatywnych.<\/p>\n<p>Przypomnijmy:<\/p>\n<p>Gmina Tusz\u00f3w Narodowy, kt\u00f3rej radni przyj\u0119li w dniu 29 marca 2019 roku<span>\u00a0<\/span><em>\u201e<\/em>Stanowisko Rady Gminy Tusz\u00f3w Narodowy w\u00a0sprawie powstrzymania ideologii LGBT\u201d, w kt\u00f3rym wyra\u017caj\u0105 przywi\u0105zanie do tradycyjnych warto\u015bci oraz wol\u0119 wychowywania dzieci zgodnie z wol\u0105 rodzic\u00f3w, bez wp\u0142yw\u00f3w politycznej poprawno\u015bci. W\u0142adze Gminy Tusz\u00f3w zdecydowanie podkre\u015blaj\u0105, \u017ce przy przyj\u0119tym stanowisku, nie ma mowy o jakichkolwiek przejawach dyskryminacji kogokolwiek, ani te\u017c wykluczania kogo\u015b ze spo\u0142eczno\u015bci.<\/p>\n<p>W dniu 29 lipca 2020 roku Bart Staszewski zamie\u015bci\u0142 na swoich profilach w mediach spo\u0142eczno\u015bciowych zdj\u0119cie znaku drogowego z nazw\u0105 miejscowo\u015bci Tusz\u00f3w Narodowy z umieszczon\u0105 pod nim tabliczk\u0105 do z\u0142udzenia przypominaj\u0105c\u0105 znaki urz\u0119dowe z wieloj\u0119zycznym napisem \u201eStrefa wolna od LGBT\u201d. Zdj\u0119cie takie ukaza\u0142o si\u0119 te\u017c na stronie prowadzonej przez Straszewskiego lgbtfreezones.pl<\/p>\n<p>Publikacja zdj\u0119cia odbi\u0142a si\u0119 szerokim echem w Internecie i mediach tradycyjnych, jak informowa\u0142 W\u00f3jt Gminy Tusz\u00f3w Narodowy \u2013 Andrzej G\u0142az \u2013<em>Do gminy zacz\u0119\u0142y nap\u0142ywa\u0107 wszystkimi kana\u0142ami informacyjnymi s\u0142owa pot\u0119pienia, pytania jak mo\u017cemy dyskryminowa\u0107 ludzi, dlaczego jeste\u015bmy rasistami itd. By\u0142o mn\u00f3stwo nienawistnych maili telefon\u00f3w, nie tylko wyra\u017caj\u0105cych pot\u0119pienie za to , \u017ce rzekomo jeste\u015bmy \u201estref\u0105 woln\u0105 od LGBT\u201d ale tak\u017ce wprost z nienawi\u015bci\u0105 skierowan\u0105 w stosunku do mnie, w\u0142adz i mieszka\u0144c\u00f3w gminy<\/em>.<\/p>\n<p>W pozwie wspieranym przez Redut\u0119 Dobrego Imienia gmina Tusz\u00f3w Narodowy \u017c\u0105da od Barta Staszewskiego przeprosin oraz zamieszczenia sprostowania we wszystkich mediach, w kt\u00f3rych ukaza\u0142a si\u0119 informacja jakoby Tusz\u00f3w Narodowy by\u0142 \u201estref\u0105 woln\u0105 od LGBT\u201d.<\/p>\n<p><em>Jest to ju\u017c kolejny pozew sk\u0142adany przeciwko Bartowi Staszewskiemu<\/em>\u201d \u2013 m\u00f3wi prezes Reduty Dobrego Imienia Maciej \u015awirski, dodaj\u0105c \u2013 \u201e<em>\u015awiat wierzy k\u0142amcy, kt\u00f3ry zamieszcza tabliczki z napisem \u201eLGBT Free Zone\u201d szerz\u0105c dezinformacj\u0119. W Polsce nie istniej\u0105 \u017cadne \u201eStrefy wolne od LGBT\u201d, a upominanie si\u0119 o prawd\u0119 na drodze s\u0105dowej przez znies\u0142awione samorz\u0105dy jest drog\u0105 wprawdzie \u017cmudn\u0105, ale daj\u0105c\u0105 mo\u017cliwo\u015b\u0107 przeciwdzia\u0142ania szerzonym przez Barta Staszewskiego fa\u0142szywym informacjom, uderzaj\u0105cym w dobre imi\u0119 gminy. Z niecierpliwo\u015bci\u0105 czekamy na pierwsz\u0105 rozpraw\u0119, wierzymy, \u017ce sprawiedliwo\u015b\u0107 zatriumfuje<\/em><\/p>\n<p>Reduta Dobrego Imienia wspiera Tusz\u00f3w Narodowy organizacyjnie i prawnie w tej sprawie przeciwko Bartowi Staszewskiemu.<\/p>\n<p>Do Reduty ca\u0142y czas zg\u0142aszaj\u0105 si\u0119 gminy i inne jednostki organizacyjne znies\u0142awione przez Barta Staszewskiego.<\/p>\n<p><em>\u00a0<\/em><em>Wspieramy Gmin\u0119 Zakrz\u00f3wek, kt\u00f3ra z nasz\u0105 pomoc\u0105, z\u0142o\u017cy\u0142a pozew w identycznej sprawie, podj\u0119li\u015bmy wsp\u00f3lne dzia\u0142ania z Gmin\u0105 Niebylec. W przypadku Gminy Niebylec s\u0105d oddali\u0142 wniosek o zabezpieczenie, wydaj\u0105c kuriozalne uzasadnienie. Niemniej jednak Reduta Dobrego Imienia walczy dalej i pozew tak\u017ce zosta\u0142 z\u0142o\u017cony. Nie poddajemy si\u0119<span>\u00a0<\/span><\/em>\u2013 informuje Zesp\u00f3\u0142 RDI.<\/p>\n<\/div>\n<p>[\/et_pb_accordion_item][et_pb_accordion_item title=&#8221;Gmina Tusz\u00f3w Narodowy wspierana przez Redut\u0119 Dobrego Imienia sk\u0142ada pozew przeciwko Bartowi Staszewskiemu&#8221; _builder_version=&#8221;4.20.2&#8243; _module_preset=&#8221;default&#8221; width=&#8221;100%&#8221; max_width=&#8221;100%&#8221; module_alignment=&#8221;center&#8221; global_colors_info=&#8221;{}&#8221; theme_builder_area=&#8221;post_content&#8221; open=&#8221;off&#8221;]<\/p>\n<header class=\"entry-header\">\n<div class=\"entry-meta\">\n<div class=\"blog-data-wrapper\">\n<div class=\"post-data-positioning\">\n<h6 class=\"post-data-text\"><span class=\"posted-on\" style=\"color: #0000ff;\">Napisano dnia\u00a0<a href=\"http:\/\/www.anti-defamation.org\/aktualnosci\/gmina-tuszow-narodowy-wspierana-przez-redute-dobrego-imienia-sklada-pozew-przeciwko-bartowi-staszewskiemu\/\" rel=\"bookmark\" style=\"color: #0000ff;\"><time class=\"entry-date published\" datetime=\"2020-10-12T10:11:25+02:00\">12 pa\u017adziernika, 2020<\/time><\/a><\/span><span class=\"byline\"><\/span><\/h6>\n<\/div>\n<\/div>\n<\/div>\n<\/header>\n<div class=\"entry-content\">\n<p><strong>Gmina Tusz\u00f3w Narodowy wspierana przez Redut\u0119 Dobrego Imienia sk\u0142ada pozew przeciwko Bartowi Staszewskiemu, tw\u00f3rcy dezinformacji o \u201estrefach wolnych od LGBT\u201d w Polsce.<\/strong><\/p>\n<p>Kolejny pozew przy wsparciu Reduty Dobrego Imienia jest sk\u0142adany do s\u0105du przeciwko Bartowi Staszewskiemu, kt\u00f3ry znany jest z tego, \u017ce zawiesza fa\u0142szywe znaki drogowe z napisem \u201eStrefa wolna od LGBT\u201d pod autentycznymi znakami drogowymi z nazwami miejscowo\u015bci, kt\u00f3rych w\u0142adze samorz\u0105dowe przyj\u0119\u0142y deklaracje prorodzinne.<\/p>\n<p>Jednym z takich miejsc jest gmina Tusz\u00f3w Narodowy, kt\u00f3rej radni przyj\u0119li w dniu 29 marca 2019 roku<span>\u00a0<\/span><em>\u201e<\/em>Stanowisko Rady Gminy Tusz\u00f3w Narodowy w\u00a0sprawie powstrzymania ideologii LGBT\u201d, w kt\u00f3rym wyra\u017caj\u0105 przywi\u0105zanie do tradycyjnych warto\u015bci oraz wol\u0119 wychowywania dzieci zgodnie z wol\u0105 rodzic\u00f3w, bez wp\u0142yw\u00f3w politycznej poprawno\u015bci. Nie ma w tym stanowisku mowy o dyskryminacji kogokolwiek, ani te\u017c wykluczania kogo\u015b ze spo\u0142eczno\u015bci.<\/p>\n<p>W dniu 29 lipca 2020 roku Bart Staszewski zamie\u015bci\u0142 na swoich profilach w mediach spo\u0142eczno\u015bciowych zdj\u0119cie znaku drogowego z nazw\u0105 miejscowo\u015bci Tusz\u00f3w Narodowy z umieszczon\u0105 pod nim tabliczk\u0105 do z\u0142udzenia przypominaj\u0105c\u0105 znaki urz\u0119dowe z wieloj\u0119zycznym napisem \u201eStrefa wolna od LGBT\u201d. Zdj\u0119cie takie ukaza\u0142o si\u0119 te\u017c na stronie prowadzonej przez Straszewskiego lgbtfreezones.pl<\/p>\n<p>Zamieszczenie tych zdj\u0119\u0107 odbi\u0142o si\u0119 szerokim echem w Internecie i w mediach tradycyjnych, nie tylko w Polsce ale i na \u015bwiecie<\/p>\n<p>\u201eDo gminy zacz\u0119\u0142y nap\u0142ywa\u0107 wszystkimi kana\u0142ami informacyjnymi s\u0142owa pot\u0119pienia, pytania jak mo\u017cemy dyskryminowa\u0107 ludzi, dlaczego jeste\u015bmy rasistami itd. By\u0142o mn\u00f3stwo nienawistnych maili telefon\u00f3w, nie tylko wyra\u017caj\u0105cych pot\u0119pienie za to , \u017ce rzekomo jeste\u015bmy \u201estref\u0105 woln\u0105 od LGBT\u201d ale tak\u017ce wprost z nienawi\u015bci\u0105 skierowan\u0105 w stosunku do mnie, w\u0142adz i mieszka\u0144c\u00f3w gminy\u201d \u2013 m\u00f3wi W\u00f3jt Gminy Tusz\u00f3w Narodowy Andrzej G\u0142az. \u201eNie by\u0142em wprost w stanie uwierzy\u0107, \u017ce ludzie ci mog\u0105 tak reagowa\u0107 na podstawie tego zdj\u0119cia. Co wi\u0119cej \u2013 wygl\u0105da na to, \u017ce ci, kt\u00f3rzy to zdj\u0119cie zobaczyli uwierzyli w to, \u017ce w naszej gminie istniej\u0105 jakie\u015b przepisy segregacyjne, jakby to by\u0142a II wojna \u015bwiatowa i rz\u0105dzili Niemcy. To, \u017ce Staszewski zamie\u015bci\u0142 takie zdj\u0119cie, \u017ce przymocowa\u0142 t\u0119 tabliczk\u0119 z takim napisem jest tym dla nas gorsze, \u017ce nasza miejscowo\u015b\u0107 jest miejscem urodzenia Genera\u0142a W\u0142adys\u0142awa Sikorskiego, premiera Rz\u0105du Polskiego na Uchod\u017astwie. Ta tabliczka, to zdj\u0119cie jest uderzeniem w nasze patriotyczne dziedzictwo, w t\u0119 symbolik\u0119 kt\u00f3r\u0105 niesie posta\u0107 Genera\u0142a. Nikogo w Tuszowie Narodowym si\u0119 nie dyskryminuje. Polska jest krajem wolno\u015bci. Nie ma zgody na k\u0142amliwe oskar\u017cenia o segregacj\u0119 ludzi, na zr\u00f3wnywanie mieszka\u0144c\u00f3w Tuszowa z nazistami, z Niemcami z czas\u00f3w II wojny \u015bwiatowej\u201d.<\/p>\n<p>W pozwie wspieranym przez Redut\u0119 Dobrego Imienia gmina Tusz\u00f3w Narodowy \u017c\u0105da od Barta Staszewskiego przeprosin oraz zamieszczenia sprostowania we wszystkich mediach, w kt\u00f3rych ukaza\u0142a si\u0119 informacja jakoby Tusz\u00f3w Narodowy by\u0142 \u201estref\u0105 woln\u0105 od LGBT\u201d.<\/p>\n<p>\u201eJest to ju\u017c drugi pozew sk\u0142adany przeciwko Bartowi Staszewskiemu\u201d \u2013 m\u00f3wi prezes Reduty Dobrego Imienia Maciej \u015awirski \u201epoprzedni z nasz\u0105 pomoc\u0105 z\u0142o\u017cy\u0142a gmina Zakrz\u00f3wek w identycznej sprawie. By\u0142o to tydzie\u0144 temu. Jak wa\u017cne s\u0105 te sprawy wida\u0107 po tym co si\u0119 wydarzy\u0142o w ci\u0105gu tygodnia od z\u0142o\u017cenia poprzedniego pozwu, w\u0142\u0105cznie z wczorajszym wywiadem ambasador USA w Polsce.\u00a0 \u015awiat wierzy k\u0142amcy, kt\u00f3ry zamieszcza tabliczki z napisem \u201eLGBT Free Zone\u201d szerz\u0105c dezinformacj\u0119. W Polsce nie istniej\u0105 \u017cadne \u201eStrefy wolne od LGBT\u201d, a upominanie si\u0119 o prawd\u0119 na drodze sadowej przez znies\u0142awione samorz\u0105dy jest drog\u0105 wprawdzie \u017cmudn\u0105, ale zrozumia\u0142\u0105 dla ludzi Zachodu. Gdyby nie te pozwy, to przeci\u0119tny Europejczyk czy Amerykanin m\u00f3g\u0142by my\u015ble\u0107, ze to prawda. Pami\u0119tajmy jak na zachodzie Europy czy w USA brzmi\u0105 takie s\u0142owa. Dla nich to przed\u0142u\u017cenie s\u0142\u00f3w o \u201estrefach wolnych od \u017byd\u00f3w\u201d z okresu Holokaustu. Naszym zdaniem Staszewski po prostu przedstawia Polak\u00f3w tak jakby byli nazistami. Dlatego trzeba przeciwko temu wyst\u0119powa\u0107, bo rzutuje to na polskie bezpiecze\u0144stwo narodowe. W\u0142a\u015bnie dlatego Reduta Dobrego Imienia wspiera Tusz\u00f3w Narodowy organizacyjnie i prawnie w tej sprawie.\u201d<\/p>\n<p>Do Reduty Dobrego Imienia ca\u0142y czas zg\u0142aszaj\u0105 si\u0119 gminy i inne jednostki organizacyjne znies\u0142awione przez Barta Staszewskiego. O dalszym rozwoju spraw b\u0119dziemy informowa\u0107<\/p>\n<p><img loading=\"lazy\" decoding=\"async\" src=\"https:\/\/rdi.org.pl\/wp-content\/uploads\/2023\/03\/tuszow-650x482-2-300x222.png\" width=\"300\" height=\"222\" alt=\"\" class=\"wp-image-469878 alignnone size-medium\" \/><\/p>\n<\/div>\n<p>[\/et_pb_accordion_item][\/et_pb_accordion][\/et_pb_column][\/et_pb_row][\/et_pb_section]<\/p>\n","protected":false},"excerpt":{"rendered":"<p>Posted on September 19, 2022 Another hearing in the case from the lawsuit of Gmina Tusz\u00f3w Narodowy against Bart Staszewski. The court has decided to appoint an expert to determine whether LGBT ideology exists and what its main assumptions are. \u00a0Today &#8211; September 19, 2022, in the District Court in Tarnobrzeg, another hearing was held [&hellip;]<\/p>\n","protected":false},"author":8,"featured_media":8365,"comment_status":"open","ping_status":"open","sticky":false,"template":"","format":"standard","meta":{"_et_pb_use_builder":"on","_et_pb_old_content":"","_et_gb_content_width":"","sfsi_plus_gutenberg_text_before_share":"","sfsi_plus_gutenberg_show_text_before_share":"","sfsi_plus_gutenberg_icon_type":"","sfsi_plus_gutenberg_icon_alignemt":"","sfsi_plus_gutenburg_max_per_row":"","footnotes":""},"categories":[51],"tags":[],"class_list":["post-2839","post","type-post","status-publish","format-standard","has-post-thumbnail","hentry","category-wyroki-prawomocne"],"_links":{"self":[{"href":"https:\/\/rdi.org.pl\/english\/wp-json\/wp\/v2\/posts\/2839","targetHints":{"allow":["GET"]}}],"collection":[{"href":"https:\/\/rdi.org.pl\/english\/wp-json\/wp\/v2\/posts"}],"about":[{"href":"https:\/\/rdi.org.pl\/english\/wp-json\/wp\/v2\/types\/post"}],"author":[{"embeddable":true,"href":"https:\/\/rdi.org.pl\/english\/wp-json\/wp\/v2\/users\/8"}],"replies":[{"embeddable":true,"href":"https:\/\/rdi.org.pl\/english\/wp-json\/wp\/v2\/comments?post=2839"}],"version-history":[{"count":4,"href":"https:\/\/rdi.org.pl\/english\/wp-json\/wp\/v2\/posts\/2839\/revisions"}],"predecessor-version":[{"id":472416,"href":"https:\/\/rdi.org.pl\/english\/wp-json\/wp\/v2\/posts\/2839\/revisions\/472416"}],"wp:featuredmedia":[{"embeddable":true,"href":"https:\/\/rdi.org.pl\/english\/wp-json\/wp\/v2\/media\/8365"}],"wp:attachment":[{"href":"https:\/\/rdi.org.pl\/english\/wp-json\/wp\/v2\/media?parent=2839"}],"wp:term":[{"taxonomy":"category","embeddable":true,"href":"https:\/\/rdi.org.pl\/english\/wp-json\/wp\/v2\/categories?post=2839"},{"taxonomy":"post_tag","embeddable":true,"href":"https:\/\/rdi.org.pl\/english\/wp-json\/wp\/v2\/tags?post=2839"}],"curies":[{"name":"wp","href":"https:\/\/api.w.org\/{rel}","templated":true}]}}