{"id":296,"date":"2016-03-30T21:21:55","date_gmt":"2016-03-30T21:21:55","guid":{"rendered":"http:\/\/www.anti-defamation.pl\/english\/?p=296"},"modified":"2024-04-12T15:14:30","modified_gmt":"2024-04-12T13:14:30","slug":"nowy-list-onetu-w-sprawie-skandalicznego-wykorzystania-zdjecia-zamordowanych-w-palmirach","status":"publish","type":"post","link":"https:\/\/rdi.org.pl\/english\/nowy-list-onetu-w-sprawie-skandalicznego-wykorzystania-zdjecia-zamordowanych-w-palmirach\/","title":{"rendered":"Nowy list Onetu w sprawie skandalicznego wykorzystania zdj\u0119cia zamordowanych w Palmirach"},"content":{"rendered":"<p>Otrzymali\u015bmy kolejny list od Onet.pl w sprawie zdj\u0119cia kt\u00f3re wykorzystali do zilustrowania tekstu na temat Polek romansuj\u0105cych z Niemcami podczas II wojny \u015bwiatowej.<\/p>\n<p>Dla przypomnienia: poni\u017csze zdj\u0119cie pochodzi ze strony g\u0142\u00f3wnej Onet.pl. Lead na zdjeciu brzmi:<\/p>\n\n<p><img loading=\"lazy\" decoding=\"async\" class=\"aligncenter size-full wp-image-285\" src=\"http:\/\/www.anti-defamation.pl\/english\/wp-content\/uploads\/2016\/03\/Onet-romanse-Polek-rozstrzelanie-1.png\" alt=\"Onet- romanse Polek - rozstrzelanie\" width=\"645\" height=\"327\" srcset=\"https:\/\/rdi.org.pl\/english\/wp-content\/uploads\/2016\/03\/Onet-romanse-Polek-rozstrzelanie-1.png 645w, https:\/\/rdi.org.pl\/english\/wp-content\/uploads\/2016\/03\/Onet-romanse-Polek-rozstrzelanie-1-300x152.png 300w, https:\/\/rdi.org.pl\/english\/wp-content\/uploads\/2016\/03\/Onet-romanse-Polek-rozstrzelanie-1-480x243.png 480w\" sizes=\"auto, (max-width: 645px) 100vw, 645px\" \/><\/p>\n<p>Na zdj\u0119ciu niemieccy \u017co\u0142nierze prowadz\u0105 w g\u0142\u0105b lasu kobiety.<\/p>\n<p>Zdj\u0119cie kt\u00f3re wykorzystano\u00a0i opatrzono takim napisem zrobi\u0142 niemiecki fotograf w Palmirach tu\u017c przed egzekucj\u0105 tych kobiet. Polek przywiezionych z Pawiaka i zamordowanych w czerwcu 1940 roku.<\/p>\n<p>Wymowa tego co uczyni\u0142 Onet jest jednoznaczna.<\/p>\n<p>Po naszej interwencji Onet przys\u0142a\u0142 do Reduty przeprosiny. Dzisiaj nadesz\u0142o kolejne pismo, po tym, gdy napisali\u015bmy do nich, \u017ce po rozpocz\u0119ciu akcji antydyfamacyjnej b\u0119dziemy dzia\u0142a\u0107 w porozumieniu z Rodzin\u0105 \u015bp. Marii Brodackiej, jednej z ofiar rozstrzelanych w Palmirach w czerwcu 1940 roku.<\/p>\n<p>Oto pismo, ktore Onet przys\u0142a\u0142 30 marca 2016:<\/p>\n<div class=\"page\" title=\"Page 1\">\n<div class=\"layoutArea\">\n<div class=\"column\">\n<blockquote>\n<p style=\"text-align: justify;\">Szanowny Panie,<\/p>\n<\/blockquote>\n<\/div>\n<\/div>\n<div class=\"layoutArea\">\n<div class=\"column\">\n<blockquote>\n<p style=\"text-align: justify;\">w odpowiedzi na pytanie zawarte w pi\u015bmie skierowanym do nas przez Pana 25 marca 2016 roku i dotycz\u0105cym naszego o\u015bwiadczenia w sprawie zdj\u0119cia u\u017cytego do ilustracji wywiadu z autork\u0105 ksi\u0105\u017cki &#8222;Pokocha\u0142am wroga&#8221; na stronie g\u0142\u00f3wnej Onet.pl, informujemy, \u017ce zdj\u0119cie zosta\u0142o pobrane z zasob\u00f3w serwisu Shutterstock. Jednocze\u015bnie chcieliby\u015bmy wyja\u015bni\u0107, \u017ce fotoedytor odpowiedzialny za dob\u00f3r zdj\u0119cia do materia\u0142u nie zapozna\u0142 si\u0119 z jego opisem, co spowodowa\u0142o umieszczenie go w nieodpowiednim kontek\u015bcie.<\/p>\n<p style=\"text-align: justify;\">Chcieliby\u015bmy ponownie zwr\u00f3ci\u0107 Pana uwag\u0119, \u017ce niezw\u0142ocznie po zauwa\u017ceniu b\u0142\u0119du fotoedytora, zdj\u0119cie zosta\u0142o usuni\u0119te.<\/p>\n<p style=\"text-align: justify;\">Jest nam bardzo przykro z powodu zaistnia\u0142ej pomy\u0142ki.<\/p>\n<p style=\"text-align: justify;\">By uczci\u0107 pami\u0119\u0107 ofiar, fotoedytor z\u0142o\u017cy kwiaty na Cmentarzu w Palmirach, a redakcja Onet.pl do ko\u0144ca przysz\u0142ego tygodnia opublikuje na stronie g\u0142\u00f3wnej Onet.pl obszerny materia\u0142 na temat tej zbrodni, prezentuj\u0105c go w najbardziej widocznej dla u\u017cytkownik\u00f3w cz\u0119\u015bci portalu.<\/p>\n<p>Z wyrazami szacunku,<br \/>\nPawe\u0142 Jurek<br \/>\nDyrektor zarz\u0105dzaj\u0105cy segmentem Onet.pl<\/p><\/blockquote>\n<p>Tu nale\u017ca\u0142oby da\u0107 kilka s\u0142\u00f3w komentarza, lecz ze wzgl\u0119d\u00f3w prowadzonej akcji antydyfamacyjnej wstrzymamy si\u0119. Mo\u017cemy dzisiaj jedynie napisa\u0107, \u017ce nasz Dzia\u0142 Prawny oraz Dzia\u0142 Dokumentacji analizuj\u0105 oba pisma, a tak\u017ce dotychczasowe dzia\u0142ania Onet.pl zwi\u0105zane z wykorzystywaniem zdj\u0119\u0107 przedstawiaj\u0105cych martyrologi\u0119 obywateli Rzeczypospolitej podczas II wojny \u015bwiatowej.<\/p>\n<\/div>\n<\/div>\n<\/div>\n","protected":false},"excerpt":{"rendered":"<p>Otrzymali\u015bmy kolejny list od Onet.pl w sprawie zdj\u0119cia kt\u00f3re wykorzystali do zilustrowania tekstu na temat Polek romansuj\u0105cych z Niemcami podczas II wojny \u015bwiatowej. Dla przypomnienia: poni\u017csze zdj\u0119cie pochodzi ze strony g\u0142\u00f3wnej Onet.pl. Lead na zdjeciu brzmi: Na zdj\u0119ciu niemieccy \u017co\u0142nierze prowadz\u0105 w g\u0142\u0105b lasu kobiety. Zdj\u0119cie kt\u00f3re wykorzystano\u00a0i opatrzono takim napisem zrobi\u0142 niemiecki fotograf w [&hellip;]<\/p>\n","protected":false},"author":3,"featured_media":471295,"comment_status":"open","ping_status":"open","sticky":false,"template":"","format":"quote","meta":{"_et_pb_use_builder":"","_et_pb_old_content":"","_et_gb_content_width":"","sfsi_plus_gutenberg_text_before_share":"","sfsi_plus_gutenberg_show_text_before_share":"","sfsi_plus_gutenberg_icon_type":"","sfsi_plus_gutenberg_icon_alignemt":"","sfsi_plus_gutenburg_max_per_row":"","footnotes":""},"categories":[1],"tags":[],"class_list":["post-296","post","type-post","status-publish","format-quote","has-post-thumbnail","hentry","category-bez-kategorii","post_format-post-format-quote"],"_links":{"self":[{"href":"https:\/\/rdi.org.pl\/english\/wp-json\/wp\/v2\/posts\/296","targetHints":{"allow":["GET"]}}],"collection":[{"href":"https:\/\/rdi.org.pl\/english\/wp-json\/wp\/v2\/posts"}],"about":[{"href":"https:\/\/rdi.org.pl\/english\/wp-json\/wp\/v2\/types\/post"}],"author":[{"embeddable":true,"href":"https:\/\/rdi.org.pl\/english\/wp-json\/wp\/v2\/users\/3"}],"replies":[{"embeddable":true,"href":"https:\/\/rdi.org.pl\/english\/wp-json\/wp\/v2\/comments?post=296"}],"version-history":[{"count":1,"href":"https:\/\/rdi.org.pl\/english\/wp-json\/wp\/v2\/posts\/296\/revisions"}],"predecessor-version":[{"id":473002,"href":"https:\/\/rdi.org.pl\/english\/wp-json\/wp\/v2\/posts\/296\/revisions\/473002"}],"wp:featuredmedia":[{"embeddable":true,"href":"https:\/\/rdi.org.pl\/english\/wp-json\/wp\/v2\/media\/471295"}],"wp:attachment":[{"href":"https:\/\/rdi.org.pl\/english\/wp-json\/wp\/v2\/media?parent=296"}],"wp:term":[{"taxonomy":"category","embeddable":true,"href":"https:\/\/rdi.org.pl\/english\/wp-json\/wp\/v2\/categories?post=296"},{"taxonomy":"post_tag","embeddable":true,"href":"https:\/\/rdi.org.pl\/english\/wp-json\/wp\/v2\/tags?post=296"}],"curies":[{"name":"wp","href":"https:\/\/api.w.org\/{rel}","templated":true}]}}