{"id":321,"date":"2016-04-11T23:47:52","date_gmt":"2016-04-11T23:47:52","guid":{"rendered":"http:\/\/www.anti-defamation.pl\/english\/?p=321"},"modified":"2024-04-12T15:14:40","modified_gmt":"2024-04-12T13:14:40","slug":"reduta-wysyla-list-do-1400-niemieckich-dziennikarzy","status":"publish","type":"post","link":"https:\/\/rdi.org.pl\/english\/reduta-wysyla-list-do-1400-niemieckich-dziennikarzy\/","title":{"rendered":"Reduta wysy\u0142a list do 1400 niemieckich dziennikarzy"},"content":{"rendered":"<p style=\"text-align: justify;\">Niedawno w polskich mediach pojawi\u0142y si\u0119 informacje na temat konferencji dla niemieckich dziennikarzy jaka odby\u0142a si\u0119 w niemieckim MSZ. Tematem konferencji by\u0142 pono\u0107 instrukta\u017c pisania na temat Polski.<\/p>\n<p style=\"text-align: justify;\">W zwi\u0105zku z tym wys\u0142ali\u015bmy do 1400 niemieckich dziennikarzy i ponad 200 redakcji niemieckich medi\u00f3w list z informacj\u0105 na temat rzeczywistej sytuacji w Polsce.<\/p>\n<p style=\"text-align: justify;\">Tre\u015b\u0107 listu przewodniego i informacji na temat rzeczywistej sytuacji w Polsce \u00a0(w t\u0142umaczeniu na j\u0119z. polski) zamieszczamy poni\u017cej. Plik PDF z tre\u015bci\u0105 informacji na temat Polski (w j\u0119zyku niemieckim)\u00a0mo\u017cna pobra\u0107 klikaj\u0105c zamieszczony pod tekstem guzik.<\/p>\n<p style=\"text-align: justify;\">Te\u015b\u0107 listu przewodniego:<\/p>\n<p style=\"text-align: justify;\">Szanowni Pa\u0144stwo Niemieccy Dziennikarze,<\/p>\n<p style=\"text-align: justify;\">Polskie media obieg\u0142a informacja, \u017ce w niemieckim MSZ odby\u0142a si\u0119 konferencja z dziennikarzami z ca\u0142ych Niemiec, podczas kt\u00f3rej poinstruowano ich w jaki spos\u00f3b nale\u017cy pisa\u0107 o Polsce: \u017ce w jest u nas re\u017cim typu putinowskiego, \u017ce nale\u017cy u\u017cywa\u0107 w stosunku do Polski okre\u015ble\u0144 typu \u201edziki Wsch\u00f3d\u201d.<\/p>\n<p style=\"text-align: justify;\">Jeste\u015bmy pewni, \u017ce Dziennikarze Niemieccy nie sprzeniewierz\u0105 si\u0119 misji rzetelnego dziennikarstwa i b\u0119d\u0105 pisa\u0107 prawd\u0119 o Polsce, dlatego przesy\u0142amy w za\u0142\u0105czniku informacj\u0119 o rzeczywistej sytuacji w naszym kraju.<\/p>\n<p style=\"text-align: justify;\">R\u00f3wnocze\u015bnie chcieliby\u015bmy przypomnie\u0107, \u017ce ju\u017c kiedy\u015b w Niemczech instrukcje na temat Polski by\u0142y z niemieckiego ministerstwa wysy\u0142ane. By\u0142o to Ministerstwo Propagandy i O\u015bwiecenia Publicznego pod przewodnictwem doktora Goebbelsa.<\/p>\n<p style=\"text-align: justify;\">Z powa\u017caniem<\/p>\n<p style=\"text-align: justify;\">Maciej \u015awirski<\/p>\n<p style=\"text-align: justify;\">Prezes Zarz\u0105du Polskiej Ligi przeciw Znies\u0142awieniom<\/p>\n<p style=\"text-align: justify;\">Tre\u015b\u0107 informacji:<\/p>\n<p style=\"text-align: justify;\">Z niepokojem obserwujemy tocz\u0105ce si\u0119 na arenie mi\u0119dzynarodowej dyskusje dotycz\u0105ce rzekomego zagro\u017cenia demokracji w Polsce pod rz\u0105dami Prawa i Sprawiedliwo\u015bci (PiS), zamachu na Trybuna\u0142 Konstytucyjny (TK), \u201ezaw\u0142aszczania pa\u0144stwa\u201d. Niekt\u00f3re media upowszechniaj\u0105 opinie o \u201eprzyjmowaniu putinowskich standard\u00f3w w \u017cyciu publicznym\u201d. Te pog\u0142oski nie maj\u0105 nic wsp\u00f3lnego z rzeczywisto\u015bci\u0105, a przyczyniaj\u0105 si\u0119 do budowania negatywnego obrazu Polski, o czym wielokrotnie ju\u017c informowali\u015bmy mi\u0119dzynarodow\u0105 opini\u0119 publiczn\u0105.<\/p>\n<p style=\"text-align: justify;\"><img loading=\"lazy\" decoding=\"async\" class=\" wp-image-310 alignleft\" src=\"http:\/\/www.anti-defamation.pl\/english\/wp-content\/uploads\/2016\/04\/dokumentbok.png\" alt=\"dokumentbok\" width=\"339\" height=\"190\" \/>Zwyci\u0119stwo Andrzeja Dudy w wyborach prezydenckich oraz zdecydowane zwyci\u0119stwo PiS w wyborach parlamentarnych, a tak\u017ce sukces wyborczy ruchu spo\u0142ecznego Kukiz15, sta\u0142y si\u0119 wyrazem oczekiwania Polak\u00f3w na daleko id\u0105ce reformy pa\u0144stwa. Utrzymuj\u0105ce si\u0119 nadal w sonda\u017cach wysokie poparcie dla PiS, a nawet jego wzrost, potwierdza, \u017ce wi\u0119kszo\u015b\u0107 spo\u0142ecze\u0144stwa akceptuje dokonuj\u0105ce si\u0119 w Polsce zmiany i obdarza rz\u0105dz\u0105cych zaufaniem. Poprzednio rz\u0105dz\u0105ca partia, Platforma Obywatelska (PO), do dzi\u015b nie mo\u017ce pogodzi\u0107 si\u0119 z werdyktem wyborc\u00f3w. Przez lata w kraju post\u0119powa\u0142 proces, kt\u00f3ry mo\u017cna okre\u015bli\u0107 jako oligarchizacja pa\u0144stwa. Doprowadzi\u0142 on do sytuacji, w kt\u00f3rej pod szyldem instytucji demokratycznych i zasad demokracji r\u00f3\u017cne grupy interes\u00f3w podejmowa\u0142y istotne dla funkcjonowania kraju decyzje. To w\u0142a\u015bnie obawa przed utrat\u0105 przez te grupy uprzywilejowanej pozycji w mediach, gospodarce i administracji pa\u0144stwowej jest obecnie prawdziw\u0105 przyczyn\u0105 antyrz\u0105dowych protest\u00f3w w Polsce. Nie maj\u0105 one nic wsp\u00f3lnego z rzekomym zagro\u017ceniem demokracji. Jest to sztuczne podsycanie emocji, bez wskazywania konstruktywnych rozwi\u0105za\u0144.<\/p>\n<p style=\"text-align: justify;\">Dzia\u0142ania podejmowane przez aktualne w\u0142adze, wybrane w demokratycznych, uznanych przez niezale\u017cnych obserwator\u00f3w wyborach, s\u0142u\u017c\u0105 temu, by m.in. s\u0105dy i media lepiej odzwierciedla\u0142y wol\u0119 wyborc\u00f3w. To tak\u017ce przywracanie systemu warto\u015bci sp\u00f3jnego z nasz\u0105 tradycj\u0105 i to\u017csamo\u015bci\u0105 kulturow\u0105. Wolno\u015b\u0107 i demokracja s\u0105 dla nas warto\u015bciami nadrz\u0119dnymi.<\/p>\n<p style=\"text-align: justify;\">Zasadnicza dyskusja polityczna toczy si\u0119 aktualnie wok\u00f3\u0142 Trybuna\u0142u Konstytucyjnego (TK) &#8211; chodzi o kwestie zwi\u0105zane z wyborem i zaprzysi\u0119\u017ceniem cz\u0142onk\u00f3w TK oraz dokonywane zmiany ustawowe.<\/p>\n<p style=\"text-align: justify;\">Swoisty zamach na niezale\u017cno\u015b\u0107 Trybuna\u0142u dokona\u0142 si\u0119, gdy w czerwcu 2015 roku, tu\u017c przed ko\u0144cem kadencji Sejmu, wobec gro\u017aby pora\u017cki w zbli\u017caj\u0105cych si\u0119 wyborach parlamentarnych, poprzedni ob\u00f3z rz\u0105dowy przygotowa\u0142 i uchwali\u0142 ustaw\u0119 o TK (tzw. ustawa czerwcowa). W tworzeniu \u201eustawy czerwcowej\u201d aktywny udzia\u0142 bra\u0142o dw\u00f3ch s\u0119dzi\u00f3w TK, z prezesem TK na czele. Tym samym z\u0142amane zosta\u0142o prawo &#8211; Art.178 pt.3 Konstytucji, brzmi: \u201eS\u0119dzia nie mo\u017ce nale\u017ce\u0107 do partii politycznej, zwi\u0105zku zawodowego ani prowadzi\u0107 dzia\u0142alno\u015bci publicznej nie daj\u0105cej si\u0119 pogodzi\u0107 z zasadami niezale\u017cno\u015bci s\u0105d\u00f3w i niezawis\u0142o\u015bci s\u0119dzi\u00f3w\u201d.<\/p>\n<p style=\"text-align: justify;\">Na mocy tej w\u0142a\u015bnie ustawy, przeg\u0142osowanej w \u00f3wczesnym parlamencie g\u0142osami pos\u0142\u00f3w PO, PSL i SLD, powo\u0142ano nowych cz\u0142onk\u00f3w TK jeszcze przed ko\u0144cem kadencji ich poprzednik\u00f3w (!). Wyb\u00f3r s\u0119dzi\u00f3w, kt\u00f3rego powinien dokona\u0107 dopiero nast\u0119pny parlament, by\u0142 dzia\u0142aniem niezgodnym z Konstytucj\u0105 (co potwierdzi\u0142 w niedawnym orzeczeniu sam TK) i stanowi\u0142 swoisty zamach na mechanizm gwarantuj\u0105cy pluralizm Trybuna\u0142u, stoj\u0105cy u podstaw jego niezale\u017cno\u015bci.<\/p>\n<p style=\"text-align: justify;\">Sytuacja, jaka powsta\u0142a na skutek powy\u017cszych dzia\u0142a\u0144 \u00f3wczesnych w\u0142adz RP, postawi\u0142a przed prezydentem Andrzejem Dud\u0105 i nowym parlamentem wym\u00f3g znalezienia rozwi\u0105za\u0144 maj\u0105cych na celu przywr\u00f3cenie faktycznej ochrony \u0142adu konstytucyjnego. Polskie w\u0142adze zwr\u00f3ci\u0142y si\u0119 o opini\u0119 w tej sprawie do Komisji Weneckiej jako organu doradczego Rady Europy. W pierwszej po\u0142owie marca Komisja przyj\u0119\u0142a opini\u0119 na temat sytuacji wok\u00f3\u0142 Trybuna\u0142u Konstytucyjnego w Polsce i wyda\u0142a stosowne zalecenia. Ob\u00f3z rz\u0105dz\u0105cy aktualnie je realizuje.<\/p>\n<p style=\"text-align: justify;\">Wiceszef Komisji Europejskiej, Frans Timmermans, w czasie swojej wizyty w Polsce, 5 kwietnia br., zwr\u00f3ci\u0142 uwag\u0119 na fakt, i\u017c dzisiaj wszystkie strony konfliktu podkre\u015blaj\u0105 gotowo\u015b\u0107 do dialogu i poszukiwania rozwi\u0105za\u0144. R\u00f3wnie\u017c Sekretarz Generalny Rady Europy Thorbjoern Jagland w miniony poniedzia\u0142ek, 4 kwietnia, spotka\u0142 si\u0119 w sprawie TK z prezydentem Andrzejem Dud\u0105, premier Beat\u0105 Szyd\u0142o, marsza\u0142kiem Sejmu Markiem Kuchci\u0144skim, ministrem sprawiedliwo\u015bci i prokuratorem generalnym Zbigniewem Ziobr\u0105, wicepremierem i ministrem kultury Piotrem Gli\u0144skim oraz szefem MSZ Witoldem Waszczykowskim. W jego ocenie problem TK powinien zosta\u0107 rozwi\u0105zany w polskim parlamencie.<\/p>\n<p style=\"text-align: justify;\">Pytany przez dziennikarzy o rol\u0119 opozycji w poszukiwaniu kompromisu i wskazywan\u0105 przez wi\u0119kszo\u015b\u0107 parlamentarn\u0105 odpowiedzialno\u015b\u0107 PO, kt\u00f3ra to partia, maj\u0105c wi\u0119kszo\u015b\u0107 w poprzednim parlamencie, przeforsowa\u0142a swoich kandydat\u00f3w na s\u0119dzi\u00f3w TK, Jagland powiedzia\u0142, \u017ce odpowiedzialno\u015b\u0107 poprzedniej wi\u0119kszo\u015bci parlamentarnej stwierdzi\u0142 TK w swoim wyroku. Uzna\u0142, \u017ce wyb\u00f3r dw\u00f3ch s\u0119dzi\u00f3w dokonany przez Sejm poprzedniej kadencji by\u0142 niekonstytucyjny. Przypomnia\u0142, \u017ce w opinii Komisji Weneckiej trzech s\u0119dzi\u00f3w TK wskazanych przez poprzedni parlament zosta\u0142o wybranych w spos\u00f3b prawomocny.<\/p>\n<p style=\"text-align: justify;\">Stosownie do zalece\u0144 Komisji Weneckiej, ju\u017c w zesz\u0142y czwartek, 31 marca, z inicjatywy prezesa PiS Jaros\u0142awa Kaczy\u0144skiego, dosz\u0142o do spotkania lider\u00f3w o\u015bmiu partii. Rozpocz\u0105\u0142 si\u0119 polityczny dialog. Jednocze\u015bnie ruszy\u0142y prace zespo\u0142u ekspert\u00f3w powo\u0142anych przez marsza\u0142ka Sejmu. Ma on przeanalizowa\u0107 sytuacj\u0119 wok\u00f3\u0142 TK i opini\u0119 Komisji Weneckiej. Jaros\u0142aw Kaczy\u0144ski po spotkaniu zapowiedzia\u0142, \u017ce Sejm podejmie prace nad now\u0105 ustaw\u0105 o TK, co stanowi rozwi\u0105zanie kompromisowe i przychylenie si\u0119 do wniosk\u00f3w Komisji Weneckiej.<\/p>\n<p style=\"text-align: justify;\">Osi\u0105gni\u0119cie konsensusu wymaga czasu i spokoju. Podsycanie niezdrowych emocji czy wywieranie nacisku w \u017cadnym wypadku temu nie s\u0142u\u017cy. A Polska pokaza\u0142a ju\u017c w swojej najnowszej historii, \u017ce potrafi osi\u0105ga\u0107 porozumienia ponad podzia\u0142ami.<\/p>\n<p style=\"text-align: justify;\">\u201ePolska stoi w obliczu wewn\u0119trznych zmaga\u0144, ale tak\u017ce zmian w regionie i \u015bwiecie. My\u015bl\u0119, \u017ce wszyscy jeste\u015bmy przekonani, \u017ce Polska dojdzie do w\u0142a\u015bciwego rezultatu &#8211; my\u015bl\u0119 o naszych wsp\u00f3lnych warto\u015bciach; rz\u0105dach prawa, szacunku dla demokracji, demokracji przedstawicielskiej\u201d \u2013 powiedzia\u0142 w czasie wizyty w Polsce przedstawiciel Kongresu USA David Cicilline, demokrata z Rhode Island.<\/p>\n<p style=\"text-align: justify;\">Trwaj\u0105ce 8 lat rz\u0105dy koalicji Platformy Obywatelskiej (PO) i Polskiego Stronnictwa Ludowego (PSL) mo\u017cna najkr\u00f3cej podsumowa\u0107 stwierdzeniem, \u017ce rz\u0105dz\u0105cy traktowali pa\u0144stwo (jego instytucje i zasoby) oraz pieni\u0105dze podatnik\u00f3w jako swoj\u0105 prywatn\u0105 w\u0142asno\u015b\u0107. Polityka o\u015bmiu lat ostatniego rz\u0105du przynios\u0142a powa\u017cne konsekwencje spo\u0142eczne i ekonomiczne. Przy rosn\u0105cym PKB i rosn\u0105cych \u015brednich dochodach, mala\u0142 popyt wewn\u0119trzny i wp\u0142ywy bud\u017cetowe z podatku VAT, a ros\u0142o zad\u0142u\u017cenie gospodarstw domowych i zwi\u0119ksza\u0142a si\u0119 sfera ub\u00f3stwa. Obrazu dope\u0142nia fakt, i\u017c rz\u0105dz\u0105ca koalicja odrzuca\u0142a, bez wzgl\u0119du na liczb\u0119 zebranych podpis\u00f3w, spo\u0142eczne wnioski referendalne i spo\u0142eczne projekty ustaw. Ignorowa\u0142a wnioski p\u0142yn\u0105ce z konsultacji spo\u0142ecznych przy rz\u0105dowych projektach ustaw. To w\u0142a\u015bnie by\u0142o jawne zaprzeczanie zasadom demokracji.<\/p>\n<p style=\"text-align: justify;\">Jako kraj przestrzegaj\u0105cy prawa i standard\u00f3w powszechnie uznawanych w kr\u0119gu cywilizacji europejskiej, nie mo\u017cemy w milczeniu przyjmowa\u0107 informacji nieprawdziwych czy tzw. p\u00f3\u0142prawd, kt\u00f3re wprowadzaj\u0105 w b\u0142\u0105d mi\u0119dzynarodow\u0105 opini\u0119 i szkodz\u0105 dobremu imieniu Polski i Polak\u00f3w.<\/p>\n<p style=\"text-align: justify;\">Przewidywalno\u015b\u0107 i stabilno\u015b\u0107 naszego kraju ma szczeg\u00f3lne znaczenie wobec zagro\u017ce\u0144, z jakimi obecnie zmaga si\u0119 Unia Europejska. To r\u00f3wnie\u017c niezwykle wa\u017cny aspekt w kontek\u015bcie zbli\u017caj\u0105cych si\u0119 wydarze\u0144 w Polsce \u2013 szczytu NATO i \u015awiatowych Dni M\u0142odzie\u017cy.<\/p>\n<p style=\"text-align: justify;\">[ddownload id=&#8221;323&#8243;]<\/p>\n","protected":false},"excerpt":{"rendered":"<p>Niedawno w polskich mediach pojawi\u0142y si\u0119 informacje na temat konferencji dla niemieckich dziennikarzy jaka odby\u0142a si\u0119 w niemieckim MSZ. Tematem konferencji by\u0142 pono\u0107 instrukta\u017c pisania na temat Polski. W zwi\u0105zku z tym wys\u0142ali\u015bmy do 1400 niemieckich dziennikarzy i ponad 200 redakcji niemieckich medi\u00f3w list z informacj\u0105 na temat rzeczywistej sytuacji w Polsce. Tre\u015b\u0107 listu przewodniego [&hellip;]<\/p>\n","protected":false},"author":3,"featured_media":471295,"comment_status":"open","ping_status":"open","sticky":false,"template":"","format":"standard","meta":{"_et_pb_use_builder":"","_et_pb_old_content":"","_et_gb_content_width":"","sfsi_plus_gutenberg_text_before_share":"","sfsi_plus_gutenberg_show_text_before_share":"","sfsi_plus_gutenberg_icon_type":"","sfsi_plus_gutenberg_icon_alignemt":"","sfsi_plus_gutenburg_max_per_row":"","footnotes":""},"categories":[39],"tags":[],"class_list":["post-321","post","type-post","status-publish","format-standard","has-post-thumbnail","hentry","category-aktualnosci"],"_links":{"self":[{"href":"https:\/\/rdi.org.pl\/english\/wp-json\/wp\/v2\/posts\/321","targetHints":{"allow":["GET"]}}],"collection":[{"href":"https:\/\/rdi.org.pl\/english\/wp-json\/wp\/v2\/posts"}],"about":[{"href":"https:\/\/rdi.org.pl\/english\/wp-json\/wp\/v2\/types\/post"}],"author":[{"embeddable":true,"href":"https:\/\/rdi.org.pl\/english\/wp-json\/wp\/v2\/users\/3"}],"replies":[{"embeddable":true,"href":"https:\/\/rdi.org.pl\/english\/wp-json\/wp\/v2\/comments?post=321"}],"version-history":[{"count":1,"href":"https:\/\/rdi.org.pl\/english\/wp-json\/wp\/v2\/posts\/321\/revisions"}],"predecessor-version":[{"id":473003,"href":"https:\/\/rdi.org.pl\/english\/wp-json\/wp\/v2\/posts\/321\/revisions\/473003"}],"wp:featuredmedia":[{"embeddable":true,"href":"https:\/\/rdi.org.pl\/english\/wp-json\/wp\/v2\/media\/471295"}],"wp:attachment":[{"href":"https:\/\/rdi.org.pl\/english\/wp-json\/wp\/v2\/media?parent=321"}],"wp:term":[{"taxonomy":"category","embeddable":true,"href":"https:\/\/rdi.org.pl\/english\/wp-json\/wp\/v2\/categories?post=321"},{"taxonomy":"post_tag","embeddable":true,"href":"https:\/\/rdi.org.pl\/english\/wp-json\/wp\/v2\/tags?post=321"}],"curies":[{"name":"wp","href":"https:\/\/api.w.org\/{rel}","templated":true}]}}