{"id":327,"date":"2016-04-12T22:36:41","date_gmt":"2016-04-12T22:36:41","guid":{"rendered":"http:\/\/www.anti-defamation.pl\/english\/?p=327"},"modified":"2016-04-12T22:36:41","modified_gmt":"2016-04-12T22:36:41","slug":"petycja-do-europarlamentarzystow-z-po-w-sprawie-rezolucji-o-sytuacji-w-polsce","status":"publish","type":"post","link":"https:\/\/rdi.org.pl\/english\/petycja-do-europarlamentarzystow-z-po-w-sprawie-rezolucji-o-sytuacji-w-polsce\/","title":{"rendered":"Petycja do Europarlamentarzyst\u00f3w z PO w sprawie rezolucji &#8222;o sytuacji w Polsce&#8221;"},"content":{"rendered":"<div style=\"text-align: justify;\"><\/div>\n<div style=\"text-align: justify;\">\n<div>Prominentni przedstawiciele PO wypowiadali si\u0119 wielokrotnie w mediach, \u017ce europarlamentarzy\u015bci z tej partii popr\u0105 przygotowywan\u0105 tam rezolucj\u0119 w sprawie tzw. &#8222;\u0142amania zasad demokracji w Polsce\u201d.<\/div>\n<div>Opinia publiczna w \u015bwiecie jest wprowadzana w b\u0142\u0105d przez ugrupowania opozycyjne co do rzeczywistej sytuacji w Polsce. \u00a0Zmiana polityczna, kt\u00f3ra nast\u0105pi\u0142a po wyborze Andrzeja Dudy i zwyci\u0119stwie w wyborach parlamentarnych Prawa i Sprawiedliwo\u015bci nie zosta\u0142a przyj\u0119ta przez dotychczas rz\u0105dz\u0105cych zgodnie z zasadami demokracji. Co wi\u0119cej, jeszcze przed oddaniem w\u0142adzy przedsi\u0119wzi\u0119li oni takie kroki, kt\u00f3re sta\u0142y si\u0119 przyczyn\u0105 permanentnego konfliktu politycznego &#8211; mianowanie s\u0119dzi\u00f3w Trybuna\u0142u konstytucyjnego jeszcze przed up\u0142ywem ich kadencji, mia\u0142o doprowadzi\u0107 do tego, \u017ce nowa wi\u0119kszo\u015b\u0107 parlamentarna nie mog\u0142aby przeprowadzi\u0107 swoich reform, kt\u00f3rych efektem b\u0119dzie poprawa losu ca\u0142ego spo\u0142ecze\u0144stwa. Poprawa kosztem uszczuplenia wp\u0142yw\u00f3w dotychczas rz\u0105dz\u0105cej postkomunistycznej oligarchii, kosztem ograniczenia rozwielmo\u017cnionych bank\u00f3w i niep\u0142ac\u0105cych podatk\u00f3w w Polsce zagranicznych korporacji.<\/div>\n<div><\/div>\n<div>Te zmiany oczywi\u015bcie b\u0119d\u0105 mia\u0142y wp\u0142yw na spodziewane zyski tych instytucji &#8211; nale\u017cy domniemywac, \u017ce dlatego mamy do czynienia z tak w\u015bciek\u0142ym atakiem na nowe w\u0142adze, st\u0105d rozkr\u0119cana w mediach wrogich nowym w\u0142adzom spirala nienawi\u015bci w stosunku do partii rz\u0105dz\u0105cej i do Prezydenta Rzeczypospolitej.<\/div>\n<div><\/div>\n<div>Ataki polityk\u00f3w Platformy Obywatelskiej na Prawo i Sprawiedliwo\u015b\u0107 mo\u017cnaby i uzna\u0107 za specyficzny dla tego \u015brdowiska \u00a0przejaw uprawiania polityki, gdyby nie jedna, ale za to zasadnicza cecha tych atak\u00f3w &#8211; politycy PO nawet nie ukrywaj\u0105, \u017ce chodzi im o tak\u0105 dekompozycj\u0119 polskiej sceny politycznej za pomoc\u0105 ingerencji obcych panstw w sprawy polskie, aby Polsk\u0119 na sta\u0142e podda\u0107 dyktatowi tych pa\u0144stw. Bo czym innym jest nawo\u0142ywanie do uchwalenia sankcji przeciwko Polsce, co s\u0142yszymy co jaki\u015b czas z ust najwa\u017cniejszych polityk\u00f3w PO?<\/div>\n<div><\/div>\n<div>Niebezpiecznie to przypomina dzia\u0142ania niekt\u00f3rych polityk\u00f3w i oligarch\u00f3w polskich pod koniec XVIII wieku, gdy szukaj\u0105c ratunku przed ograniczeniem ich przywilej\u00f3w przez reorganizuj\u0105c\u0105 si\u0119 i odradzaj\u0105c\u0105 Rzeczpospolit\u0105 zwr\u00f3cili si\u0119 do obcych potencji, w obronie rzekomo ograniczanej wolno\u015bci. Nazwiska tych ludzi sta\u0142y si\u0119 w p\u00f3\u017aniejszej polskiej historii symbolem zdrady narodowej.<\/div>\n<div><\/div>\n<div>Dlatego te\u017c przygotowali\u015bmy te petycj\u0119, tak aby przypomnie\u0107 politykom PO w parlamencie europejskim jakie mog\u0107 by\u0107 konsekwencje takiej postawy.<\/div>\n<\/div>\n<div style=\"text-align: justify;\">A oto tre\u015b\u0107 petycji:<\/div>\n<div style=\"text-align: justify;\"><\/div>\n<div style=\"text-align: justify;\">\n<blockquote><p>Szanowni Pa\u0144stwo,<\/p>\n<p>Stoi przed wami decyzja dotycz\u0105ca g\u0142osowania rezolucji PE w sprawie Polski.<\/p>\n<p>Doniesienia prasowe wskazuj\u0105, \u017ce dokument ten fa\u0142szywie opisuje stan demokracji w naszym kraju.<\/p>\n<p>W zwi\u0105zku z tym jako wyborca wzywam Pani\u0105\/Pana do g\u0142osowania przeciwko!<\/p>\n<p>Wybory powszechne odby\u0142y si\u0119 w Polsce 25 pa\u017adziernika 2015 roku dlatego demokratyczny mandat prezydenta, parlamentu i rz\u0105du nie ulega najmniejszej w\u0105tpliwo\u015bci.<\/p>\n<p>Bezpodstawne wyra\u017canie na forum zagranicznym \u201ezaniepokojenia stanem demokracji w Polsce\u201d w jakiejkolwiek formie stanowi dow\u00f3d lekcewa\u017cenia demokratycznych procedur w naszym kraju. G\u0142osowanie za t\u0105 rezolucj\u0105 zademonstruje pogard\u0119 dla decyzji wyborc\u00f3w i postawi Pani\u0105\/Pana w niechlubnym szeregu postaci, kt\u00f3re na przestrzeni wiek\u00f3w przedk\u0142ada\u0142y w\u0142asn\u0105 prywat\u0119 i swoich patron\u00f3w nad dobro publiczne, nad dobro Rzeczypospolitej, tak jak to by\u0142o cho\u0107by w XVIII wieku.<\/p>\n<p>Jestem g\u0142\u0119boko przekonany, \u017ce Pani\/Pan pose\u0142 kieruj\u0105c si\u0119 patriotyzmem, uczciwo\u015bci\u0105 i trosk\u0105 o dobro naszego kraju w spos\u00f3b odpowiedzialny odda sw\u00f3j g\u0142os 13 kwietnia 2016 roku.<\/p>\n<p>&nbsp;<\/p>\n<p>Pozostaj\u0119 z szacunkiem<\/p>\n<p>Wyborca<\/p><\/blockquote>\n<\/div>\n<div style=\"text-align: justify;\">Petycj\u0119 mo\u017cna podpisywa\u0107 po klikni\u0119ciu w klawisz &#8222;Podpisz&#8221;. Nast\u0105pi w\u00f3wczas przeniesienie do systemu petycyjnego CitizenGo, z ktorym wsp\u00f3\u0142pracujemy i wtedy b\u0119dzie mo\u017cna wpisa\u0107 swoje dane<\/div>\n<div style=\"text-align: justify;\"><\/div>\n<div style=\"text-align: justify;\"><\/div>\n<div style=\"text-align: justify;\"><\/div>\n<div style=\"text-align: justify;\"><\/div>\n<div style=\"text-align: justify;\"><a href=\"http:\/\/citizengo.org\/pl\/signit\/34013\/view\"><img loading=\"lazy\" decoding=\"async\" class=\"wp-image-95 size-full aligncenter\" src=\"http:\/\/www.anti-defamation.pl\/english\/wp-content\/uploads\/2015\/11\/podpisz-klawisz.jpg\" alt=\"podpisz klawisz\" width=\"225\" height=\"54\" \/><\/a><\/div>\n","protected":false},"excerpt":{"rendered":"<p>Prominentni przedstawiciele PO wypowiadali si\u0119 wielokrotnie w mediach, \u017ce europarlamentarzy\u015bci z tej partii popr\u0105 przygotowywan\u0105 tam rezolucj\u0119 w sprawie tzw. &#8222;\u0142amania zasad demokracji w Polsce\u201d. Opinia publiczna w \u015bwiecie jest wprowadzana w b\u0142\u0105d przez ugrupowania opozycyjne co do rzeczywistej sytuacji w Polsce. \u00a0Zmiana polityczna, kt\u00f3ra nast\u0105pi\u0142a po wyborze Andrzeja Dudy i zwyci\u0119stwie w wyborach parlamentarnych [&hellip;]<\/p>\n","protected":false},"author":3,"featured_media":471295,"comment_status":"open","ping_status":"open","sticky":false,"template":"","format":"standard","meta":{"_et_pb_use_builder":"","_et_pb_old_content":"","_et_gb_content_width":"","sfsi_plus_gutenberg_text_before_share":"","sfsi_plus_gutenberg_show_text_before_share":"","sfsi_plus_gutenberg_icon_type":"","sfsi_plus_gutenberg_icon_alignemt":"","sfsi_plus_gutenburg_max_per_row":"","footnotes":""},"categories":[43],"tags":[],"class_list":["post-327","post","type-post","status-publish","format-standard","has-post-thumbnail","hentry","category-petycje"],"_links":{"self":[{"href":"https:\/\/rdi.org.pl\/english\/wp-json\/wp\/v2\/posts\/327","targetHints":{"allow":["GET"]}}],"collection":[{"href":"https:\/\/rdi.org.pl\/english\/wp-json\/wp\/v2\/posts"}],"about":[{"href":"https:\/\/rdi.org.pl\/english\/wp-json\/wp\/v2\/types\/post"}],"author":[{"embeddable":true,"href":"https:\/\/rdi.org.pl\/english\/wp-json\/wp\/v2\/users\/3"}],"replies":[{"embeddable":true,"href":"https:\/\/rdi.org.pl\/english\/wp-json\/wp\/v2\/comments?post=327"}],"version-history":[{"count":0,"href":"https:\/\/rdi.org.pl\/english\/wp-json\/wp\/v2\/posts\/327\/revisions"}],"wp:featuredmedia":[{"embeddable":true,"href":"https:\/\/rdi.org.pl\/english\/wp-json\/wp\/v2\/media\/471295"}],"wp:attachment":[{"href":"https:\/\/rdi.org.pl\/english\/wp-json\/wp\/v2\/media?parent=327"}],"wp:term":[{"taxonomy":"category","embeddable":true,"href":"https:\/\/rdi.org.pl\/english\/wp-json\/wp\/v2\/categories?post=327"},{"taxonomy":"post_tag","embeddable":true,"href":"https:\/\/rdi.org.pl\/english\/wp-json\/wp\/v2\/tags?post=327"}],"curies":[{"name":"wp","href":"https:\/\/api.w.org\/{rel}","templated":true}]}}