{"id":4404,"date":"2020-09-03T20:01:59","date_gmt":"2020-09-03T18:01:59","guid":{"rendered":"http:\/\/www.anti-defamation.pl\/english\/?p=4404"},"modified":"2023-06-13T22:15:13","modified_gmt":"2023-06-13T20:15:13","slug":"maciej-swirski-polands-image-is-a-matter-of-national-security","status":"publish","type":"post","link":"https:\/\/rdi.org.pl\/english\/maciej-swirski-polands-image-is-a-matter-of-national-security\/","title":{"rendered":"Maciej \u015awirski: Poland\u2019s image is a matter of National security"},"content":{"rendered":"<p><img loading=\"lazy\" decoding=\"async\" class=\"wp-image-4407 alignleft\" src=\"https:\/\/rdi.org.pl\/english\/wp-content\/uploads\/2020\/09\/Maciej-Swirski-650x433.jpg\" alt=\"\" width=\"231\" height=\"154\"><\/p>\n<h3><strong><span style=\"vertical-align: inherit;\"><span style=\"vertical-align: inherit;\"><span style=\"vertical-align: inherit;\"><span style=\"vertical-align: inherit;\">Maciej \u015awirski: Wizerunek Polski to kwestia bezpiecze\u0144stwa narodowego<\/span><\/span><\/span><\/span><\/strong><\/h3>\n<p><span style=\"vertical-align: inherit;\"><span style=\"vertical-align: inherit;\"><span style=\"vertical-align: inherit;\"><span style=\"vertical-align: inherit;\">Za nami wybory prezydenckie, w kt\u00f3rych urz\u0119duj\u0105cy prezydent Andrzej Duda zosta\u0142 wybrany na drug\u0105 kadencj\u0119. <\/span><\/span><\/span><span style=\"vertical-align: inherit;\"><span style=\"vertical-align: inherit;\"><span style=\"vertical-align: inherit;\">Zwyci\u0119stwo Andrzeja Dudy to gwarancja kontynuacji \u201eDobrej Zmiany\u201d &#8211; dobra zmiana. <\/span><\/span><\/span><span style=\"vertical-align: inherit;\"><span style=\"vertical-align: inherit;\"><span style=\"vertical-align: inherit;\">Znamienne jest, \u017ce zaraz po wyborach Prezydent wita\u0142 wszystkich s\u0142owami: \u201eNiech \u017cyje Polska!\u201d. <\/span><\/span><\/span><span style=\"vertical-align: inherit;\"><span style=\"vertical-align: inherit;\"><span style=\"vertical-align: inherit;\">Do\u0142\u0105czamy do tego pozdrowienia, kt\u00f3re powinno zjednoczy\u0107 wszystkich Polak\u00f3w. <\/span><\/span><\/span><span style=\"vertical-align: inherit;\"><span style=\"vertical-align: inherit;\"><span style=\"vertical-align: inherit;\">W tym miejscu chcieliby Pa\u0144stwo opowiedzie\u0107 wywiadu, \u015bpimy prezesa Maciej \u015awirski, \u201eReduty, Dobrego Imienia\u201d udzieli\u0142 gazecie \u201eNowy Dziennik\u201d. <\/span><\/span><\/span><span style=\"vertical-align: inherit;\"><span style=\"vertical-align: inherit;\"><span style=\"vertical-align: inherit;\">Nawi\u0105zuje do nie interesy Polski i wyja\u015bnie\u0144, jak znale\u017a\u0107 wizerunek Polski za granic\u0105.<\/span><\/span><\/span><\/span><br \/>\n<span style=\"vertical-align: inherit;\"><span style=\"vertical-align: inherit;\"><span style=\"vertical-align: inherit;\"><span style=\"vertical-align: inherit;\">Kilka dni temu presti\u017cowy dziennik polonijny \u201eNowy Dziennik\u201d, kt\u00f3ry ukazuje si\u0119 w Stanach Zjednoczonych, opublikowa\u0142 obszerny wywiad z Maciejem \u015awirskim, prezesem Reduty Dobrego Imienia (http:\/\/dziennik.com\/featured\/maciej- swirski-dla-nowego-dziennika- kwestia-wizerunku-polskiego-is-a-national-security-issue). <\/span><\/span><\/span><span style=\"vertical-align: inherit;\"><span style=\"vertical-align: inherit;\"><span style=\"vertical-align: inherit;\">Wydawana od 1971 r. <\/span><span style=\"vertical-align: inherit;\">Gazeta (obecnie tygodnik) najwi\u0119kszego najwi\u0119kszego i najbardziej presti\u017cowego medium w USA. <\/span><\/span><\/span><span style=\"vertical-align: inherit;\"><span style=\"vertical-align: inherit;\"><span style=\"vertical-align: inherit;\">Redagowane i wydawane w Nowym Jorku, a obecnie w New Jersey, jest g\u0142\u00f3wne \u017ar\u00f3d\u0142o informacji dla Polonii. <\/span><\/span><\/span><span style=\"vertical-align: inherit;\"><span style=\"vertical-align: inherit;\"><span style=\"vertical-align: inherit;\">Jej za\u0142o\u017cycielem i pierwszym redaktorem naczelnym by\u0142 s\u0142ynny Boles\u0142aw Wierzbia\u0144ski. <\/span><\/span><\/span><\/span><br \/>\n<span style=\"vertical-align: inherit;\"><span style=\"vertical-align: inherit;\"><span style=\"vertical-align: inherit;\"><span style=\"vertical-align: inherit;\">Dzia\u0142alno\u015b\u0107 \u201eReduty Dobrego Imienia\u201d (RDI) cieszy si\u0119 coraz wi\u0119kszym zainteresowaniem Polak\u00f3w ubiegaj\u0105cych si\u0119 za granic\u0105.<\/span><\/span><\/span><span style=\"vertical-align: inherit;\"><span style=\"vertical-align: inherit;\"><span style=\"vertical-align: inherit;\">Szczeg\u00f3lnie spo\u0142eczno\u015b\u0107 polska w Stanach Zjednoczonych obserwuje i wspiera walk\u0119 fundacji o dobre imi\u0119 Polski i Polak\u00f3w, na czele, w kt\u00f3rej znajduje si\u0119 Maciej \u015awirski. <\/span><\/span><\/span><span style=\"vertical-align: inherit;\"><span style=\"vertical-align: inherit;\"><span style=\"vertical-align: inherit;\">Dlatego w opublikowanym raporcie \u201eMo\u017cliwo\u015bci przeciwdzia\u0142ania znies\u0142awieniu na platformach streamingowych, takich jak Netflix\u201d po raz kolejny podejmujeto temat skutecznych sposob\u00f3w ochrony wizerunku Polski. <\/span><\/span><\/span><\/span><br \/>\n<span style=\"vertical-align: inherit;\"><span style=\"vertical-align: inherit;\"><span style=\"vertical-align: inherit;\"><span style=\"vertical-align: inherit;\">Na pocz\u0105tku wywiadu Maciej \u015awirski przypomnia\u0142, \u017ce RDI reaguje na wszystkie przejawy mowy nienawi\u015bci czy k\u0142amstwa pojawiaj\u0105ce si\u0119 w przestrzeni publicznej na temat historii Polski, aw 2019 roku podj\u0119to 275 takich interwencji, z czego a\u017c 70% pozytywny wp\u0142yw. <\/span><\/span><\/span><\/span><br \/>\n<span style=\"vertical-align: inherit;\"><span style=\"vertical-align: inherit;\"><span style=\"vertical-align: inherit;\"><span style=\"vertical-align: inherit;\">Zapytany o \u201eraport Netflixa\u201d podkre\u015bli\u0142, \u017ce jest to profesjonalna i intelektualna reakcja na powtarzane w produkcjach filmowych k\u0142amstwa o historii Polski.<\/span><\/span><\/span><span style=\"vertical-align: inherit;\"><span style=\"vertical-align: inherit;\"><span style=\"vertical-align: inherit;\">RDI chcia\u0142 zdiagnozowa\u0107 problem stoj\u0105cy za pot\u0119\u017cn\u0105 bran\u017c\u0105, kt\u00f3ra ma wp\u0142yw na \u017cycie na m\u0142odych pokole\u0144. <\/span><\/span><\/span><span style=\"vertical-align: inherit;\"><span style=\"vertical-align: inherit;\"><span style=\"vertical-align: inherit;\">Maciej \u015awirski zwr\u00f3\u0107 uwag\u0119 na ci\u0105g\u0142\u0105 odnowienie imienia polskiego, natomiast ustalony konsensus bada\u0144, zw\u0142aszcza w USA, oomym \u201ewsp\u00f3\u0142udziale Polski w Holokau\u015bcie\u201d i jest to wyra\u017anie odczuwalne w kulturze popularnej i Media masowe. <\/span><\/span><\/span><span style=\"vertical-align: inherit;\"><span style=\"vertical-align: inherit;\"><span style=\"vertical-align: inherit;\">Przypomnia\u0142, \u017ce \u201eArt. <\/span><span style=\"vertical-align: inherit;\">5 traktatu NATO ma charakter stricte polityczny, kwestia wizerunku Polski, kwestia w USA, kwestia bezpiecze\u0144stwa narodowego. <\/span><span style=\"vertical-align: inherit;\">Nikt nie b\u0119dzie chcia\u0142 nam, Polakom, pom\u00f3c w czasie agresji, <\/span><\/span><\/span><span style=\"vertical-align: inherit;\"><span style=\"vertical-align: inherit;\"><span style=\"vertical-align: inherit;\">je\u015bli uwa\u017camy si\u0119 za sprawc\u00f3w Holokaustu. <\/span><\/span><\/span><span style=\"vertical-align: inherit;\"><span style=\"vertical-align: inherit;\"><span style=\"vertical-align: inherit;\">I z tego punktu widzenia nale\u017cy spojrze\u0107 na dzia\u0142alno\u015b\u0107 r\u00f3\u017cnych os\u00f3b i grup, kt\u00f3re pisz\u0105 i m\u00f3wi\u0105 o \u201epolskiej winie za Holokaust\u201d.<\/span><\/span><\/span><span style=\"vertical-align: inherit;\"><span style=\"vertical-align: inherit;\"><span style=\"vertical-align: inherit;\">To przes\u0142anie przes\u0142anie ma &#8211; prezesa RDI &#8211; zniszczy\u0107 sojusz polsko-ameryka\u0144ski. <\/span><\/span><\/span><span style=\"vertical-align: inherit;\"><span style=\"vertical-align: inherit;\"><span style=\"vertical-align: inherit;\">\u201eKto na tym skorzysta, nie trzeba wyja\u015bnia\u0107. <\/span><\/span><\/span><span style=\"vertical-align: inherit;\"><span style=\"vertical-align: inherit;\"><span style=\"vertical-align: inherit;\">Musimy z ca\u0142ych si\u0142 przeciwstawi\u0107 si\u0119 temu, przyj\u0119ty trwa\u0142\u0105 niepodleg\u0142o\u015b\u0107 Polski \u201d. <\/span><\/span><\/span><\/span><br \/>\n<span style=\"vertical-align: inherit;\"><span style=\"vertical-align: inherit;\"><span style=\"vertical-align: inherit;\"><span style=\"vertical-align: inherit;\">Zdaniem Macieja \u015awirskiego obecno\u015b\u0107 w popkulturze tre\u015bci wypaczaj\u0105cych histori\u0119 Polski ma wp\u0142yw na opinie o Polakach, a co za tym idzie, na bezpiecze\u0144stwo narodowe Polski. <\/span><\/span><\/span><span style=\"vertical-align: inherit;\"><span style=\"vertical-align: inherit;\"><span style=\"vertical-align: inherit;\">Powiedzenie takie, jak to si\u0119 dzieje, czy to tutaj, czy to tutaj, czy to naprawd\u0119 niebezpieczne, poniewa\u017c jest jeden z element\u00f3w wojny komunikacyjnej z Polsk\u0105. <\/span><\/span><\/span><span style=\"vertical-align: inherit;\"><span style=\"vertical-align: inherit;\"><span style=\"vertical-align: inherit;\">\u201ePrzez ponad 45 lat Polska znajdowa\u0142a si\u0119 za \u017celazn\u0105 kurtyn\u0105 pod okupacj\u0105 sowieck\u0105.<\/span><\/span><\/span><span style=\"vertical-align: inherit;\">Kolejne 25 lat okresu postkomunistycznego nie sprzyja\u0142o temu, aby prawdziwy przekaz o Polsce pojawi\u0142 si\u0119 w USA &#8211; z wyj\u0105tkiem Polonii &#8211; bo od wielu lat imperium medialne, kt\u00f3re umownie nazywamy &#8221; Czerskiej \u201d(siedziba imperium Gazety Wyborczej), a zjawisko\u201e pedagogiki wstydu \u201dda\u0142o wi\u0105\u017c\u0105c\u0105 interpretacj\u0119 historii Polski.<\/span><\/span><br \/>\n<span style=\"vertical-align: inherit;\"><span style=\"vertical-align: inherit;\">\u015awirski przypomina o konieczno\u015bci zapewnienia odpowiednich dr\u00f3g komunikacji ze \u015bwiatem dziennikarzy i decydent\u00f3w, a to wymaga dostosowania przekazu do ich mo\u017cliwo\u015bci percepcyjnych, czyli poprawno\u015bci politycznej. <\/span><span style=\"vertical-align: inherit;\">&#8222;I dlatego nale\u017cy u\u017cywa\u0107 j\u0119zyka poprawno\u015bci politycznej, protestuj\u0105c przeciwko lub u\u015bwiadamiaj\u0105c dziennikarzom takie kwestie jak&#8221; polskie obozy koncentracyjne &#8222;. Zrozumia\u0142em, \u017ce tak by\u0142o na pocz\u0105tku dzia\u0142a\u0144 RDI &#8211; kiedy pisa\u0142em protesty o u\u017cywaniu okre\u015ble\u0144 typu \u201epolskie obozy\u201d z odniesieniami do polskiego bohaterstwa, czy prawdy o II wojnie \u015bwiatowej &#8211; nikogo to nie interesowa\u0142o, nie by\u0142o odpowiedzi. Zacz\u0119\u0142o si\u0119 pojawia\u0107 dopiero, gdy wymy\u015bli\u0142em formu\u0142a: \u201eU\u017cycie wyra\u017cenia\u201e polski ob\u00f3z koncentracyjny \u201d <\/span><span style=\"vertical-align: inherit;\">w zale\u017cno\u015bci od medi\u00f3w i kraju, w kt\u00f3rym dochodzi do pom\u00f3wienia. <\/span><span style=\"vertical-align: inherit;\">Ale to jest metoda, kt\u00f3rej nale\u017cy u\u017cy\u0107, aby zosta\u0107 wys\u0142uchanym. <\/span><span style=\"vertical-align: inherit;\">I tu musz\u0119 natychmiast interweniowa\u0107, zanim zostanie oskar\u017cony o popieranie poprawno\u015bci politycznej &#8211; nie, walcz\u0119 z ni\u0105 w\u0142asn\u0105 broni\u0105, docieraj\u0105c do ich sumie\u0144 z jedynym zrozumia\u0142ym przes\u0142aniem. <\/span><span style=\"vertical-align: inherit;\">Powsta\u0144cy warszawscy w 1944 r. W ten sam spos\u00f3b pos\u0142ugiwali si\u0119 broni\u0105 niemieck\u0105, bo j\u0105 zdobyli i by\u0142a skuteczna &#8211; analogia mo\u017ce szokuj\u0105ca, ale trafna. <\/span><span style=\"vertical-align: inherit;\">w zale\u017cno\u015bci od medi\u00f3w i kraju, w kt\u00f3rym dochodzi do pom\u00f3wienia. <\/span><span style=\"vertical-align: inherit;\">Ale to jest metoda, kt\u00f3rej nale\u017cy u\u017cy\u0107, aby zosta\u0107 wys\u0142uchanym. <\/span><span style=\"vertical-align: inherit;\">I tu musz\u0119 natychmiast interweniowa\u0107, zanim zostanie oskar\u017cony o popieranie poprawno\u015bci politycznej &#8211; nie, walcz\u0119 z ni\u0105 w\u0142asn\u0105 broni\u0105, docieraj\u0105c do ich sumie\u0144 z jedynym zrozumia\u0142ym przes\u0142aniem. <\/span><span style=\"vertical-align: inherit;\">Powsta\u0144cy warszawscy w 1944 r. W ten sam spos\u00f3b pos\u0142ugiwali si\u0119 broni\u0105 niemieck\u0105, bo j\u0105 zdobyli i by\u0142a skuteczna &#8211; analogia mo\u017ce szokuj\u0105ca, ale trafna.<\/span><\/span><br \/>\n<span style=\"vertical-align: inherit;\"><span style=\"vertical-align: inherit;\">Na zako\u0144czenie wywiadu Maciej \u015awirski przypomnia\u0142 o szeroko zakrojonych kampaniach dziennikarskich RDI, w tym nagrywaniu podcast\u00f3w, wydawaniu internetowego magazynu \u201eReduta Online\u201d, prowadzeniu stron na Facebooku i profilu na Twitterze. <\/span><span style=\"vertical-align: inherit;\">Zaapelowa\u0142 r\u00f3wnie\u017c o wsparcie finansowe dla dzia\u0142alno\u015bci Reduty Dobrego Imienia <\/span><\/span><br \/>\n<span style=\"vertical-align: inherit;\"><span style=\"vertical-align: inherit;\">. Ca\u0142y wywiad http:\/\/dziennik.com\/featured\/maciej-swirski-dla-nowego-dziennika-kwestia-wizerunku-polski-jest-kwestia-bezpieczenstwa-narodowego\/ <\/span><\/span><br \/>\n<span style=\"vertical-align: inherit;\"><span style=\"vertical-align: inherit;\">Ponadto we wczorajszym numerze tygodnika \u201eSieci\u201d ukaza\u0142 si\u0119 tekst Prezesa RDI pt. \u201eKiedy sko\u0144czy si\u0119 noc w badaniach prof. Grabowskiego nad Holokaustem? <\/span><span style=\"vertical-align: inherit;\"><span style=\"vertical-align: inherit;\"><span style=\"vertical-align: inherit;\">&#8222;Maciej \u015awirski pisa\u0142 w nim o tym, jak odkry\u0142 RDI, mechanizm powstawania &#8211; naszym zdaniem -&#8221; b\u0142\u0119dy metodologiczne &#8222;profesora.<\/span><\/span><\/span><\/span><\/p>\n","protected":false},"excerpt":{"rendered":"<p>Maciej \u015awirski: Wizerunek Polski to kwestia bezpiecze\u0144stwa narodowego Za nami wybory prezydenckie, w kt\u00f3rych urz\u0119duj\u0105cy prezydent Andrzej Duda zosta\u0142 wybrany na drug\u0105 kadencj\u0119. Zwyci\u0119stwo Andrzeja Dudy to gwarancja kontynuacji \u201eDobrej Zmiany\u201d &#8211; dobra zmiana. Znamienne jest, \u017ce zaraz po wyborach Prezydent wita\u0142 wszystkich s\u0142owami: \u201eNiech \u017cyje Polska!\u201d. Do\u0142\u0105czamy do tego pozdrowienia, kt\u00f3re powinno zjednoczy\u0107 wszystkich [&hellip;]<\/p>\n","protected":false},"author":3,"featured_media":471623,"comment_status":"closed","ping_status":"open","sticky":false,"template":"","format":"standard","meta":{"_et_pb_use_builder":"","_et_pb_old_content":"","_et_gb_content_width":"","sfsi_plus_gutenberg_text_before_share":"","sfsi_plus_gutenberg_show_text_before_share":"","sfsi_plus_gutenberg_icon_type":"","sfsi_plus_gutenberg_icon_alignemt":"","sfsi_plus_gutenburg_max_per_row":"","footnotes":""},"categories":[46],"tags":[],"class_list":["post-4404","post","type-post","status-publish","format-standard","has-post-thumbnail","hentry","category-raporty"],"_links":{"self":[{"href":"https:\/\/rdi.org.pl\/english\/wp-json\/wp\/v2\/posts\/4404","targetHints":{"allow":["GET"]}}],"collection":[{"href":"https:\/\/rdi.org.pl\/english\/wp-json\/wp\/v2\/posts"}],"about":[{"href":"https:\/\/rdi.org.pl\/english\/wp-json\/wp\/v2\/types\/post"}],"author":[{"embeddable":true,"href":"https:\/\/rdi.org.pl\/english\/wp-json\/wp\/v2\/users\/3"}],"replies":[{"embeddable":true,"href":"https:\/\/rdi.org.pl\/english\/wp-json\/wp\/v2\/comments?post=4404"}],"version-history":[{"count":1,"href":"https:\/\/rdi.org.pl\/english\/wp-json\/wp\/v2\/posts\/4404\/revisions"}],"predecessor-version":[{"id":471298,"href":"https:\/\/rdi.org.pl\/english\/wp-json\/wp\/v2\/posts\/4404\/revisions\/471298"}],"wp:featuredmedia":[{"embeddable":true,"href":"https:\/\/rdi.org.pl\/english\/wp-json\/wp\/v2\/media\/471623"}],"wp:attachment":[{"href":"https:\/\/rdi.org.pl\/english\/wp-json\/wp\/v2\/media?parent=4404"}],"wp:term":[{"taxonomy":"category","embeddable":true,"href":"https:\/\/rdi.org.pl\/english\/wp-json\/wp\/v2\/categories?post=4404"},{"taxonomy":"post_tag","embeddable":true,"href":"https:\/\/rdi.org.pl\/english\/wp-json\/wp\/v2\/tags?post=4404"}],"curies":[{"name":"wp","href":"https:\/\/api.w.org\/{rel}","templated":true}]}}