{"id":469714,"date":"2023-03-21T12:16:39","date_gmt":"2023-03-21T11:16:39","guid":{"rendered":"https:\/\/rdi.org.pl\/?p=469714"},"modified":"2023-07-18T10:52:27","modified_gmt":"2023-07-18T08:52:27","slug":"sprawa-filomeny-leszczynskiej-przeciwko-janowi-grabowskiemu-i-barbarze-engelking-2","status":"publish","type":"post","link":"https:\/\/rdi.org.pl\/english\/sprawa-filomeny-leszczynskiej-przeciwko-janowi-grabowskiemu-i-barbarze-engelking-2\/","title":{"rendered":"The case of Filomena Leszczynska vs. Jan Grabowski and Barbara Engelking"},"content":{"rendered":"<p>[et_pb_section fb_built=&#8221;1&#8243; _builder_version=&#8221;4.20.2&#8243; _module_preset=&#8221;default&#8221; da_disable_devices=&#8221;off|off|off&#8221; global_colors_info=&#8221;{}&#8221; theme_builder_area=&#8221;post_content&#8221; da_is_popup=&#8221;off&#8221; da_exit_intent=&#8221;off&#8221; da_has_close=&#8221;on&#8221; da_alt_close=&#8221;off&#8221; da_dark_close=&#8221;off&#8221; da_not_modal=&#8221;on&#8221; da_is_singular=&#8221;off&#8221; da_with_loader=&#8221;off&#8221; da_has_shadow=&#8221;on&#8221;][et_pb_row _builder_version=&#8221;4.20.2&#8243; _module_preset=&#8221;a0c75e5a-da98-40a4-b5a4-4d216ee67f79&#8243; width=&#8221;100%&#8221; max_width=&#8221;1400px&#8221; global_colors_info=&#8221;{}&#8221; theme_builder_area=&#8221;post_content&#8221;][et_pb_column type=&#8221;4_4&#8243; _builder_version=&#8221;4.20.2&#8243; _module_preset=&#8221;default&#8221; global_colors_info=&#8221;{}&#8221; theme_builder_area=&#8221;post_content&#8221;][et_pb_accordion open_toggle_text_color=&#8221;#212121&#8243; open_toggle_background_color=&#8221;#FFFFFF&#8221; closed_toggle_background_color=&#8221;#212121&#8243; toggle_icon=&#8221;&#x47;||divi||400&#8243; icon_color=&#8221;#FFFFFF&#8221; use_icon_font_size=&#8221;on&#8221; icon_font_size=&#8221;28px&#8221; _builder_version=&#8221;4.20.2&#8243; _module_preset=&#8221;default&#8221; toggle_text_color=&#8221;#FFFFFF&#8221; toggle_font=&#8221;|700|||||||&#8221; toggle_font_size=&#8221;18px&#8221; body_font=&#8221;|300|||||||&#8221; body_font_size=&#8221;16px&#8221; body_line_height=&#8221;1.4em&#8221; background_color=&#8221;RGBA(255,255,255,0)&#8221; width=&#8221;80%&#8221; module_alignment=&#8221;center&#8221; hover_enabled=&#8221;0&#8243; global_colors_info=&#8221;{}&#8221; theme_builder_area=&#8221;post_content&#8221; sticky_enabled=&#8221;0&#8243;][et_pb_accordion_item title=&#8221;The case of Filomena Leszczynska vs. Jan Grabowski and Barbara Engelking&#8221; open=&#8221;on&#8221; _builder_version=&#8221;4.20.2&#8243; _module_preset=&#8221;default&#8221; hover_enabled=&#8221;0&#8243; global_colors_info=&#8221;{}&#8221; theme_builder_area=&#8221;post_content&#8221; sticky_enabled=&#8221;0&#8243;]<\/p>\n<h6 style=\"text-align: justify;\"><span style=\"color: #0000ff;\">Posted on October <a href=\"http:\/\/www.anti-defamation.org\/aktualnosci\/zmarla-pani-filomena-leszczynska\/\" rel=\"bookmark\" style=\"color: #0000ff;\"><time class=\"entry-date published\" datetime=\"2021-10-10T18:05:59+02:00\">10,\u00a0 2021<\/time><\/a><\/span><\/h6>\n<p style=\"text-align: justify;\">It is with pain that we announce the passing of Mrs Filomena Leszczy\u0144ska to the Father&#8217;s House on 8 October 2021 at the age of 81.<\/p>\n<p style=\"text-align: justify;\">A witness to history, a relentless fighter for the truth.<\/p>\n<p style=\"text-align: justify;\">Please pray for the soul of this extraordinary person.<\/p>\n<p style=\"text-align: justify;\">\n<h4 style=\"text-align: justify;\">Polish League Against Defamation<\/h4>\n<h4 style=\"text-align: justify;\"><\/h4>\n<p>[\/et_pb_accordion_item][et_pb_accordion_item title=&#8221;O\u015bwiadczenie Reduty Dobrego Imienia w sprawie wyroku S\u0105du Apelacyjnego w Warszawie Filomena Leszczy\u0144ska vs Barbara Engelking i Jan Grabowski&#8221; _builder_version=&#8221;4.20.2&#8243; _module_preset=&#8221;default&#8221; global_colors_info=&#8221;{}&#8221; theme_builder_area=&#8221;post_content&#8221; open=&#8221;off&#8221;]<\/p>\n<h6><span style=\"color: #0000ff;\">Napisano dnia\u00a0<a href=\"http:\/\/www.anti-defamation.org\/aktualnosci\/oswiadczenie-reduty-dobrego-imienia\/\" rel=\"bookmark\" style=\"color: #0000ff;\"><time class=\"entry-date published\" datetime=\"2021-08-16T18:54:58+02:00\">16 sierpnia, 2021<\/time><\/a><\/span><\/h6>\n<p>Dzisiaj zapad\u0142 zdumiewaj\u0105cy wyrok II instancji w sprawie z pozwu Pani Filomeny Leszczy\u0144skiej przeciwko profesorom Barbarze Engelking i Janowi Grabowskiemu o naruszenie d\u00f3br osobistych. S\u0105d uzna\u0142, \u017ce wa\u017cniejsza od rzetelno\u015bci bada\u0144 historycznych jest kwestia tak zwanej wolno\u015bci prowadzenia bada\u0144 przez naukowc\u00f3w i wniosk\u00f3w, kt\u00f3re wyci\u0105gaj\u0105 \u2013 bez wnikania, czy maj\u0105 one podstaw\u0119 \u017ar\u00f3d\u0142ow\u0105 czy nie. Okaza\u0142o si\u0119, \u017ce dla s\u0105du mniej wa\u017cna jest prawda historyczna oraz krzywda wyrz\u0105dzona przez Barbar\u0119 Engelking i Jana Grabowskiego konkretnemu cz\u0142owiekowi od tego, czy badacze b\u0119d\u0105 si\u0119 cieszyli czym\u015b, co nazwa\u0142 \u201ewolno\u015bci\u0105 bada\u0144 naukowych\u201d, a co w naszej ocenie jest woluntaryzmem bada\u0144 naukowych \u2013 polegaj\u0105cym na dowolnej kompilacji \u017ar\u00f3de\u0142, pomijaniu tych nie pasuj\u0105cych do tezy badawczej, bez troski o prawdopodobie\u0144stwo wysuwanych wniosk\u00f3w. Pragniemy przypomnie\u0107, \u017ce prof. Barbara Engelking \u2013 autorka rozdzia\u0142u, z kt\u00f3rego pochodzi\u0142 fragment oskar\u017caj\u0105cy stryja Pani Filomeny<br \/>o doniesienie na \u017byd\u00f3w do Niemc\u00f3w \u2013 przes\u0142uchiwana przez s\u0105d I instancji powiedzia\u0142a, \u017ce nie zdawa\u0142a sobie sprawy z tego, \u017ce we wsi Malinowo mo\u017ce mieszka\u0107 wi\u0119cej ni\u017c jeden Malinowski, oraz przyzna\u0142a, \u017ce w posta\u0107 Edwarda Malinowskiego \u2013 stryja pow\u00f3dki \u2013 scali\u0142a kilku Malinowskich i \u017ce jest to \u201eb\u0142\u0119dem\u201d. Jednocze\u015bnie nie odnios\u0142a si\u0119 do zarzutu pomini\u0119cia istotnych zapis\u00f3w \u017ar\u00f3d\u0142owych \u2013 zezna\u0144 \u017byd\u00f3w \u015bwiadcz\u0105cych o niewinno\u015bci Edwarda Malinowskiego, uznaj\u0105c je za \u201enieistotne\u201d. Tego rodzaju beztroska prowadzi nie tylko do naruszenia d\u00f3br osobistych opisywanych os\u00f3b, lub je\u015bli nie \u017cyj\u0105 \u2013 do naruszenia kultu ich pami\u0119ci, ale tak\u017ce do poderwania spo\u0142ecznego zaufania do wynik\u00f3w bada\u0144 naukowych, i to finansowanych przez pa\u0144stwo polskie.<br \/>S\u0105d Apelacyjny swoim wyrokiem jeszcze pog\u0142\u0119bi\u0142 ten brak zaufania. Reduta Dobrego Imienia b\u0119dzie wspiera\u0107 Pani\u0105 Filomen\u0119 Leszczy\u0144sk\u0105 w jej walce o dobre imi\u0119 Edwarda Malinowskiego, polskiego bohatera oszkalowanego w ksi\u0105\u017cce \u201eDalej jest noc\u201d. Pani Filomena Leszczy\u0144ska poprosi\u0142a nas o wniesienie wniosku kasacyjnego do S\u0105du Najwy\u017cszego, co niezw\u0142ocznie po otrzymaniu pisemnego uzasadnienia od S\u0105du Apelacyjnego uczynimy. Pani Filomena powiedzia\u0142a te\u017c, \u017ce dop\u00f3ki \u017cyje b\u0119dzie walczy\u0107 o dobre imi\u0119 stryja, kt\u00f3ry sta\u0142 si\u0119 symbolem wszystkich Polak\u00f3w fa\u0142szywie oskar\u017canych o wsp\u00f3\u0142udzia\u0142 w Holokau\u015bcie. Oznacza to, \u017ce b\u0119dziemy wspiera\u0107 Pani\u0105 Filomen\u0119 nawet w Europejskim Trybunale Praw Cz\u0142owieka, je\u015bli zajedzie taka potrzeba. Prosimy wszystkich o wsparcie sprawy Pani Filomeny Leszczy\u0144skiej. W tej chwili najbardziej potrzebne jest wsparcie finansowe, aby mog\u0142y by\u0107 prowadzone dalsze procedury prawne. Pe\u0142nomocnicy Pani Filomeny \u2013 adw. dr Monika Brzozowska- Pasieka i mec. Jerzy Pasieka prowadz\u0105 spraw\u0119<span>\u00a0<\/span><i data-stringify-type=\"italic\">pro bono<\/i>, jednak Reduta Dobrego Imienia pokrywa koszty s\u0105dowe, koszty druku i kopiowania dokument\u00f3w, badania archiwalne, koszty wyjazd\u00f3w zwi\u0105zanych z prowadzeniem sprawy itd. Zwracamy si\u0119 zatem do wszystkich, kt\u00f3rym le\u017cy na sercu dobre imi\u0119 Polski i polskich patriot\u00f3w o regularne wsparcie Reduty Dobrego Imienia. Zapraszamy te\u017c na strony www Reduty, gdzie s\u0105 wszystkie bie\u017c\u0105ce informacje na temat walki Pani Filomeny Leszczy\u0144skiej \u2013<\/p>\n<p><strong><a class=\"c-link\" href=\"http:\/\/rdi.org.pl\/\" target=\"_blank\" rel=\"noopener noreferrer\" data-sk=\"tooltip_parent\">rdi.org.pl<\/a><\/strong><\/p>\n<p>Zesp\u00f3\u0142 Reduty Dobrego Imienia<\/p>\n<p><strong><a target=\"_blank\" class=\"c-link\" data-stringify-link=\"mailto:kontakt@rdi.org.pl\" delay=\"150\" data-sk=\"tooltip_parent\" aria-haspopup=\"menu\" aria-expanded=\"false\" href=\"mailto:kontakt@rdi.org.pl\" rel=\"noopener noreferrer\">kontakt@rdi.org.pl<\/a><\/strong><\/p>\n<p><a target=\"_blank\" class=\"c-link\" data-stringify-link=\"tel:+48224142611\" delay=\"150\" data-sk=\"tooltip_parent\" href=\"tel:+48224142611\" rel=\"noopener noreferrer\">+48 22 414 26 11<\/a><\/p>\n<p>&nbsp;<\/p>\n<p>[\/et_pb_accordion_item][et_pb_accordion_item title=&#8221;16 SIERPNIA KOLEJNA ROZPRAWA W SPRAWIE PRZECIWKO J. GRABOWSKIEMU I B. ENGELKING&#8221; _builder_version=&#8221;4.20.2&#8243; _module_preset=&#8221;default&#8221; global_colors_info=&#8221;{}&#8221; theme_builder_area=&#8221;post_content&#8221; open=&#8221;off&#8221;]<\/p>\n<h6><span style=\"color: #0000ff;\">Napisano dnia\u00a0<a href=\"http:\/\/www.anti-defamation.org\/aktualnosci\/oswiadczenie-reduty-dobrego-imienia\/\" rel=\"bookmark\" style=\"color: #0000ff;\"><time class=\"entry-date published\" datetime=\"2021-08-16T18:54:58+02:00\">16 sierpnia, 2021<\/time><\/a><\/span><\/h6>\n<p><strong>16 sierpnia 2021r. w S\u0105dzie Apelacyjnym w Warszawie odb\u0119dzie si\u0119 kolejna rozprawa apelacyjna<span>\u00a0<\/span><\/strong><strong>w sprawie z pozwu Filomeny Leszczy\u0144skiej przeciwko prof. J. Grabowskiemu i prof. B. Engelking.<\/strong><\/p>\n<p><strong>Czekamy na postanowienie S\u0105du maj\u0105c nadziej\u0119, \u017ce i tym razem batalia s\u0105dowa Pani Filomeny Leszczy\u0144skiej, w obronie prawdy i godno\u015b\u0107 jej stryja \u2013 \u015bp. Edwarda Malinowskiego, oka\u017ce si\u0119 zwyci\u0119ska.<\/strong><\/p>\n<p><strong>\u00a0<\/strong>Przypomnijmy:<\/p>\n<p>Pierwsze posiedzenie S\u0105du Apelacyjnego w tej sprawie odby\u0142o si\u0119 27.07.2021r. G\u0142os zabrali pe\u0142nomocnik reprezentuj\u0105cy prof. J. Grabowskiego i prof. B Engelking oraz pe\u0142nomocnik Filomeny Leszczy\u0144skiej mec. Monika Brzozowska \u2013 Pasieka.<\/p>\n<p>Pe\u0142nomocnik strony pozwanej wni\u00f3s\u0142 wniosek o przes\u0142uchanie dodatkowego \u015bwiadka (kt\u00f3ry nie zeznawa\u0142 podczas post\u0119powania w S\u0105dzie I instancji), S\u0105d zadecydowa\u0142 o oddaleniu wniosku dowodowego jako nieprzydatnego. Pe\u0142nomocnik prof. J Grabowskiego oraz prof. B. Engelking zakwestionowa\u0142 legitymacj\u0119 czynn\u0105 Filomeny Leszczy\u0144skiej, kt\u00f3ra uprawiania j\u0105 do wyst\u0119powania przed s\u0105dem w sprawach dotycz\u0105cych naruszenia d\u00f3br osobistych. Jak r\u00f3wnie\u017c podj\u0105\u0142 kwesti\u0119 wyk\u0142adni S\u0105du I instancji na temat ochrony pami\u0119ci os\u00f3b zmar\u0142ych. Wed\u0142ug pe\u0142nomocnika pozwanych standard interpretacji \u017ar\u00f3de\u0142 zaproponowany przez S\u0105d I instancji nie wytrzymuje konfrontacji z zapisami r\u00f3\u017cnych konwencji.<\/p>\n<p>Pe\u0142nomocnik Filomeny Leszczy\u0144skiej \u2013 mec. Monika Brzozowska \u2013 Pasieka podtrzyma\u0142a apelacj\u0119 w zakresie przeprosin zas\u0105dzonych przez S\u0105d I instancji wskazuj\u0105c, \u017ce nale\u017cy dok\u0142adnie opisa\u0107 na czym polega\u0142a sprawa. Mecenas odnios\u0142a si\u0119 do wypowiedzi pe\u0142nomocnika strony pozwanej wskazuj\u0105c, \u017ce kult pami\u0119ci wed\u0142ug niego jest obcy polskiemu orzecznictwu. Okazuje si\u0119, \u017ce i w polskim i europejskim orzecznictwie jest wiele wyrok\u00f3w w tego typu sprawach oraz \u017ce z podobnymi pozwami w celu ochrony pami\u0119ci wyst\u0119powano wiele razy. Zosta\u0142y przez ni\u0105 przytoczone przyk\u0142ady spraw w podobnym zakresie. Nast\u0119pn\u0105 poruszon\u0105 kwesti\u0105 by\u0142a sprawa bada\u0144 naukowych, w swojej wypowiedzi Mecenas Monika Brzozowska \u2013 Pasieka wskaza\u0142a, \u017ce przed s\u0105dami w Europie i Polsce wielokrotnie stawali historycy w podobnych sprawach. A standardy u\u017cyte przez S\u0105d I instancji do oceny sprawy funkcjonuj\u0105 ju\u017c wiele lat w orzecznictwie Europejskiego Trybuna\u0142u Praw Cz\u0142owieka.<\/p>\n<p><img decoding=\"async\" loading=\"lazy\" class=\"size-full wp-image-6917 aligncenter\" src=\"http:\/\/www.anti-defamation.org\/wp-content\/uploads\/2021\/08\/FILOMENA.NS_.jpg\" alt=\"\" width=\"300\" height=\"212\" \/><\/p>\n<p>Filomena Leszczy\u0144ska, ponad 80-letnia starsza pani, wyst\u0105pi\u0142a do s\u0105du by w ten spos\u00f3b przeciwstawi\u0107 si\u0119 oskar\u017ceniom, zawartym w ksi\u0105\u017cce \u201eDalej jest noc\u201d, w kt\u00f3rej autorzy J. Grabowski i B. Engelking przypisali jej stryjowi \u2013 \u015bp. Edwardowi Malinowskiemu win\u0119 jakoby by\u0142 on wsp\u00f3\u0142winny \u015bmierci \u017byd\u00f3w.<\/p>\n<p>Zdaniem Pani Filomeny prof. Barbara Engelking jako autorka tekstu i prof. Jan Grabowski jako redaktor naukowy ksi\u0105\u017cki \u201eDalej jest noc\u201d pomin\u0119li istotne \u017ar\u00f3d\u0142a, scalili kilka os\u00f3b o nazwisku Malinowski w jednego \u201eMalinowskiego\u201d. W wyniku tego \u201eb\u0142\u0119du metodologicznego\u201d nast\u0105pi\u0142o przypisanie Edwardowi Malinowskiemu kolaboracji z Niemcami, czym profesorowie naruszyli dobr\u0105 pami\u0119\u0107 o zmar\u0142ym i dobra osobiste Pani Filomeny Leszczy\u0144skiej. Opr\u00f3cz tego Barbara Engelking jako autorka rozdzia\u0142u ksi\u0105\u017cki \u201eDalej jest noc\u201d omin\u0119\u0142a istotne \u017ar\u00f3d\u0142a \u2013 zeznania \u017cydowskich \u015bwiadk\u00f3w \u2013 wskazuj\u0105ce na niewinno\u015b\u0107 Edwarda Malinowskiego.<\/p>\n<p><strong>Podejmuj\u0105c decyzj\u0119 o z\u0142o\u017ceniu pozwu Filomena Leszczy\u0144ska kierowa\u0142a si\u0119 konieczno\u015bci\u0105 podj\u0119cia walki w obronie prawdy o swoim stryju, ale r\u00f3wnie\u017c podkre\u015bla\u0142a, \u017ce tego typu oszczerstwa s\u0105 r\u00f3wnie\u017c definiowane wobec innych obywateli polskich, kt\u00f3rzy w czasie II Wojny \u015awiatowej nara\u017cali w\u0142asne \u017cycie by ratowa\u0107 \u017byd\u00f3w przed zag\u0142ad\u0105 z r\u0105k niemieckich oprawc\u00f3w.<\/strong><\/p>\n<p><strong>\u00a0<\/strong><strong>W jednej ze swoich wypowiedzi stwierdzi\u0142a \u201e[\u2026] Bo przecie\u017c w ca\u0142ej Europie, nigdzie tak nie grozi\u0142o, tyle \u015bmierci, tyle ludzi nie zgin\u0119\u0142o za przechowywanie \u017byd\u00f3w i za pomoc im, co w Polsce. Ci co zgin\u0119li za przechowywanie \u017byd\u00f3w to ju\u017c oni si\u0119 nie obroni\u0105\u201d<\/strong><\/p>\n<p><strong>\u00a0<\/strong>Dla Filomeny Leszczy\u0144skiej r\u00f3wnie\u017c wa\u017cne jest, aby prawda o Polakach ratuj\u0105cych ludno\u015b\u0107 \u017cydowsk\u0105 nie by\u0142a zafa\u0142szowana ani zmanipulowana. Broni\u0105c dobrego imienia swojego stryja wyst\u0119puje r\u00f3wnie\u017c w obronie wszystkich, kt\u00f3rzy nie maj\u0105 mo\u017cliwo\u015bci by zrobi\u0107 to sami. Jej zdaniem konieczno\u015bci\u0105 jest wyra\u017ane zaznaczenie, \u017ce za zag\u0142ad\u0119 ludno\u015bci \u017cydowskiej pe\u0142n\u0105 odpowiedzialno\u015b\u0107 ponosz\u0105 ich kaci \u2013 niemieccy zbrodniarze.<\/p>\n<p>Filomena Leszczy\u0144ska domaga\u0142a si\u0119 od Barbary Engelking i Jana Grabowskiego przeproszenia oraz zado\u015b\u0107uczynienia za nazwanie jej stryja \u2013 \u015bp. Edwarda Malinowskiego z\u0142odziejem i wsp\u00f3\u0142winnym \u015bmierci \u017byd\u00f3w.<\/p>\n<p>W dniu 9 lutego br. przed S\u0105dem Okr\u0119gowym w Warszawie zapad\u0142 wyrok w tej sprawie. S\u0105d nakaza\u0142 profesorom Engelking i Grabowskiemu przeprosi\u0107 Filomen\u0119 Leszczy\u0144sk\u0105, bratanic\u0119 Edwarda Malinowskiego, w czasie wojny so\u0142tysa wsi Malinowo na Podlasiu, za nie\u015bcis\u0142e informacje zamieszczone w ksi\u0105\u017cce. Jednocze\u015bnie oddalono \u017c\u0105danie zado\u015b\u0107uczynienia.<\/p>\n<p>W 2019 roku Pani Filomena Leszczy\u0144ska zwr\u00f3ci\u0142a si\u0119 do Reduty Dobrego Imienia o wsparcie i pomoc, by m\u00f3c broni\u0107 prawdy i dobrego imienia swojego stryja \u2013 \u015bp. Edwarda Malinowskiego.<\/p>\n<p>Fundacja Reduta Dobrego Imienia przeprowadzi\u0142a badania \u017ar\u00f3d\u0142owe oraz finansowa\u0142a pomoc, koszty s\u0105dowe. Pe\u0142nomocnicy Filomeny Leszczy\u0144skiej pracuj\u0105 w sprawie pro bono.<\/p>\n<p>Wi\u0119cej informacji o przebiegu procesu znajd\u0105 Pa\u0144stwo\u00a0 w zak\u0142adce \u201eSprawa Filomeny Leszczy\u0144skiej przeciwko J. Grabowskiemu i B. Engelking\u201d<\/p>\n<p><a href=\"https:\/\/rdiplad.org\/f-leszczynska-vs-j-grabowski-i-b-engelking\">https:\/\/rdiplad.org\/f-leszczynska-vs-j-grabowski-i-b-engelking<\/a><\/p>\n<p>Reduta Dobrego Imienia uruchomi\u0142a specjaln\u0105 stron\u0119, na kt\u00f3rej znajduj\u0105 si\u0119 szczeg\u00f3\u0142owe informacje dotycz\u0105ce sprawy:<\/p>\n<p><a href=\"http:\/\/www.bronimymalinowskiego.org\/\">www.bronimymalinowskiego.org<\/a><\/p>\n<p><strong>Drodzy Pa\u0144stwo,<\/strong><\/p>\n<p>Przed nami kolejna rozprawa apelacyjna w sprawie jak\u0105 Filomena Leszczy\u0144ska, czule nazywana \u201eBabci\u0105 Filomen\u0105\u201d, wytoczy\u0142a profesorom J. Grabowskiemu i B. Engelking autorom ksi\u0105\u017cki \u201eDalej jest noc\u201d. Reduta Dobrego Imienia od pocz\u0105tku wspiera Pani\u0105 Filomen\u0119 w jej walce o prawd\u0119.<\/p>\n<p>Dzi\u0119ki Pa\u0144stwa wra\u017cliwo\u015bci i wsparciu mo\u017cemy pom\u00f3c \u201ezwyk\u0142ym-niezwyk\u0142ym\u201d ludziom, takim jak Babcia Filomena, dostarczaj\u0105c im wszelkich \u015brodk\u00f3w, by ich walka o prawd\u0119 okaza\u0142a si\u0119 skuteczna i aby sprawiedliwo\u015b\u0107 zatriumfowa\u0142a. Sprawy dotycz\u0105ce oszczerstw zar\u00f3wno w stosunku do konkretnej osoby, ale r\u00f3wnie\u017c do Narodu polskiego, tak ogromnie do\u015bwiadczonego podczas II Wojny \u015awiatowej ci\u0105gle s\u0105 obecne w przestrzeni publicznej.<\/p>\n<p>Staramy si\u0119 skutecznie przeciwdzia\u0142a\u0107 wobec wszelkich znies\u0142awie\u0144, fa\u0142szowaniu historii, przypisywaniu czyn\u00f3w haniebnych pope\u0142nionych przez niemieckich oprawc\u00f3w, czy te\u017c coraz bardziej nachalnym dezinformacjom, kt\u00f3re uderzaj\u0105 w nasz kraj i s\u0105 zagro\u017ceniem bezpiecze\u0144stwa Polski. Obrona dobrego imienia Polski wymaga nak\u0142ad\u00f3w, r\u00f3wnie\u017c tych finansowych, dlatego te\u017c zwracam si\u0119 do Pa\u0144stwa o sta\u0142e wsparcie. Dzi\u0119ki darowiznom mamy \u015brodki, kt\u00f3re pozwalaj\u0105 nam interweniowa\u0107 i broni\u0107 Polski i Polak\u00f3w.<\/p>\n<p>Razem z Pa\u0144stwem \u2013 naszymi przyjaci\u00f3\u0142mi tworzymy si\u0142\u0119, kt\u00f3ra mo\u017ce przeciwstawi\u0107 si\u0119 szkalowaniu naszej Ojczyzny i przywr\u00f3ci\u0107 prawd\u0119 o polskich bohaterach.<\/p>\n<p>Za co raz jeszcze serdecznie dzi\u0119kuj\u0119.<\/p>\n<p>Z wyrazami szacunku,<br \/>Maciej \u015awirski<\/p>\n<p><strong><span>Pani Filomena walczy o prawd\u0119 i dobre imi\u0119 swojej rodziny<\/span><\/strong>.<\/p>\n<p>Chcesz pom\u00f3c Babci Filomenie i innym? Wspieraj regularnie Redut\u0119. Wspiera nas ju\u017c 1055 os\u00f3b. Aby dzia\u0142a\u0107 na pe\u0142na skal\u0119 musi by\u0107 nas co najmniej 4 000.<\/p>\n<blockquote>\n<p><a href=\"https:\/\/rdi.org.pl\/zostan-darczynca\/\">https:\/\/rdi.org.pl\/zostan-darczynca\/<\/a><\/p>\n<\/blockquote>\n<p>&nbsp;<\/p>\n<p>[\/et_pb_accordion_item][et_pb_accordion_item title=&#8221;JUTRO ROZPRAWA APELACYJNA W SPRAWIE PRZECIWKO PROFESOROM J. GRABOWSKIEMU I B. ENGELKING.&#8221; _builder_version=&#8221;4.20.2&#8243; _module_preset=&#8221;default&#8221; global_colors_info=&#8221;{}&#8221; theme_builder_area=&#8221;post_content&#8221; open=&#8221;off&#8221;]<\/p>\n<h6><span style=\"color: #0000ff;\">Napisano dnia\u00a0<a href=\"http:\/\/www.anti-defamation.org\/aktualnosci\/jutro-rozprawa-apelacyjna-w-sprawie-przeciwko-profesorom-j-grabowskiemu-i-b-engelking\/\" rel=\"bookmark\" style=\"color: #0000ff;\"><time class=\"entry-date published\" datetime=\"2021-07-26T09:29:25+02:00\">26 lipca, 2021<\/time><\/a><\/span><\/h6>\n<p><strong>27 lipca br. odb\u0119dzie si\u0119 rozprawa apelacyjna w sprawie z pozwu Filomeny Leszczy\u0144skiej przeciwko prof. J Grabowskiemu i prof. B. Engelking \u2013 autorom kontrowersyjnej ksi\u0105\u017cki \u201eDalej jest noc\u201d<\/strong><\/p>\n<p>Zapewne pami\u0119tacie Pa\u0144stwo s\u0142owa Filomeny Leszczy\u0144skiej, kt\u00f3ra w nast\u0119puj\u0105cy spos\u00f3b odnios\u0142a si\u0119 do sprawy<em>: \u201eKim ja jestem? Jestem nikim, ale walcz\u0119 o prawd\u0119 i to jest moj\u0105 broni\u0105. A oni pos\u0142uguj\u0105 si\u0119 k\u0142amstwem. I taka jest mi\u0119dzy nami r\u00f3\u017cnica.\u201d<\/em><\/p>\n<p>Filomena Leszczy\u0144ska, ponad 80-letnia starsza Pani, po raz kolejny stanie przed s\u0105dem w obronie prawdy o swoim stryju \u00a0\u2013 \u015bp. Edwardzie Malinowskim, kt\u00f3remu autorzy ksi\u0105\u017cki \u201eDalej jest noc\u201d \u2013 profesorowie J. Grabowski i B. Engelking przypisali win\u0119 jakoby by\u0142 on wsp\u00f3\u0142winny \u015bmierci \u017byd\u00f3w. Stanowisko Filomeny Leszczy\u0144skiej w tej sprawie jest niezmienne, dlatego te\u017c podczas procesu apelacyjnego b\u0119dzie broni\u0107 dobrego imienia swojego stryja.<\/p>\n<p>Jak ju\u017c informowali\u015bmy Pa\u0144stwa, apelacj\u0119 w tej sprawie wnie\u015bli pe\u0142nomocnicy Filomeny Leszczy\u0144skiej, jak r\u00f3wnie\u017c pe\u0142nomocnicy reprezentuj\u0105cy stron\u0119 pozwan\u0105 tj. prof. J. Grabowskiego i prof. B. Engelking.<\/p>\n<p>Pe\u0142nomocnicy Filomeny Leszczy\u0144skiej \u2013 mec. Monika Brzozowska \u2013 Pasieka oraz mec. Jerzy Pasieka wnie\u015bli apelacj\u0119 od wyroku S\u0105du I instancji (z dnia 09.02.21r) odnosz\u0105c si\u0119 do oddalonej cz\u0119\u015bci pow\u00f3dztwa wskazuj\u0105c na konieczno\u015b\u0107 szczeg\u00f3\u0142owego przeproszenia oraz erraty w przypadku dodruku.<\/p>\n<p>Pe\u0142nomocnicy prof. J Grabowskiego oraz prof. B. Engelking r\u00f3wnie\u017c zaskar\u017cyli wyroku s\u0105du w cz\u0119\u015bci dla nich niekorzystnej.<\/p>\n<p><strong>Post\u0119powanie apelacyjne w tej sprawie b\u0119dzie kolejn\u0105 walk\u0105 o prawd\u0119, zar\u00f3wno w stosunku do \u015bp. Edwarda Malinowskiego, jak r\u00f3wnie\u017c do ca\u0142ej rzeszy Polak\u00f3w, kt\u00f3rzy w czasie II wojny \u015bwiatowej nara\u017cali swoje \u017cycie i \u017cycie najbli\u017cszych, by ratowa\u0107 ludno\u015b\u0107 \u017cydowsk\u0105 przed zag\u0142ad\u0105 z r\u0105k niemieckich oprawc\u00f3w. Jeste\u015bmy pe\u0142ni nadziei, \u017ce i tym razem zatriumfuje prawda o polskim bohaterze.<\/strong><\/p>\n<p>Zdaniem F. Leszczy\u0144skiej jasno trzeba przeciwstawi\u0107 si\u0119 wszelkim pr\u00f3bom przypisywania Polakom niemieckich zbrodni. Pani Filomena uwa\u017ca, \u017ce trzeba wyra\u017anie pokaza\u0107 kto by\u0142 katem a kto ofiar\u0105 niemieckiego bestialstwa. Musimy skutecznie broni\u0107 Polski i Polak\u00f3w przed konstruowaniem fa\u0142szywego obrazu i przypisywaniu Narodowi Polskiemu czyn\u00f3w haniebnych, czyn\u00f3w kt\u00f3rego autorami byli niemieccy zbrodniarze.<\/p>\n<p>Sprawa wolno\u015bci bada\u0144 naukowych jest fundamentaln\u0105 w wolnym spo\u0142ecze\u0144stwie. Problem w tym, \u017ce badacze maj\u0105 do\u0142o\u017cy\u0107 nale\u017cytej staranno\u015bci. Do kwestii rzetelno\u015bci bada\u0144 naukowych odni\u00f3s\u0142 si\u0119 S\u0105d I instancji, rozpatruj\u0105c spraw\u0119 \u015bp. Edwarda Malinowskiego, kt\u00f3ry w uzasadnieniu wyroku wyra\u017anie wskaza\u0142, \u017ce badacze maj\u0105 dok\u0142ada\u0107 nale\u017cytej staranno\u015bci, a ani prof. Barbara Engelking ani prof. Jan Grabowski wed\u0142ug s\u0105du \u2013 kt\u00f3ry podzieli\u0142 nasz\u0105 argumentacj\u0119 \u2013\u00a0 tej nale\u017cytej staranno\u015bci nie do\u0142o\u017cyli w swoich badaniach.<\/p>\n<p>Przypomnijmy:<\/p>\n<p>9 lutego br. przed S\u0105dem Okr\u0119gowym w Warszawie zapad\u0142 wyrok w sprawie z pozwu Pani Filomeny Leszczy\u0144skiej, kt\u00f3ra domaga\u0142a si\u0119 od Barbary Engelking i Jana Grabowskiego przeproszenia oraz zado\u015b\u0107uczynienia za nazwanie jej stryja \u015bp. Edwarda Malinowskiego z\u0142odziejem i wsp\u00f3\u0142winnym \u015bmierci \u017byd\u00f3w. S\u0105d nakaza\u0142 profesorom Engelking i Grabowskiemu przeprosi\u0107 Filomen\u0119 Leszczy\u0144sk\u0105, bratanic\u0119 Edwarda Malinowskiego, w czasie wojny so\u0142tysa wsi Malinowo na Podlasiu, za nie\u015bcis\u0142e informacje zamieszczone w ksi\u0105\u017cce. Jednocze\u015bnie oddalono \u017c\u0105danie zado\u015b\u0107uczynienia.<\/p>\n<p>W 2019 roku Pani Filomena Leszczy\u0144ska zwr\u00f3ci\u0142a si\u0119 do Reduty Dobrego Imienia o wsparcie, gdy\u017c uwa\u017ca\u0142a, \u017ce prof. Barbara Engelking jako autorka tekstu i prof. Jan Grabowski jako redaktor naukowy ksi\u0105\u017cki \u201eDalej jest noc\u201d pomin\u0119li istotne \u017ar\u00f3d\u0142a, scalili kilka os\u00f3b o nazwisku Malinowski w jednego \u201eMalinowskiego\u201d. W wyniku tego \u201eb\u0142\u0119du metodologicznego\u201d nast\u0105pi\u0142o przypisanie Edwardowi Malinowskiemu kolaboracji z Niemcami, czym profesorowie naruszyli dobr\u0105 pami\u0119\u0107 o\u00a0 zmar\u0142ym i dobra osobiste Pani Filomeny Leszczy\u0144skiej. Opr\u00f3cz tego Barbara Engelking jako autorka rozdzia\u0142u ksi\u0105\u017cki \u201eDalej jest noc\u201d omin\u0119\u0142a istotne \u017ar\u00f3d\u0142a \u2013 zeznania \u017cydowskich \u015bwiadk\u00f3w \u2013 wskazuj\u0105ce na niewinno\u015b\u0107 Edwarda Malinowskiego.<\/p>\n<p>Fundacja Reduta Dobrego Imienia przeprowadzi\u0142a badania \u017ar\u00f3d\u0142owe oraz finansowa\u0142a pomoc, koszty s\u0105dowe. Pe\u0142nomocnicy Filomeny Leszczy\u0144skiej pracuj\u0105 w sprawie pro bono.<\/p>\n<p>Wi\u0119cej informacji o przebiegu procesu znajdziecie Pa\u0144stwo na naszej stronie w zak\u0142adce \u201eSprawa Filomeny Leszczy\u0144skiej przeciwko J. Grabowskiemu i B. Engelking\u201d<\/p>\n<p><strong><a href=\"https:\/\/rdiplad.org\/f-leszczynska-vs-j-grabowski-i-b-engelking\">https:\/\/rdiplad.org\/f-leszczynska-vs-j-grabowski-i-b-engelking<\/a><\/strong><\/p>\n<p>O post\u0119pach w tej sprawie b\u0119dziemy Pa\u0144stwa informowa\u0107 na bie\u017c\u0105co.<\/p>\n<p>[\/et_pb_accordion_item][et_pb_accordion_item title=&#8221;JU\u017b W LIPCU PIERWSZA ROZPRAWA APELACYJNA. FILOMENA LESZCZY\u0143SKA B\u0118DZIE BRONI\u0106 PRAWDY.&#8221; _builder_version=&#8221;4.20.2&#8243; _module_preset=&#8221;default&#8221; global_colors_info=&#8221;{}&#8221; theme_builder_area=&#8221;post_content&#8221; open=&#8221;off&#8221;]<\/p>\n<h6><strong><span style=\"color: #0000ff;\">Napisano dnia\u00a0<a href=\"http:\/\/www.anti-defamation.org\/aktualnosci\/juz-w-lipcu-pierwsza-rozprawa-apelacyjna-filomena-leszczynska-bedzie-bronic-prawdy\/\" rel=\"bookmark\" style=\"color: #0000ff;\"><time class=\"entry-date published\" datetime=\"2021-06-15T14:14:35+02:00\">15 czerwca, 2021<\/time><\/a><\/span><\/strong><\/h6>\n<p><strong>Filomena Leszczy\u0144ska po raz kolejny stanie w obronie dobrego imienia swojego stryja \u2013 \u015bp. Edwarda Malinowskiego,<span>\u00a0<\/span><\/strong>kt\u00f3rego autorzy ksi\u0105\u017cki \u201eDalej jest noc\u201d \u2013 profesorowie J. Grabowski i B. Engelking przedstawili jako wsp\u00f3\u0142winnego \u015bmierci \u017byd\u00f3w.<\/p>\n<p><strong>Rozprawa apelacyjna ma si\u0119 odby\u0107\u00a0 w dniu 27. 07. 2021 r. przed S\u0105dem Apelacyjnym w Warszawie.<\/strong><span>\u00a0<\/span>Apelacj\u0119 w tej sprawie wnie\u015bli pe\u0142nomocnicy pow\u00f3dki Filomeny Leszczy\u0144skiej, jak r\u00f3wnie\u017c pe\u0142nomocnicy reprezentuj\u0105cy stron\u0119 pozwan\u0105 tj. prof. J. Grabowskiego i prof. B. Engelking.<\/p>\n<p>Pe\u0142nomocnicy Filomeny Leszczy\u0144skiej \u2013 mec. Monika Brzozowska \u2013 Pasieka oraz mec. Jerzy Pasieka wnie\u015bli apelacj\u0119 od wyroku S\u0105du I instancji (z dnia 09.02.21r) odnosz\u0105c si\u0119 do oddalonej cz\u0119\u015bci pow\u00f3dztwa wskazuj\u0105c na konieczno\u015b\u0107 szczeg\u00f3\u0142owego przeproszenia oraz erraty w przypadku dodruku.<\/p>\n<p>Pe\u0142nomocnicy prof. J Grabowskiego oraz prof. B. Engelking r\u00f3wnie\u017c zaskar\u017cyli wyroku s\u0105du w cz\u0119\u015bci dla nich niekorzystnej.<\/p>\n<p>Wielokrotnie odnosili\u015bmy si\u0119 do kwestii zwi\u0105zanej z prowadzeniem bada\u0144 naukowych. Nasze stanowisko w tej sprawie jest jasne, badania naukowe s\u0105 wa\u017cne i niezb\u0119dne, niemniej jednak musz\u0105 one opiera\u0107 si\u0119 na rzetelno\u015bci. Spotykali\u015bmy si\u0119 ze stwierdzeniami, \u017ce sprawa ta \u015bwiadczy o naszej ch\u0119ci st\u0142umienia wolno\u015bci bada\u0144 naukowych. Podobnych spraw o naruszenie d\u00f3br osobistych prowadzi si\u0119 w Europie i na \u015bwiecie wiele. Sprawa wolno\u015bci bada\u0144 naukowych jest fundamentaln\u0105 w wolnym spo\u0142ecze\u0144stwie. Problem w tym, \u017ce badacze maja do\u0142o\u017cy\u0107 nale\u017cytej staranno\u015bci. W sprawie, o kt\u00f3rej mowa mamy wyrok s\u0105du odnosz\u0105cy si\u0119 do tej kwestii \u2013 S\u0105d I instancji wyda\u0142 wyrok, z kt\u00f3rego jasno wynika, \u017ce badacze maja dok\u0142ada\u0107 nale\u017cytej staranno\u015bci, a ani prof. Barbara Engelking ani prof. Jan Grabowski wed\u0142ug s\u0105du \u2013 kt\u00f3ry podzieli\u0142 nasz\u0105 argumentacj\u0119 \u2013\u00a0 tej nale\u017cytej staranno\u015bci nie do\u0142o\u017cyli w swoich badaniach. Jest przecie\u017c oczywiste, \u017ce badania naukowe w przypadku wprowadzenia do obiegu publicznego nieprawdziwych informacji o danej osobie mog\u0105 podlega\u0107 prawu cywilnemu. Trudno zgodzi\u0107 si\u0119 z interpretacj\u0105, \u017ce w publikacji naukowej wolno znies\u0142awia\u0107<\/p>\n<p>Wyrok S\u0105du I instancji wskaza\u0142 na konieczno\u015b\u0107 rzetelnego wykonywania bada\u0144 historycznych, czy taka interpretacja powinna stanowi\u0107 zaskoczenie?. Wydaje si\u0119 by\u0107 oczywistym, \u017ce wszyscy naukowcy w tym r\u00f3wnie\u017c historycy, ponosz\u0105 odpowiedzialno\u015b\u0107 za brak zachowania odpowiedniego stopnia staranno\u015bci w prowadzonych przez nich badaniach.<\/p>\n<p>Stanowisko Filomeny Leszczy\u0144skiej w tej sprawie jest niezmienne, dlatego te\u017c podczas procesu apelacyjnego b\u0119dzie broni\u0107 prawdy i dobrego imienia swojego stryja \u2013 \u015bp. Edwarda Malinowskiego.<\/p>\n<p><strong>\u00a0<\/strong>Przypomnijmy:<\/p>\n<p><strong>\u00a0<\/strong>9 lutego br. przed S\u0105dem Okr\u0119gowym w Warszawie zapad\u0142 wyrok w sprawie z pozwu Pani Filomeny Leszczy\u0144skiej, kt\u00f3ra domaga\u0142a si\u0119 od Barbary Engelking i Jana Grabowskiego przeproszenia oraz zado\u015b\u0107uczynienia za nazwanie jej stryja \u015bp. Edwarda Malinowskiego z\u0142odziejem i wsp\u00f3\u0142winnym \u015bmierci \u017byd\u00f3w. S\u0105d nakaza\u0142 profesorom Engelking i Grabowskiemu przeprosi\u0107 Filomen\u0119 Leszczy\u0144sk\u0105, bratanic\u0119 Edwarda Malinowskiego, w czasie wojny so\u0142tysa wsi Malinowo na Podlasiu, za nie\u015bcis\u0142e informacje zamieszczone w ksi\u0105\u017cce. Jednocze\u015bnie oddalono \u017c\u0105danie zado\u015b\u0107uczynienia.<\/p>\n<p>Wi\u0119cej informacji:<span>\u00a0<a href=\"https:\/\/rdiplad.org\/engelking-i-grabowski-musza-przeprosic-p-filomene\">https:\/\/rdiplad.org\/engelking-i-grabowski-musza-przeprosic-p-filomene<\/a><\/span><\/p>\n<p>W trakcie trwania procesu odby\u0142y si\u0119 cztery rozprawy, z kt\u00f3rych pierwsza w pa\u017adzierniku 2019 r.\u00a0 Pani Filomena Leszczy\u0144ska korzystaj\u0105c ze swoich praw obywatelskich upomina\u0142a si\u0119 przed s\u0105dem o dobr\u0105 pami\u0119\u0107 o Edwardzie Malinowskim, kt\u00f3ry udziela\u0142 schronienia i troszczy\u0142 si\u0119 o ukrywanych \u017byd\u00f3w, a w ksi\u0105\u017cce\u00a0 \u201eDalej jest noc\u201d zarzucono mu, \u017ce m.in. \u201eby\u0142 wsp\u00f3\u0142winny \u015bmierci \u017byd\u00f3w\u201d.<\/p>\n<p>Zdaniem Filomeny Leszczy\u0144skiej, prof. Barbara Engelking jako autorka tekstu i prof. Jan Grabowski jako redaktor naukowy ksi\u0105\u017cki \u201eDalej jest noc\u201d pomin\u0119li istotne \u017ar\u00f3d\u0142a, scalili kilka os\u00f3b o nazwisku Malinowski w jednego \u201eMalinowskiego\u201d. W wyniku tego \u201eb\u0142\u0119du metodologicznego\u201d nast\u0105pi\u0142o przypisanie Edwardowi Malinowskiemu kolaboracji z Niemcami, czym profesorowie naruszyli dobr\u0105 pami\u0119\u0107 o\u00a0 zmar\u0142ym i dobra osobiste Pani Filomeny Leszczy\u0144skiej. Opr\u00f3cz tego Barbara Engelking jako autorka rozdzia\u0142u ksi\u0105\u017cki \u201eDalej jest noc\u201d omin\u0119\u0142a istotne \u017ar\u00f3d\u0142a \u2013 zeznania \u017cydowskich \u015bwiadk\u00f3w \u2013 wskazuj\u0105ce na niewinno\u015b\u0107 Edwarda Malinowskiego.<\/p>\n<p>Filomena Leszczy\u0144ska, jak ka\u017cdy obywatel, ma prawo dochodzi\u0107 swoich praw przed s\u0105dem powszechnym. Nale\u017cy podkre\u015bli\u0107, \u017ce proces by\u0142 prowadzony z pow\u00f3dztwa cywilnego w sprawie\u00a0 znies\u0142awienia pami\u0119ci o zmar\u0142ej osobie w oparciu Art. 23 i 24\u00a0 polskiego\u00a0 o Kodeksu Cywilnego, a nie \u2013 jak w cz\u0119sto pojawiaj\u0105cych si\u0119 informacjach \u2013 o Ustaw\u0119 o IPN. W\u00a0 ocenie Pani Filomeny Leszczy\u0144skiej, we fragmencie ksi\u0105\u017cki\u00a0 dotycz\u0105cym Edwarda Malinowskiego, profesorowie Engelking i Grabowski\u00a0 nie dochowali szczeg\u00f3lnej rzetelno\u015bci i staranno\u015bci. W efekcie bohaterski so\u0142tys z czas\u00f3w II wojny \u015bwiatowej Edward Malinowski, kilkadziesi\u0105t lat po \u015bmierci, zosta\u0142 okre\u015blony jako \u201ewsp\u00f3\u0142winnym \u015bmierci \u017byd\u00f3w\u201d, mimo, \u017ce w 1950 r. zosta\u0142 z tego zarzutu s\u0105downie uniewinniony, tak\u017ce dzi\u0119ki trzem ocala\u0142ym \u017bydom, kt\u00f3rzy po\u015bwiadczyli, \u017ce ich chroni\u0142 i im pomaga\u0142.<\/p>\n<p>Podczas rozprawy ko\u0144cowej Barbara Engelking \u00a0przyzna\u0142a si\u0119 do pomy\u0142ki i o\u015bwiadczy\u0142a, \u017ce pomyli\u0142a kilku Malinowskich, bo \u201enie spodziewa\u0142a si\u0119, \u017ce we wsi Malinowo mo\u017ce by\u0107 wi\u0119cej os\u00f3b o nazwisku Malinowski\u201d. Natomiast prof. Jan Grabowski o\u015bwiadczy\u0142 przed s\u0105dem, \u017ce nie widzia\u0142 dokument\u00f3w tej sprawy, bo \u201enie taka jest rola redaktora naukowego\u201d oraz \u017ce ksi\u0105\u017cka nie ma recenzji wydawniczych, poniewa\u017c \u201eto jest polski obyczaj, a on ma wystarczaj\u0105ce do\u015bwiadczenie i wiedz\u0119 i takie recenzje s\u0105 niepotrzebne\u201d.<\/p>\n<p>W 2019 roku Pani Filomena Leszczy\u0144ska zwr\u00f3ci\u0142a si\u0119 do Reduty Dobrego Imienia o wsparcie, a Fundacja Reduta Dobrego Imienia\u00a0 przeprowadzi\u0142a badania \u017ar\u00f3d\u0142owe oraz finansowa\u0142a pomoc, koszty sadowe. Pe\u0142nomocnicy Filomeny Leszczy\u0144skiej pracuj\u0105 w sprawie pro bono.<\/p>\n<p>Wi\u0119cej informacji o przebiegu procesu znajdziecie Pa\u0144stwo w<span>\u00a0<\/span><span>zak\u0142adce<\/span><span>\u00a0<\/span>\u201eSprawa Filomeny Leszczy\u0144skiej przeciwko J. Grabowskiemu i B. Engelking\u201d<\/p>\n<p><span><a href=\"http:\/\/www.anti-defamation.org\/sprawa-filomeny-leszczynskiej-przeciwko-j-grabowskiemu-i-b-engelking\/\">http:\/\/www.anti-defamation.org\/sprawa-filomeny-leszczynskiej-przeciwko-j-grabowskiemu-i-b-engelking\/<\/a><\/span><\/p>\n<p>Reduta Dobrego Imienia uruchomi\u0142a specjaln\u0105 stron\u0119, na kt\u00f3rej znajduj\u0105 si\u0119 szczeg\u00f3\u0142owe informacje dotycz\u0105ce sprawy:<\/p>\n<p><span><a href=\"http:\/\/www.bronimymalinowskiego.org\/\">www.bronimymalinowskiego.org<\/a><\/span><\/p>\n<p><strong>Drodzy Przyjaciele<\/strong>,<\/p>\n<p>Podniesione przez pozwanych argumenty zawarte w tre\u015bci apelacji wskazuj\u0105, \u017ce batalia s\u0105dowa b\u0119dzie z\u0142o\u017cona i czasoch\u0142onna. S\u0119dziwa Pani Filomena Leszczy\u0144ska raz jeszcze b\u0119dzie musia\u0142a toczy\u0107 walk\u0119 przez s\u0105dem by przywr\u00f3ci\u0107 pami\u0119ci i dobre imi\u0119 swojego stryja \u2013 \u015bp. Edwarda Malinowskiego.<\/p>\n<p>Reduta Dobrego Imienia, jak dotychczas, b\u0119dzie wspiera\u0107 Filomen\u0119 Leszczy\u0144sk\u0105 w jej walce o prawd\u0119 i godno\u015b\u0107, a jest to mo\u017cliwe dzi\u0119ki pomocy Pa\u0144stwa \u2013 naszych przyjaci\u00f3\u0142. Dlatego te\u017c prosimy Pa\u0144stwa o regularne wsparcie finansowe. Ka\u017cda przekazana darowizna pozwoli nam wspom\u00f3c \u201eBabci\u0119 Filomen\u0119\u201d w procesie, w kt\u00f3rym naprzeciwko starszej Pani stanie pot\u0119\u017cne zaplecze prawno-medialne. Razem tworzymy si\u0142\u0119, kt\u00f3ra jest w stanie broni\u0107 dobrego imienia polskich bohater\u00f3w.<\/p>\n<p>Z wyrazami szacunku,<br \/>Maciej \u015awirski<\/p>\n<p><span><strong>Pani Filomena walczy o prawd\u0119 i dobre imi\u0119 swojej rodziny.<\/strong><\/span><\/p>\n<p>Chcesz pom\u00f3c Babci Filomenie i innym? Wspieraj regularnie Redut\u0119. Wspiera nas ju\u017c 1055 os\u00f3b. Aby dzia\u0142a\u0107 na pe\u0142n\u0105 skal\u0119 musi by\u0107 nas co najmniej 4 000.<\/p>\n<blockquote>\n<p><a href=\"https:\/\/rdi.org.pl\/zostan-darczynca\/\"> https:\/\/rdi.org.pl\/zostan-darczynca\/<\/a><\/p>\n<\/blockquote>\n<p>[\/et_pb_accordion_item][et_pb_accordion_item title=&#8221;ZNAMY UZASADNIENIE WYROKU!&#8221; _builder_version=&#8221;4.20.2&#8243; _module_preset=&#8221;default&#8221; global_colors_info=&#8221;{}&#8221; theme_builder_area=&#8221;post_content&#8221; open=&#8221;off&#8221;]<\/p>\n<h6><span style=\"color: #0000ff;\">Napisano dnia\u00a0<a href=\"http:\/\/www.anti-defamation.org\/aktualnosci\/znamy-uzasadnienie-wyroku\/\" rel=\"bookmark\" style=\"color: #0000ff;\"><time class=\"entry-date published\" datetime=\"2021-03-29T17:57:06+02:00\">29 marca, 2021<\/time><\/a><\/span><\/h6>\n<p><strong>Zapoznali\u015bmy si\u0119\u00a0 uzasadnieniem wyroku s\u0105du w sprawie przeciwko profesorom B. Engelking i J. Grabowskiemu \u2013 autorom ksi\u0105\u017cki \u201eDalej jest noc\u201d<\/strong><\/p>\n<p>Szanowni Pa\u0144stwo,<\/p>\n<p>Mija ponad miesi\u0105c od wydania, przez S\u0105d Okr\u0119gowy w Warszawie, wyroku w sprawie przeciwko profesorom J. Grabowskiemu i B. Engelking \u2013 autorom ksi\u0105\u017cki \u201eDalej jest noc\u201d. Proces zako\u0144czy\u0142 si\u0119 wielkim sukcesem Pani Filomeny Leszczy\u0144skiej czule zwanej \u201eBabci\u0105 Filomen\u0105\u201d.<\/p>\n<p>Sprawiedliwo\u015b\u0107 zatriumfowa\u0142a!<\/p>\n<p>W my\u015bl wyroku zosta\u0142a przywr\u00f3cona godno\u015b\u0107 i prawda o \u015bp. Edwardzie Malinowskim \u2013 stryju Filomeny Leszczy\u0144skiej.<\/p>\n<p>Zwyci\u0119stwo to by\u0142o mo\u017cliwe dzi\u0119ki Pa\u0144stwa wsparciu i przekazanym darowiznom, kt\u00f3re pozwoli\u0142y na to, by Reduta Dobrego Imienia udzieli\u0142a wszechstronnego wsparcia Filomenie Leszczy\u0144skiej w jej walce o prawd\u0119.<\/p>\n<p>Jak Pa\u0144stwo wiedz\u0105\u00a0 wyrok w tej sprawie jest nieprawomocny. Profesor B. Engelking zapowiedzia\u0142a mo\u017cliwo\u015b\u0107 odwo\u0142ania si\u0119 od wyroku po zapoznaniu si\u0119 z pisemnym uzasadnieniem orzeczenia s\u0105du.<\/p>\n<p>Spieszymy poinformowa\u0107, \u017ce Reduta Dobrego Imienia zapozna\u0142a si\u0119 z tre\u015bci\u0105 pisemnego uzasadnienia wyroku, w kt\u00f3rym to s\u0105d wskaza\u0142 min.<span>\u00a0<\/span><strong><em>\u201eSamo prawo do wolno\u015bci naukowej, w tym prowadzenia bada\u0144 historycznych oraz publikacji jej wynik\u00f3w podlega ochronie prawnej, niemniej jednak ochrona ta nie obejmuje takich wypowiedzi, kt\u00f3re nie poddaj\u0105 si\u0119 regule rzetelno\u015bci.\u201d<\/em><\/strong><\/p>\n<p>W uzasadnieniu s\u0105d podj\u0105\u0142 kwesti\u0119 naruszenia przez pozwanych d\u00f3br osobistych, wskazuj\u0105c<span>\u00a0<\/span><strong><em>\u201eW ocenie S\u0105du zarzucenie, \u017ce nie\u017cyj\u0105ca osoba jest wsp\u00f3\u0142wina \u015bmierci kilkudziesi\u0119ciu innych ludzi, jak r\u00f3wnie\u017c, \u017ce okrad\u0142a osob\u0119 znajduj\u0105c\u0105 si\u0119 w trudnej sytuacji, o ile nie znajduje pokrycia w faktach, jest dzia\u0142aniem naruszaj\u0105cym dobra osobiste.<\/em><\/strong><\/p>\n<p><strong><em>W ocenie S\u0105du pozwani, wbrew ci\u0105\u017c\u0105cemu na nich obowi\u0105zkowi dowodzenia, nie wykazali, \u017ce ich dzia\u0142anie, naruszaj\u0105ce pami\u0119\u0107 o zmar\u0142ym Edwardzie Malinowskim nie nosi znamion bezprawno\u015bci\u201d.<\/em><\/strong><\/p>\n<p><em>(\u2026)<span>\u00a0<\/span><strong>Z orzecznictwa ETPC wynika, \u017ce autorzy publikacji ksi\u0105\u017ckowych nie s\u0105 zwolnieni ze stosowania wobec nich ogranicze\u0144 zapisanych w ust. 2 art. 10 Konwencji. Od jednostki bior\u0105cej udzia\u0142 w debacie publicznej troski wymaga si\u0119, aby nie przekroczy\u0142a pewnych granic \u2013 w szczeg\u00f3lno\u015bci poszanowania dobrego imienia i praw innych<\/strong><span>\u00a0<\/span>( \u2026)<\/em><\/p>\n<p><strong><em>\u201ePozwani, publikuj\u0105c przedmiotow\u0105 ksi\u0105\u017ck\u0119, kt\u00f3rej niew\u0105tpliwie przy\u015bwieca\u0142 szczytny cel, nie mog\u0105 zosta\u0107 zwolnieni z zachowania zasad nale\u017cytej staranno\u015bci przy podawaniu informacji o innych osobach, nawet w sytuacji, gdy pomy\u0142ka ta dotyczy opisu zachowania stryja pow\u00f3dki wobec \u017byd\u00f3w, zajmuj\u0105cego kilka linijek<\/em><\/strong><em>.\u201d<\/em><\/p>\n<p><strong><em>\u201eSugestywne, a przy tym nie\u015bcis\u0142e, by\u0142o po\u0142\u0105czenie, za pomoc\u0105 sp\u00f3jnika \u201ei\u201d, cz\u0119\u015bci zdania dotycz\u0105cego wsp\u00f3\u0142winy Edwarda Malinowskiego \u015bmierci kilkudziesi\u0119ciu \u017byd\u00f3w, kt\u00f3rzy ukrywali si\u0119 w lesie<span>\u00a0<\/span><u>i<\/u><span>\u00a0<\/span>zostali wydani Niemcom. Wskazane koniunkcyjne po\u0142\u0105czenie S\u0105d uzna\u0142 za sugeruj\u0105ce, i\u017c wsp\u00f3\u0142wina Edwarda Malinowskiego dotyczy r\u00f3wnie\u017c denuncjacji \u017byd\u00f3w\u201d.<\/em><\/strong><\/p>\n<p><em>\u00a0<\/em>Warto przypomnie\u0107, \u017ce pozwani podnosili zarzut, \u017ce sprawa z pozwu Filomeny Leszczy\u0144skiej, jest jakoby wykorzystywana do odwetu za spraw\u0119, kt\u00f3r\u0105 RDI wytoczy\u0142 Jan Grabowski.<\/p>\n<p>S\u0105d w uzasadnieniu r\u00f3wnie\u017c odni\u00f3s\u0142 si\u0119 do tego zarzutu, wskazuj\u0105c<em><span>\u00a0<\/span><strong>\u201ePodnoszony zarzut, jakoby Maciej \u015awirski wykorzystywa\u0142 niniejsz\u0105 spraw\u0119 jako pr\u00f3b\u0119 odwetu za spraw\u0119 s\u0105dow\u0105 wytoczon\u0105 mu przez Jana Grabowskiego nale\u017cy uzna\u0107 za bezzasadny.\u201d<\/strong><\/em><strong>, dalej czytamy<span>\u00a0<\/span><em>\u201ePow\u00f3dka, w toku sk\u0142adanych zezna\u0144 wskaza\u0142a, \u017ce poprosi\u0142a Macieja \u015awirskiego, aby pom\u00f3g\u0142 jej walczy\u0107 o dobre imi\u0119 stryja. Okoliczno\u015b\u0107 t\u0119 potwierdzi\u0142 r\u00f3wnie\u017c \u015bwiadek w sk\u0142adanych zeznaniach\u201d.<\/em><\/strong><\/p>\n<p><em>\u00a0<\/em>Przypomnijmy:<\/p>\n<p>W dniu 9 lutego br. przed S\u0105dem Okr\u0119gowym w Warszawie zapad\u0142 wyrok w sprawie z pozwu Pani Filomeny Leszczy\u0144skiej, kt\u00f3ra domaga\u0142a si\u0119 od Barbary Engelking i Jana Grabowskiego przeproszenia oraz zado\u015b\u0107uczynienia za nazwanie jej stryja \u015bp. Edwarda Malinowskiego z\u0142odziejem i wsp\u00f3\u0142winnym \u015bmierci \u017byd\u00f3w. S\u0105d nakaza\u0142 profesorom Engelking i Grabowskiemu przeprosi\u0107 Filomen\u0119 Leszczy\u0144sk\u0105, bratanic\u0119 Edwarda Malinowskiego, w czasie wojny so\u0142tysa wsi Malinowo na Podlasiu, za nie\u015bcis\u0142e informacje zamieszczone w ksi\u0105\u017cce. Jednocze\u015bnie oddalono \u017c\u0105danie zado\u015b\u0107uczynienia.<\/p>\n<p>O samej sprawie s\u0105dowej informowali\u015bmy Pa\u0144stwa wielokrotnie. Przypomn\u0119 zatem pokr\u00f3tce, \u017ce \u015bp. Edward Malinowski zosta\u0142 opisany w ksi\u0105\u017cce \u201eDalej jest noc\u201d jako wsp\u00f3\u0142winny zab\u00f3jstwa \u017byd\u00f3w podczas II wojny \u015bwiatowej. Prof. Barbara Engelking jest autork\u0105 rozdzia\u0142u, w kt\u00f3rym taka, naszym zdaniem, fa\u0142szywa informacja si\u0119 znajduje oraz jest tak\u017ce redaktork\u0105 ca\u0142ej ksi\u0105\u017cki, razem z prof. Janem Grabowskim jej redaktorem naukowym. Odby\u0142y si\u0119 cztery rozprawy, przes\u0142uchano wszystkich \u015bwiadk\u00f3w oraz stron\u0119 powodow\u0105 tj. p. Filomen\u0119 Leszczy\u0144sk\u0105. Autorzy ww. publikacji zaprezentowali \u2013 zdaniem p. Filomeny Leszczy\u0144skiej \u2013 fa\u0142szywe informacje na temat jednego z polskich bohater\u00f3w \u2013 Edwarda Malinowskiego, kt\u00f3ry ukrywa\u0142 \u017byd\u00f3w, a Barbara Engelking i Jan Grabowski w swojej ksi\u0105\u017cce nazwali go wsp\u00f3\u0142winnym \u015bmierci \u017byd\u00f3w.<\/p>\n<p>W 2019 roku Pani Filomena Leszczy\u0144ska zwr\u00f3ci\u0142a si\u0119 do Reduty Dobrego Imienia o wsparcie, a fundacja przeprowadzi\u0142a badania \u017ar\u00f3d\u0142owe oraz finansowa\u0142a pomoc prawn\u0105 i ponosi\u0142a koszty s\u0105dowe tego procesu.<\/p>\n<p>Niezmiernie wa\u017cn\u0105 kwesti\u0105 w przebiegu procesu by\u0142y zeznania z\u0142o\u017cone przez prof. Engelking, kt\u00f3ra przyzna\u0142a si\u0119 do pomy\u0142ki i o\u015bwiadczy\u0142a, \u017ce pomyli\u0142a kilku Malinowskich, bo \u201enie spodziewa\u0142a si\u0119, \u017ce we wsi Malinowo mo\u017ce by\u0107 wi\u0119cej os\u00f3b o nazwisku Malinowski\u201d.<\/p>\n<p>Natomiast prof. Grabowski o\u015bwiadczy\u0142 przed s\u0105dem, \u017ce nie widzia\u0142 dokument\u00f3w tej sprawy, bo \u201enie taka jest rola redaktora naukowego\u201d oraz, \u017ce ksi\u0105\u017cka nie ma recenzji wydawniczych, poniewa\u017c \u201eto jest polski obyczaj, a on ma wystarczaj\u0105ce do\u015bwiadczenie i wiedz\u0119 i takie recenzje s\u0105 niepotrzebne\u201d.<\/p>\n<p>Przy tej okazji warto podkre\u015bli\u0107, \u017ce w \u015bwietle przepis\u00f3w prawnych ka\u017cdy obywatel Rzeczypospolitej Polskiej\u00a0 ma zagwarantowan\u0105 mo\u017cliwo\u015b\u0107 wyst\u0105pienia do s\u0105du powszechnego, by\u00a0 dochodzi\u0107 swoich racji.<\/p>\n<p>Zgodnie z wyja\u015bnieniami mecenas Moniki Brzozowskiej \u2013 Pasieka\u00a0 proces by\u0142 prowadzony z pow\u00f3dztwa cywilnego w sprawie znies\u0142awienia pami\u0119ci o zmar\u0142ej osobie w oparciu o kodeks cywilny.<\/p>\n<p>W\u00a0 ocenie Pani Filomeny Leszczy\u0144skiej, we fragmencie ksi\u0105\u017cki dotycz\u0105cym E. Malinowskiego, profesorowie Engelking i Grabowski\u00a0 nie dochowali szczeg\u00f3lnej rzetelno\u015bci i staranno\u015bci.<\/p>\n<p>W efekcie bohaterski so\u0142tys z czas\u00f3w II wojny \u015bwiatowej Edward Malinowski, kilkadziesi\u0105t\u00a0 lat po \u015bmierci, zosta\u0142 wsp\u00f3\u0142winnym \u015bmierci \u017byd\u00f3w, a przecie\u017c w 1950 r. zosta\u0142 z tego zarzutu s\u0105downie uniewinniony, tak\u017ce dzi\u0119ki trzem ocala\u0142ym \u017bydom, kt\u00f3rzy po\u015bwiadczyli, \u017ce ich chroni\u0142 i im pomaga\u0142Pragn\u0119 zwr\u00f3ci\u0107 Pa\u0144stwa uwag\u0119 na fakt, \u017ce sprawa ta wywo\u0142a\u0142a lawin\u0119 komentarzy medi\u00f3w \u015bwiatowych, kt\u00f3re\u00a0 przeprowadzi\u0142y bezpardonowy atak na Redut\u0119 Dobrego Imienia. Te media, po raz kolejny dopu\u015bci\u0142y si\u0119 w swoich publikacjach nadu\u017cy\u0107 i manipulacji. W akcji przeciwko nam tym razem uczestniczy\u0142y m.in. renomowane agencje \u015bwiatowe m.in. ameryka\u0144ska Associated Press i Agence France Presse. Niestety ich dziennikarze i tym razem nie skontaktowali si\u0119 z RDI, by przedstawi\u0107 tak\u017ce nasze zdanie w tej sprawie.<\/p>\n<p>Dlatego czuje si\u0119 w obowi\u0105zku wyja\u015bni\u0107 Pa\u0144stwu, \u017ce Reduta Dobrego Imienia nie jest stron\u0105 w procesie przeciwko prof. Barbarze Engelking i prof. Janowi Grabowskiemu. Fundacja RDI wspiera s\u0119dziw\u0105 pani\u0105 Filomen\u0119 Leszczy\u0144sk\u0105 udzielaj\u0105c niezb\u0119dnej pomocy prawnej tak\u017ce ponosz\u0105c koszty tej sprawy (adwokackie i s\u0105dowe, administracyjne, koszty opinii bieg\u0142ych i historyk\u00f3w).<\/p>\n<p>W \u015blad za pom\u00f3wieniami\u00a0 ze strony medi\u00f3w z ca\u0142\u0105 stanowczo\u015bci\u0105 podkre\u015blam i informuje, \u017ce Reduta Dobrego Imienia nie jest organizacj\u0105 pa\u0144stwow\u0105 i nie jest utrzymywana ze \u017ar\u00f3de\u0142 bud\u017cetu pa\u0144stwa.<\/p>\n<p>Nadmieniam r\u00f3wnie\u017c, \u017ce ww. sprawa s\u0105dowa nie ma oparcia w prawie nazywanym w \u015bwiecie Holocaust Law, czyli ustawie o IPN, jak mylnie podawane jest to w rozmaitych informacjach i o\u015bwiadczeniach, ale ma oparcie w art. 23,24 Kodeksu Cywilnego. Pani Filomena Leszczy\u0144ska jak ka\u017cdy obywatel mo\u017ce dochodzi\u0107 swoich racji przed s\u0105dem powszechnym.<\/p>\n<p>Jako historyk jestem zwolennikiem wolno\u015bci i niezale\u017cno\u015bci bada\u0144 naukowych. Jest to jedna z fundamentalnych wolno\u015bci obywatelskich. Jednak badania te musz\u0105 by\u0107 prowadzone w spos\u00f3b rzetelny i z zachowaniem standard\u00f3w badawczych. W ocenie Pani Filomeny Leszczy\u0144skiej (strony powodowej) B. Engelking i J. Grabowski pomin\u0119li istotne \u017ar\u00f3d\u0142a \u2013 zeznania \u015bwiadk\u00f3w naocznych, kt\u00f3rzy dowodzili przed s\u0105dem niewinno\u015bci Edwarda Malinowskiego, przez co s\u0105d go uwolni\u0142.<\/p>\n<p>To w\u0142a\u015bnie na skutek tych b\u0142\u0119d\u00f3w metodologicznych Filomena Leszczy\u0144ska uzna\u0142a, \u017ce jej dobra osobiste zosta\u0142y naruszone.<\/p>\n<p>Podkre\u015blam, \u017ce w\u00a0 tym procesie chodzi\u0142o wy\u0142\u0105cznie o prawo czci przodk\u00f3w i zagwarantowanie d\u00f3br osobistych pow\u00f3dki pani Filomeny Leszczy\u0144skiej. Interpretowanie tej sprawy jako pr\u00f3b\u0119 ograniczenia wolno\u015bci bada\u0144 naukowych jest nadu\u017cyciem. Wr\u0119cz przeciwnie \u2013 chodzi o to, \u017ceby badania naukowe by\u0142y prowadzone rzetelnie.<\/p>\n<p>Wszystkich Pa\u0144stwa, kt\u00f3rzy chc\u0105 zapozna\u0107 si\u0119 ze szczeg\u00f3\u0142ami dotycz\u0105cymi sprawy, zach\u0119cam do skorzystania ze stron:<\/p>\n<p><a href=\"http:\/\/www.bronimymalinowskiego.org\/\">www.bronimymalinowskiego.org<\/a><\/p>\n<p><a href=\"http:\/\/www.defendingedwardmalinowski.org\/\">www.defendingedwardmalinowski.org<\/a>.<\/p>\n<p>Uprzejmie dzi\u0119kuj\u0119 za dotychczasowe wsparcie naszej dzia\u0142alno\u015bci i prosz\u0119 o jej kontynuowanie.<\/p>\n<p>Z wyrazami szacunku,<\/p>\n<p><span>Zesp\u00f3\u0142 Reduty Dobrego Imienia<\/span><\/p>\n<p><strong><a target=\"_blank\" class=\"c-link\" data-stringify-link=\"mailto:kontakt@rdi.org.pl\" delay=\"150\" data-sk=\"tooltip_parent\" aria-haspopup=\"menu\" aria-expanded=\"false\" href=\"mailto:kontakt@rdi.org.pl\" rel=\"noopener noreferrer\">kontakt@rdi.org.pl<span aria-label=\"(opens in new tab)\"><\/span><\/a><\/strong><\/p>\n<p><strong><a target=\"_blank\" class=\"c-link\" data-stringify-link=\"tel:+48224142611\" delay=\"150\" data-sk=\"tooltip_parent\" href=\"tel:+48224142611\" rel=\"noopener noreferrer\">+48 22 414 26 11<\/a><\/strong><\/p>\n<p>[\/et_pb_accordion_item][\/et_pb_accordion][et_pb_audio audio=&#8221;https:\/\/rdi.org.pl\/wp-content\/uploads\/2021\/08\/Ogloszenie-Wyroku-Babcia-Filomena-Vs-Engelking-i-Grabowski.mp3&#8243; title=&#8221;Zapraszamy do wys\u0142uchania og\u0142oszenia wyroku razem z uzasadnieniem ustnym:&#8221; _builder_version=&#8221;4.20.2&#8243; _module_preset=&#8221;default&#8221; background_color=&#8221;#B3B3B3&#8243; background_size=&#8221;contain&#8221; width=&#8221;78%&#8221; max_width=&#8221;100%&#8221; module_alignment=&#8221;center&#8221; min_height=&#8221;183px&#8221; height=&#8221;154px&#8221; max_height=&#8221;702px&#8221; global_colors_info=&#8221;{}&#8221; theme_builder_area=&#8221;post_content&#8221;][\/et_pb_audio][\/et_pb_column][\/et_pb_row][\/et_pb_section]<\/p>\n","protected":false},"excerpt":{"rendered":"<p>Posted on October 10,\u00a0 2021 It is with pain that we announce the passing of Mrs Filomena Leszczy\u0144ska to the Father&#8217;s House on 8 October 2021 at the age of 81. A witness to history, a relentless fighter for the truth. Please pray for the soul of this extraordinary person. Polish League Against Defamation Napisano [&hellip;]<\/p>\n","protected":false},"author":8,"featured_media":8365,"comment_status":"open","ping_status":"open","sticky":false,"template":"","format":"standard","meta":{"_et_pb_use_builder":"on","_et_pb_old_content":"","_et_gb_content_width":"","sfsi_plus_gutenberg_text_before_share":"","sfsi_plus_gutenberg_show_text_before_share":"","sfsi_plus_gutenberg_icon_type":"","sfsi_plus_gutenberg_icon_alignemt":"","sfsi_plus_gutenburg_max_per_row":"","footnotes":""},"categories":[51],"tags":[],"class_list":["post-469714","post","type-post","status-publish","format-standard","has-post-thumbnail","hentry","category-wyroki-prawomocne"],"_links":{"self":[{"href":"https:\/\/rdi.org.pl\/english\/wp-json\/wp\/v2\/posts\/469714","targetHints":{"allow":["GET"]}}],"collection":[{"href":"https:\/\/rdi.org.pl\/english\/wp-json\/wp\/v2\/posts"}],"about":[{"href":"https:\/\/rdi.org.pl\/english\/wp-json\/wp\/v2\/types\/post"}],"author":[{"embeddable":true,"href":"https:\/\/rdi.org.pl\/english\/wp-json\/wp\/v2\/users\/8"}],"replies":[{"embeddable":true,"href":"https:\/\/rdi.org.pl\/english\/wp-json\/wp\/v2\/comments?post=469714"}],"version-history":[{"count":4,"href":"https:\/\/rdi.org.pl\/english\/wp-json\/wp\/v2\/posts\/469714\/revisions"}],"predecessor-version":[{"id":472519,"href":"https:\/\/rdi.org.pl\/english\/wp-json\/wp\/v2\/posts\/469714\/revisions\/472519"}],"wp:featuredmedia":[{"embeddable":true,"href":"https:\/\/rdi.org.pl\/english\/wp-json\/wp\/v2\/media\/8365"}],"wp:attachment":[{"href":"https:\/\/rdi.org.pl\/english\/wp-json\/wp\/v2\/media?parent=469714"}],"wp:term":[{"taxonomy":"category","embeddable":true,"href":"https:\/\/rdi.org.pl\/english\/wp-json\/wp\/v2\/categories?post=469714"},{"taxonomy":"post_tag","embeddable":true,"href":"https:\/\/rdi.org.pl\/english\/wp-json\/wp\/v2\/tags?post=469714"}],"curies":[{"name":"wp","href":"https:\/\/api.w.org\/{rel}","templated":true}]}}