{"id":470885,"date":"2015-11-14T23:51:06","date_gmt":"2015-11-14T23:51:06","guid":{"rendered":"http:\/\/www.anti-defamation.pl\/english\/?p=78"},"modified":"2015-11-14T23:51:06","modified_gmt":"2015-11-14T23:51:06","slug":"koncert-niepodleglosciowy-21-listopada-2015","status":"publish","type":"post","link":"https:\/\/rdi.org.pl\/english\/koncert-niepodleglosciowy-21-listopada-2015\/","title":{"rendered":"Koncert niepodleg\u0142o\u015bciowy 21. listopada 2015"},"content":{"rendered":"<p><img loading=\"lazy\" decoding=\"async\" class=\"aligncenter size-full wp-image-79\" src=\"http:\/\/www.anti-defamation.pl\/english\/wp-content\/uploads\/2015\/11\/OKRET-RP_RDI.png\" alt=\"OKRET RP_RDI\" width=\"484\" height=\"739\" srcset=\"https:\/\/rdi.org.pl\/english\/wp-content\/uploads\/2015\/11\/OKRET-RP_RDI.png 484w, https:\/\/rdi.org.pl\/english\/wp-content\/uploads\/2015\/11\/OKRET-RP_RDI-196x300.png 196w, https:\/\/rdi.org.pl\/english\/wp-content\/uploads\/2015\/11\/OKRET-RP_RDI-480x733.png 480w\" sizes=\"auto, (max-width: 484px) 100vw, 484px\" \/><\/p>\n<p>Zapraszamy na koncert niepodleg\u0142o\u015bciowy w dniu 21. listopada 2015 w dolym ko\u015bciele Bazyliki \u015aw. Krzy\u017ca w Warszawie na Krakowskim Przedmie\u015bciu.<\/p>\n<p>Wyst\u0105pi\u0105:<\/p>\n<p>Ryszard Makowski g. 16<\/p>\n<p>Pawe\u0142 Piekarczyk g. 17.30<\/p>\n<p>Jacek Kowalski g. 19<\/p>\n<p>Na miejscu b\u0119d\u0105 do nabycia p\u0142yty artyst\u00f3w a tak\u017ce b\u0119dzie mo\u017cna podpisac petycj\u0119 do Sejmu RP w sprawie jak najszybszego uchwalenia ustawy w sprawie penalizacji sformu\u0142owania \u201epolskie obozy koncentracyjne\u201d.<\/p>\n<p>Organizatorem koncertu jest Reduta Dobrego Imienia.<\/p>\n<p>Wst\u0119p wolny.<\/p>\n<p>Serdecznie zapraszamy!.<\/p>\n","protected":false},"excerpt":{"rendered":"<p>Zapraszamy na koncert niepodleg\u0142o\u015bciowy w dniu 21. listopada 2015 w dolym ko\u015bciele Bazyliki \u015aw. Krzy\u017ca w Warszawie na Krakowskim Przedmie\u015bciu. Wyst\u0105pi\u0105: Ryszard Makowski g. 16 Pawe\u0142 Piekarczyk g. 17.30 Jacek Kowalski g. 19 Na miejscu b\u0119d\u0105 do nabycia p\u0142yty artyst\u00f3w a tak\u017ce b\u0119dzie mo\u017cna podpisac petycj\u0119 do Sejmu RP w sprawie jak najszybszego uchwalenia ustawy [&hellip;]<\/p>\n","protected":false},"author":3,"featured_media":471295,"comment_status":"open","ping_status":"open","sticky":false,"template":"","format":"standard","meta":{"_et_pb_use_builder":"","_et_pb_old_content":"","_et_gb_content_width":"","sfsi_plus_gutenberg_text_before_share":"","sfsi_plus_gutenberg_show_text_before_share":"","sfsi_plus_gutenberg_icon_type":"","sfsi_plus_gutenberg_icon_alignemt":"","sfsi_plus_gutenburg_max_per_row":"","footnotes":""},"categories":[41],"tags":[],"class_list":["post-470885","post","type-post","status-publish","format-standard","has-post-thumbnail","hentry","category-koncerty"],"_links":{"self":[{"href":"https:\/\/rdi.org.pl\/english\/wp-json\/wp\/v2\/posts\/470885","targetHints":{"allow":["GET"]}}],"collection":[{"href":"https:\/\/rdi.org.pl\/english\/wp-json\/wp\/v2\/posts"}],"about":[{"href":"https:\/\/rdi.org.pl\/english\/wp-json\/wp\/v2\/types\/post"}],"author":[{"embeddable":true,"href":"https:\/\/rdi.org.pl\/english\/wp-json\/wp\/v2\/users\/3"}],"replies":[{"embeddable":true,"href":"https:\/\/rdi.org.pl\/english\/wp-json\/wp\/v2\/comments?post=470885"}],"version-history":[{"count":0,"href":"https:\/\/rdi.org.pl\/english\/wp-json\/wp\/v2\/posts\/470885\/revisions"}],"wp:featuredmedia":[{"embeddable":true,"href":"https:\/\/rdi.org.pl\/english\/wp-json\/wp\/v2\/media\/471295"}],"wp:attachment":[{"href":"https:\/\/rdi.org.pl\/english\/wp-json\/wp\/v2\/media?parent=470885"}],"wp:term":[{"taxonomy":"category","embeddable":true,"href":"https:\/\/rdi.org.pl\/english\/wp-json\/wp\/v2\/categories?post=470885"},{"taxonomy":"post_tag","embeddable":true,"href":"https:\/\/rdi.org.pl\/english\/wp-json\/wp\/v2\/tags?post=470885"}],"curies":[{"name":"wp","href":"https:\/\/api.w.org\/{rel}","templated":true}]}}