{"id":470889,"date":"2015-12-23T10:50:29","date_gmt":"2015-12-23T10:50:29","guid":{"rendered":"http:\/\/www.anti-defamation.pl\/english\/?p=137"},"modified":"2015-12-23T10:50:29","modified_gmt":"2015-12-23T10:50:29","slug":"zyczenia-swiateczne-i-sprawy-jozia-przetrzymywanego-w-norwegii-c-d","status":"publish","type":"post","link":"https:\/\/rdi.org.pl\/english\/zyczenia-swiateczne-i-sprawy-jozia-przetrzymywanego-w-norwegii-c-d\/","title":{"rendered":"\u017byczenia \u015awiateczne i sprawy J\u00f3zia przetrzymywanego w Norwegii c.d."},"content":{"rendered":"<p style=\"text-align: justify;\"><img loading=\"lazy\" decoding=\"async\" class=\"alignnone wp-image-138 size-full\" src=\"http:\/\/www.anti-defamation.pl\/english\/wp-content\/uploads\/2015\/12\/RDISzopka-RDIBC.jpg\" alt=\"RDISzopka RDIBC\" width=\"1200\" height=\"785\" srcset=\"https:\/\/rdi.org.pl\/english\/wp-content\/uploads\/2015\/12\/RDISzopka-RDIBC.jpg 1200w, https:\/\/rdi.org.pl\/english\/wp-content\/uploads\/2015\/12\/RDISzopka-RDIBC-300x196.jpg 300w, https:\/\/rdi.org.pl\/english\/wp-content\/uploads\/2015\/12\/RDISzopka-RDIBC-1024x670.jpg 1024w, https:\/\/rdi.org.pl\/english\/wp-content\/uploads\/2015\/12\/RDISzopka-RDIBC-768x502.jpg 768w, https:\/\/rdi.org.pl\/english\/wp-content\/uploads\/2015\/12\/RDISzopka-RDIBC-1080x707.jpg 1080w, https:\/\/rdi.org.pl\/english\/wp-content\/uploads\/2015\/12\/RDISzopka-RDIBC-980x641.jpg 980w, https:\/\/rdi.org.pl\/english\/wp-content\/uploads\/2015\/12\/RDISzopka-RDIBC-480x314.jpg 480w\" sizes=\"auto, (max-width: 1200px) 100vw, 1200px\" \/><\/p>\n<h2><b>Podnie\u015b r\u0119k\u0119 Bo\u017ce Dzieci\u0119&#8230;<\/b><\/h2>\n<p>&#8230;b\u0142ogos\u0142aw Ojczyzn\u0119 mi\u0142\u0105<\/p>\n<p>w dobrych radach dobrym bycie,<\/p>\n<p>wspieraj jej si\u0142\u0119 Sw\u0105 si\u0142\u0105\u2026<\/p>\n<p>\u015awi\u0119to Bo\u017cego Narodzenia to czas otuchy i nadziei.\u00a0Czas odradzania si\u0119 wiary w si\u0142\u0119 Chrystusa i w si\u0142\u0119 cz\u0142owieka.<\/p>\n<p style=\"text-align: justify;\">Niech te szczeg\u00f3lne chwile przynios\u0105 wszystkim Polakom, a w szczeg\u00f3lno\u015bci wolontariuszom i sympatykom Reduty Dobrego Imienia g\u0142\u0119bokie do\u015bwiadczenie obecno\u015bci Boga.<\/p>\n<p style=\"text-align: justify;\">\u017byczy Zesp\u00f3\u0142 Reduty Dobrego Imienia<\/p>\n<h2 style=\"text-align: justify;\"><b>Reduta pomaga babci J\u00f3zia wys\u0142a\u0107 poczt\u0105 dyplomatyczn\u0105 prezent dla wnuka<\/b><\/h2>\n<p style=\"text-align: justify;\">Dzi\u0119ki pomocy Reduty Dobrego Imienia pani Teresa Skr\u0119towska, babcia przetrzymywanego w norweskim sieroci\u0144cu J\u00f3zia przekaza\u0142a na r\u0119ce sekretarza ambasady Norwegii w Warszawie prezent na \u015bwi\u0119ta Bo\u017cego Narodzenia dla jedynego wnuka. Babcia mo\u017ce go odwiedza\u0107 jedynie dwa razy w roku przez cztery godziny w obecno\u015bci urz\u0119dnika lub opiekuna, i tylko podczas takich spotka\u0144 przekazywa\u0107 upominki.<\/p>\n<p style=\"text-align: justify;\">Do prezentu, polskich s\u0142odyczy i klock\u00f3w lego do\u0142\u0105czono kartki \u015bwi\u0105teczne od wielu znanych przedstawicieli \u015bwiata kultury i Ko\u015bcio\u0142a, kt\u00f3rzy \u017cyczyli J\u00f3ziowi szybkiego powrotu do Polski. Zanim jednak prezent zosta\u0142 przyj\u0119ty, przedstawiciele ambasady za\u017c\u0105dali jego otwarcia i ogl\u0119dzin. Po zweryfikowaniu zawarto\u015bci podpisano protok\u00f3\u0142 przekazania. Na wyra\u017an\u0105 pro\u015bb\u0119 Macieja \u015awirskiego, prezesa Reduty Dobrego Imienia paczka zostanie wys\u0142ana do norweskiego sieroci\u0144ca poczt\u0105 dyplomatyczn\u0105.<\/p>\n<p style=\"text-align: justify;\">Od czterech lat, czyli od \u015bmierci swojej c\u00f3rki (a matki dziecka) pani Teresa bezskutecznie walczy o uwolnienie niepe\u0142nosprawnego J\u00f3zia z r\u0105k norweskich urz\u0119dnik\u00f3w i \u201eopiekun\u00f3w\u201d. Pod petycj\u0105 Reduty Dobrego Imienia w sprawie uwolnienia J\u00f3zia oraz co najmniej 100 polskich dzieci przemoc\u0105 zabranych rodzinom przez Barnevernet (urz\u0105d ochrony dzieci) podpisa\u0142o si\u0119 ju\u017c blisko 40 tys. os\u00f3b, w tym przedstawiciele norweskich organizacji pozarz\u0105dowych. Dzieci zabrane przez Barnevernet pozbawiane s\u0105 kontaktu z ojczystym j\u0119zykiem, kultur\u0105 i wiar\u0105, co prowadzi do wynarodowienia i stoi w sprzeczno\u015bci z prawem mi\u0119dzynarodowym w tym m.in. Konwencj\u0105 Praw Dziecka.<\/p>\n<p style=\"text-align: justify;\">Kilka miesi\u0119cy temu wygas\u0142a wa\u017cno\u015b\u0107 paszportu J\u00f3zia, co zaskoczonym norweskim urz\u0119dnikom zg\u0142osi\u0142 polski konsul. W tym czasie ch\u0142opiec by\u0142 co najmniej dwa razy wywieziony poza granice Norwegii. Powody tych podr\u00f3\u017cy s\u0105 nieznane. Tymczasem Barnevernet zamiast pozwoli\u0107 konsulowi na wyrobienie nowego paszportu, nak\u0142ania ojca dziecka do podpisania dokument\u00f3w przyznaj\u0105cych J\u00f3ziowi norweskie obywatelstwo. Do tej decyzji ma go przekona\u0107 odszkodowanie wysoko\u015bci ok. 300 tys. z\u0142 jakie przys\u0142uguje J\u00f3ziowi po \u015bmierci matki.<\/p>\n<p style=\"text-align: justify;\">Przypomnijmy, \u017ce po wyczerpaniu wszelkich mo\u017cliwo\u015bci prawnych w Norwegii, pani Teresa skierowa\u0142a spraw\u0119 do Europejskiego Trybuna\u0142u Praw Cz\u0142owieka w Strasburgu.Petycj\u0119 w sprawie J\u00f3zia mo\u017cna podpisywa\u0107 na stronach Reduty Dobrego Imienia <a href=\"http:\/\/mail.exciting-news.pl\/c\/e7zw2v18mi\/sgo8gj3oul\/\">www.rdi.org.pl<\/a><\/p>\n<p style=\"text-align: justify;\"><img loading=\"lazy\" decoding=\"async\" class=\"aligncenter wp-image-143 size-full\" src=\"http:\/\/www.anti-defamation.pl\/english\/wp-content\/uploads\/2015\/12\/zdj\u0119cie-z-ambasady.jpg\" alt=\"zdj\u0119cie z ambasady\" width=\"3104\" height=\"1746\" \/><\/p>\n<p style=\"text-align: justify;\">Pani Teresa Skr\u0119towska, babcia J\u00f3zia i prezes Reduty, Maciej \u015awirski w pomieszczeniu konsularnym Ambasady Norwegii w Warszawie<\/p>\n","protected":false},"excerpt":{"rendered":"<p>Podnie\u015b r\u0119k\u0119 Bo\u017ce Dzieci\u0119&#8230; &#8230;b\u0142ogos\u0142aw Ojczyzn\u0119 mi\u0142\u0105 w dobrych radach dobrym bycie, wspieraj jej si\u0142\u0119 Sw\u0105 si\u0142\u0105\u2026 \u015awi\u0119to Bo\u017cego Narodzenia to czas otuchy i nadziei.\u00a0Czas odradzania si\u0119 wiary w si\u0142\u0119 Chrystusa i w si\u0142\u0119 cz\u0142owieka. Niech te szczeg\u00f3lne chwile przynios\u0105 wszystkim Polakom, a w szczeg\u00f3lno\u015bci wolontariuszom i sympatykom Reduty Dobrego Imienia g\u0142\u0119bokie do\u015bwiadczenie obecno\u015bci Boga. [&hellip;]<\/p>\n","protected":false},"author":3,"featured_media":471295,"comment_status":"open","ping_status":"open","sticky":false,"template":"","format":"standard","meta":{"_et_pb_use_builder":"","_et_pb_old_content":"","_et_gb_content_width":"","sfsi_plus_gutenberg_text_before_share":"","sfsi_plus_gutenberg_show_text_before_share":"","sfsi_plus_gutenberg_icon_type":"","sfsi_plus_gutenberg_icon_alignemt":"","sfsi_plus_gutenburg_max_per_row":"","footnotes":""},"categories":[39],"tags":[],"class_list":["post-470889","post","type-post","status-publish","format-standard","has-post-thumbnail","hentry","category-aktualnosci"],"_links":{"self":[{"href":"https:\/\/rdi.org.pl\/english\/wp-json\/wp\/v2\/posts\/470889","targetHints":{"allow":["GET"]}}],"collection":[{"href":"https:\/\/rdi.org.pl\/english\/wp-json\/wp\/v2\/posts"}],"about":[{"href":"https:\/\/rdi.org.pl\/english\/wp-json\/wp\/v2\/types\/post"}],"author":[{"embeddable":true,"href":"https:\/\/rdi.org.pl\/english\/wp-json\/wp\/v2\/users\/3"}],"replies":[{"embeddable":true,"href":"https:\/\/rdi.org.pl\/english\/wp-json\/wp\/v2\/comments?post=470889"}],"version-history":[{"count":0,"href":"https:\/\/rdi.org.pl\/english\/wp-json\/wp\/v2\/posts\/470889\/revisions"}],"wp:featuredmedia":[{"embeddable":true,"href":"https:\/\/rdi.org.pl\/english\/wp-json\/wp\/v2\/media\/471295"}],"wp:attachment":[{"href":"https:\/\/rdi.org.pl\/english\/wp-json\/wp\/v2\/media?parent=470889"}],"wp:term":[{"taxonomy":"category","embeddable":true,"href":"https:\/\/rdi.org.pl\/english\/wp-json\/wp\/v2\/categories?post=470889"},{"taxonomy":"post_tag","embeddable":true,"href":"https:\/\/rdi.org.pl\/english\/wp-json\/wp\/v2\/tags?post=470889"}],"curies":[{"name":"wp","href":"https:\/\/api.w.org\/{rel}","templated":true}]}}