{"id":470890,"date":"2016-01-21T08:16:25","date_gmt":"2016-01-21T08:16:25","guid":{"rendered":"http:\/\/www.anti-defamation.pl\/english\/?p=174"},"modified":"2016-01-21T08:16:25","modified_gmt":"2016-01-21T08:16:25","slug":"reduta-zaprasza-na-koncert-dzien-powstania-z-okazji-153-rocznicy-powstania-styczniowego","status":"publish","type":"post","link":"https:\/\/rdi.org.pl\/english\/reduta-zaprasza-na-koncert-dzien-powstania-z-okazji-153-rocznicy-powstania-styczniowego\/","title":{"rendered":"Reduta zaprasza na koncert &#8222;Dzie\u0144 Powstania&#8221; z okazji 153 rocznicy Powstania Styczniowego"},"content":{"rendered":"<p style=\"text-align: center;\">Z okazji 153 rocznicy wybuchu Powstania Styczniowego<\/p>\n<p style=\"text-align: center;\">Reduta Dobrego Imienia i Muzeum Kolekcji Jana Paw\u0142a II<\/p>\n<p style=\"text-align: center;\">serdecznie zapraszaj\u0105 do wzi\u0119cia udzia\u0142u w uroczysto\u015bci upami\u0119tniaj\u0105cej niepodleg\u0142o\u015bciowy zryw Polak\u00f3w<\/p>\n<p>23 stycznia od godz. 16.30 w Galerii Porczy\u0144skich, Plac Bankowy 1, Warszawa<br \/>\nW programie uroczysto\u015bci:<\/p>\n<p>&#8222;Pami\u0119tniki z Powstania Styczniowego&#8221; &#8211; Ludomira Grzybowskiego w interpretacji i wykonaniu Piotra Bajora &#8211; g. 16.30<\/p>\n<p>&#8222;Przed noc\u0105 styczniow\u0105&#8221; &#8211; rozmowa Barbary Petrozolin \u2013 Skowro\u0144skiej i Andrzeja Ferenca &#8211; g. 17.15<\/p>\n<p>&#8222;Id\u017amy! Ludzie i pie\u015bni 1863&#8221; &#8211; koncert Jacka Kowalskiego &#8211; g. 18.00<\/p>\n<p>Jacek Kowalski &#8211; \u015bpiew, gitara romantyczna, prowadzenie<br \/>\nAnna \u015aliwa \u2013 skrzypce<br \/>\nHenryk Kasperczak \u2013 gitara romantyczna<\/p>\n<p>Halina \u0141abonarska i Jerzy Zelnik \u2013 recytacja<\/p>\n<p>Wst\u0119p wolny i wskazany!<\/p>\n<p>Serdecznie zapraszamy!<\/p>\n<p><img loading=\"lazy\" decoding=\"async\" class=\"aligncenter size-full wp-image-175\" src=\"http:\/\/www.anti-defamation.pl\/english\/wp-content\/uploads\/2016\/01\/ZAPROSZENIE-RDI.jpg\" alt=\"ZAPROSZENIE RDI\" width=\"662\" height=\"945\" \/><\/p>\n","protected":false},"excerpt":{"rendered":"<p>Z okazji 153 rocznicy wybuchu Powstania Styczniowego Reduta Dobrego Imienia i Muzeum Kolekcji Jana Paw\u0142a II serdecznie zapraszaj\u0105 do wzi\u0119cia udzia\u0142u w uroczysto\u015bci upami\u0119tniaj\u0105cej niepodleg\u0142o\u015bciowy zryw Polak\u00f3w 23 stycznia od godz. 16.30 w Galerii Porczy\u0144skich, Plac Bankowy 1, Warszawa W programie uroczysto\u015bci: &#8222;Pami\u0119tniki z Powstania Styczniowego&#8221; &#8211; Ludomira Grzybowskiego w interpretacji i wykonaniu Piotra Bajora [&hellip;]<\/p>\n","protected":false},"author":3,"featured_media":471295,"comment_status":"open","ping_status":"open","sticky":false,"template":"","format":"standard","meta":{"_et_pb_use_builder":"","_et_pb_old_content":"","_et_gb_content_width":"","sfsi_plus_gutenberg_text_before_share":"","sfsi_plus_gutenberg_show_text_before_share":"","sfsi_plus_gutenberg_icon_type":"","sfsi_plus_gutenberg_icon_alignemt":"","sfsi_plus_gutenburg_max_per_row":"","footnotes":""},"categories":[41],"tags":[],"class_list":["post-470890","post","type-post","status-publish","format-standard","has-post-thumbnail","hentry","category-koncerty"],"_links":{"self":[{"href":"https:\/\/rdi.org.pl\/english\/wp-json\/wp\/v2\/posts\/470890","targetHints":{"allow":["GET"]}}],"collection":[{"href":"https:\/\/rdi.org.pl\/english\/wp-json\/wp\/v2\/posts"}],"about":[{"href":"https:\/\/rdi.org.pl\/english\/wp-json\/wp\/v2\/types\/post"}],"author":[{"embeddable":true,"href":"https:\/\/rdi.org.pl\/english\/wp-json\/wp\/v2\/users\/3"}],"replies":[{"embeddable":true,"href":"https:\/\/rdi.org.pl\/english\/wp-json\/wp\/v2\/comments?post=470890"}],"version-history":[{"count":0,"href":"https:\/\/rdi.org.pl\/english\/wp-json\/wp\/v2\/posts\/470890\/revisions"}],"wp:featuredmedia":[{"embeddable":true,"href":"https:\/\/rdi.org.pl\/english\/wp-json\/wp\/v2\/media\/471295"}],"wp:attachment":[{"href":"https:\/\/rdi.org.pl\/english\/wp-json\/wp\/v2\/media?parent=470890"}],"wp:term":[{"taxonomy":"category","embeddable":true,"href":"https:\/\/rdi.org.pl\/english\/wp-json\/wp\/v2\/categories?post=470890"},{"taxonomy":"post_tag","embeddable":true,"href":"https:\/\/rdi.org.pl\/english\/wp-json\/wp\/v2\/tags?post=470890"}],"curies":[{"name":"wp","href":"https:\/\/api.w.org\/{rel}","templated":true}]}}