{"id":470895,"date":"2016-02-17T22:41:23","date_gmt":"2016-02-17T22:41:23","guid":{"rendered":"http:\/\/www.anti-defamation.pl\/english\/?p=209"},"modified":"2016-02-17T22:41:23","modified_gmt":"2016-02-17T22:41:23","slug":"jest-projekt-ustawy-penalizujacej-uzycie-sformulowania-polskie-obozy-koncentracyjne","status":"publish","type":"post","link":"https:\/\/rdi.org.pl\/english\/jest-projekt-ustawy-penalizujacej-uzycie-sformulowania-polskie-obozy-koncentracyjne\/","title":{"rendered":"Jest projekt ustawy penalizuj\u0105cej u\u017cycie sformu\u0142owania &#8222;polskie obozy koncentracyjne&#8221;"},"content":{"rendered":"<p style=\"text-align: justify;\"><img loading=\"lazy\" decoding=\"async\" class=\" wp-image-210 alignleft\" src=\"http:\/\/www.anti-defamation.pl\/english\/wp-content\/uploads\/2016\/02\/jakiswirskirkonf.jpg\" alt=\"jakiswirskirkonf\" width=\"345\" height=\"253\" \/>W dn, 15.02.2016 odby\u0142a si\u0119 konferencja prasowa w Ministerstwie Sprawiedliwo\u015bci z udzia\u0142em Sekretarza Stanu Patryka Jakiego i Prezesa Reduty Dobrego Imienia Macieja \u015awirskiego.<\/p>\n<p style=\"text-align: justify;\">Konferencja by\u0142a po\u015bwi\u0119cona opracowanemu w\u0142a\u015bnie w MS projektowi ustawy penalizuj\u0105cej u\u017cywanie okre\u015blenia &#8222;polskie obozy koncentracyjne&#8221; i podobne.<\/p>\n<p style=\"text-align: justify;\">Reduta bra\u0142a aktywny udzia\u0142 w konsultacjach przy opracowywaniu tego projektu.<\/p>\n<p style=\"text-align: justify;\">Jeszcze w roku 2013 rozpocz\u0119li\u015bmy zbieranie podpis\u00f3w pod petycj\u0105 do \u00f3wczesnego marsza\u0142ka Sejmu w sprawie uchwalenia takiej ustawy. Podpis\u00f3w tych jest prawie 40 tysi\u0119cy.<\/p>\n<p style=\"text-align: justify;\">Wtedy projekt opracowany przez Prawo i Sprawiedliwo\u015b\u0107 wp\u0142yn\u0105\u0142 wprawdzie do Sejmu, ale utkn\u0105\u0142 do ko\u0144ca kadencji w komisji sejmowej.<\/p>\n<p style=\"text-align: justify;\">Teraz nowe w\u0142adze Ministerstwa Sprawiedliwo\u015bci opracowa\u0142y projekt ustawy, kt\u00f3ra daje narz\u0119dzia do wyst\u0119powania przeciwko oszczercom zar\u00f3wno na drodze karnej (post\u0119powania b\u0119d\u0105 wszczynane z urz\u0119du przez Pion \u015aledczy IPN) jak i na drodze cywilnej &#8211; organizacje spo\u0142eczne maj\u0105ce w celach statutowych ochron\u0119 dobrego imienia Polski b\u0119d\u0105 mog\u0142y pozywa\u0107 oszczerc\u00f3w.<\/p>\n<p style=\"text-align: justify;\">Jest to istotne, poniewa\u017c do tej pory (jak by\u0142o np. w przypadku niemieckiego filmu \u201eNasze matki nasi ojcowie\u201d) musieli\u015bmy przeprowadzi\u0107 ca\u0142\u0105 aran\u017cacj\u0119 prawn\u0105, \u017ceby mo\u017cna by\u0142o pozwa\u0107 tw\u00f3rc\u00f3w tego filmu &#8211; po prostu wed\u0142ug polskich s\u0105d\u00f3w do tej pory organizacje spo\u0142eczne nie mia\u0142y interesu prawnego do wyst\u0119powania w takich sprawach.<\/p>\n<p style=\"text-align: justify;\">Co wa\u017cne zaproponowano tak\u017ce wczoraj zmiany w Konstytucji, kt\u00f3re chroni\u0105 dobre imi\u0119 Rzeczypospolitej i Narodu Polskiego (rozumianego jako wsp\u00f3lnota wszystkich obywateli). W ten spos\u00f3b wreszcie Pa\u0144stwo Polskie b\u0119dzie mog\u0142o chroni\u0107 godno\u015b\u0107 Narodu.<\/p>\n<p style=\"text-align: justify;\">Propozycja Ministerstwa Sprawiedliwo\u015bci sk\u0142ada si\u0119 z 3 filar\u00f3w:<\/p>\n<p style=\"text-align: justify;\">1.Dodanie do Konstytucji art. 28a, kt\u00f3ry dotyczy zapewnienia ochrony dobrego imienia Rzeczypospolitej Polskiej oraz Narodu Polskiego.<\/p>\n<p style=\"text-align: justify;\">2. Wprowadzenie ochrony na drodze cywilnej. Pow\u00f3dztwo o ochron\u0119 dobrego imienia Rzeczypospolitej Polskiej i Narodu Polskiego w zwi\u0105zku z jego naruszeniem mo\u017ce wytoczy\u0107 Instytut Pami\u0119ci Narodowej lub organizacje pozarz\u0105dowe w zakresie swoich zada\u0144 statutowych.<\/p>\n<p style=\"text-align: justify;\">3. Wprowadzenie \u015bcie\u017cki karnej w stosunku do os\u00f3b, kt\u00f3re publicznie i wbrew faktom przypisuj\u0105 narodowi Polskiemu udzia\u0142, organizowanie, odpowiedzialno\u015b\u0107 lub wsp\u00f3\u0142odpowiedzialno\u015b\u0107 za pope\u0142nienie zbrodni przez III Rzesz\u0119 niemieck\u0105. W propozycji Ministerstwa Sprawiedliwo\u015bci osoby takie podlega\u0142yby karze pozbawienia do lat 5, a osoby, kt\u00f3re dokona\u0142y takiego czynu nieumy\u015blnie podlega\u0142yby karze grzywny lub ograniczenia wolno\u015bci.<\/p>\n<p style=\"text-align: justify;\">Liczymy, \u017ce nowe prawo zostanie uchwalone jak najszybciej, tak, aby ukr\u00f3ci\u0107 oszczerstwa.<\/p>\n","protected":false},"excerpt":{"rendered":"<p>W dn, 15.02.2016 odby\u0142a si\u0119 konferencja prasowa w Ministerstwie Sprawiedliwo\u015bci z udzia\u0142em Sekretarza Stanu Patryka Jakiego i Prezesa Reduty Dobrego Imienia Macieja \u015awirskiego. Konferencja by\u0142a po\u015bwi\u0119cona opracowanemu w\u0142a\u015bnie w MS projektowi ustawy penalizuj\u0105cej u\u017cywanie okre\u015blenia &#8222;polskie obozy koncentracyjne&#8221; i podobne. Reduta bra\u0142a aktywny udzia\u0142 w konsultacjach przy opracowywaniu tego projektu. Jeszcze w roku 2013 rozpocz\u0119li\u015bmy [&hellip;]<\/p>\n","protected":false},"author":3,"featured_media":471295,"comment_status":"open","ping_status":"open","sticky":false,"template":"","format":"standard","meta":{"_et_pb_use_builder":"","_et_pb_old_content":"","_et_gb_content_width":"","sfsi_plus_gutenberg_text_before_share":"","sfsi_plus_gutenberg_show_text_before_share":"","sfsi_plus_gutenberg_icon_type":"","sfsi_plus_gutenberg_icon_alignemt":"","sfsi_plus_gutenburg_max_per_row":"","footnotes":""},"categories":[38],"tags":[],"class_list":["post-470895","post","type-post","status-publish","format-standard","has-post-thumbnail","hentry","category-uncategorized"],"_links":{"self":[{"href":"https:\/\/rdi.org.pl\/english\/wp-json\/wp\/v2\/posts\/470895","targetHints":{"allow":["GET"]}}],"collection":[{"href":"https:\/\/rdi.org.pl\/english\/wp-json\/wp\/v2\/posts"}],"about":[{"href":"https:\/\/rdi.org.pl\/english\/wp-json\/wp\/v2\/types\/post"}],"author":[{"embeddable":true,"href":"https:\/\/rdi.org.pl\/english\/wp-json\/wp\/v2\/users\/3"}],"replies":[{"embeddable":true,"href":"https:\/\/rdi.org.pl\/english\/wp-json\/wp\/v2\/comments?post=470895"}],"version-history":[{"count":0,"href":"https:\/\/rdi.org.pl\/english\/wp-json\/wp\/v2\/posts\/470895\/revisions"}],"wp:featuredmedia":[{"embeddable":true,"href":"https:\/\/rdi.org.pl\/english\/wp-json\/wp\/v2\/media\/471295"}],"wp:attachment":[{"href":"https:\/\/rdi.org.pl\/english\/wp-json\/wp\/v2\/media?parent=470895"}],"wp:term":[{"taxonomy":"category","embeddable":true,"href":"https:\/\/rdi.org.pl\/english\/wp-json\/wp\/v2\/categories?post=470895"},{"taxonomy":"post_tag","embeddable":true,"href":"https:\/\/rdi.org.pl\/english\/wp-json\/wp\/v2\/tags?post=470895"}],"curies":[{"name":"wp","href":"https:\/\/api.w.org\/{rel}","templated":true}]}}