{"id":470897,"date":"2016-03-29T21:29:23","date_gmt":"2016-03-29T21:29:23","guid":{"rendered":"http:\/\/www.anti-defamation.pl\/english\/?p=294"},"modified":"2024-04-12T15:14:24","modified_gmt":"2024-04-12T13:14:24","slug":"list-rdi-do-prezydent-elekt-tajwanu-w-sprawie-jej-znieslawiajacych-slow-w-china-times","status":"publish","type":"post","link":"https:\/\/rdi.org.pl\/english\/list-rdi-do-prezydent-elekt-tajwanu-w-sprawie-jej-znieslawiajacych-slow-w-china-times\/","title":{"rendered":"List RDI do prezydent-elekt Tajwanu w sprawie jej znies\u0142awiaj\u0105cych s\u0142\u00f3w w &#8222;China Times&#8221;"},"content":{"rendered":"<p style=\"text-align: justify;\">Przedstawiamy poni\u017cej tre\u015b\u0107 list\u00f3w, jakie zosta\u0142y z\u0142o\u017cone przez nas w przedstawicielstwie Tajwanu w Warszawie, w odpowiedzi na znies\u0142awiaj\u0105ce s\u0142owa prezydent-elekt tego pa\u0144stwa, kt\u00f3ra powiedzia\u0142a w wywiadzie dla &#8222;China Times&#8221;, \u017ce<\/p>\n<p style=\"text-align: justify;\">\n\u201ePolska przesz\u0142a drog\u0119 od komunistycznego pa\u0144stwa ku demokracji i w tym procesie transformacji istnieje konieczno\u015b\u0107 wyja\u015bnienia prawdy np. dotycz\u0105cej historii masakry na \u017bydach, temu wszystkiemu polskie spo\u0142ecze\u0144stwo musi stawi\u0107 czo\u0142o\u201d.<\/p>\n<p style=\"text-align: justify;\">\nTe znies\u0142awiaj\u0105ce s\u0142owa wymaga\u0142y reakcji. Do naszego listu do\u0142\u0105czyli\u015bmy list do prezydent-elekt od Pani Alicji Malczewskiej-Drza\u0142, odznaczonej przez instytut Yad Vashem medalem &#8222;Sprawiedliwy w\u015br\u00f3d narod\u00f3w \u015bwiata&#8221;.<\/p>\n<h4 style=\"text-align: justify;\">List Reduty<\/h4>\n<p style=\"text-align: justify;\">Prezydent Tajwanu Pani Tsai Ing-wen<\/p>\n<p style=\"text-align: justify;\">Reduta Dobrego Imienia \u2013 Polska Liga Przeciw Znies\u0142awieniom zg\u0142asza zdecydowany sprzeciw wobec wypowiedzianych przez Pani\u0105 Prezydent s\u0142\u00f3w odnosz\u0105cych si\u0119 do Narodu Polskiego,<br \/>\nw kt\u00f3rych m\u00f3wi\u0142a Pani o: \u201ekonieczno\u015bci wyja\u015bnienia prawdy np. dotycz\u0105cej historii masakry na \u017bydach, [czemu] polskie spo\u0142ecze\u0144stwo musi stawi\u0107 czo\u0142o\u201d.<\/p>\n<p style=\"text-align: justify;\">Informujemy, i\u017c obozy zag\u0142ady, w kt\u00f3rych dokonywane by\u0142o ludob\u00f3jstwo zosta\u0142y utworzone przez Niemc\u00f3w na terenie okupowanej Polski. Powsta\u0142y one po napa\u015bci na RP we wrze\u015bniu 1939 roku przez III Rzesz\u0119 Niemieck\u0105. W obozach tych w latach 1939-1945 \u017cycie stracili opr\u00f3cz \u017byd\u00f3w r\u00f3wnie\u017c Polacy i Romowie oraz obywatele innych narod\u00f3w.<\/p>\n<p style=\"text-align: justify;\">W Polsce istnia\u0142 najwi\u0119kszy w okupowanej przez Niemc\u00f3w Europie ruch oporu, zar\u00f3wno wojskowy jak i cywilny.<\/p>\n<p style=\"text-align: justify;\">W\u0142adze Polskiego Pa\u0144stwa Podziemnego wykonywa\u0142y wyroki \u015bmierci na wszystkich tych, kt\u00f3rzy pr\u00f3bowali przy\u0142\u0105czy\u0107 si\u0119 do niemieckiej akcji prze\u015bladowania \u017byd\u00f3w.<\/p>\n<p style=\"text-align: justify;\">Polska by\u0142a jedynym krajem w okupowanej Europie, w kt\u00f3rym Niemcy wprowadzili kar\u0119 \u015bmierci za pomoc \u017bydom \u2013 za ich ukrywanie i jakiekolwiek wsparcie. Kara ta dotyka\u0142a ca\u0142ych rodzin, doros\u0142ych i dzieci. Mimo tego Polacy pomagali swoim \u017cydowskim wsp\u00f3\u0142obywatelom. Tysi\u0105ce Polak\u00f3w zosta\u0142o zabitych za udzielanie pomocy \u017bydom.<\/p>\n<p style=\"text-align: justify;\">Nale\u017cy zaznaczy\u0107, i\u017c niemieckie obozy koncentracyjne i zag\u0142ady na terenie Polski by\u0142y niemieckimi instytucjami, z niemieckim personelem pa\u0144stwowym, wype\u0142niaj\u0105cymi niemieckie zadania gospodarcze i polityczne.<\/p>\n<p style=\"text-align: justify;\">Dlatego te\u017c Reduta Dobrego Imienia \u017c\u0105da sprostowania wypowiedzianych przez Pani\u0105 s\u0142\u00f3w.<\/p>\n<p style=\"text-align: justify;\">Z powa\u017caniem<\/p>\n<p style=\"text-align: justify;\">Maciej \u015awirski<br \/>\nPrezes Reduty Dobrego Imienia<\/p>\n<p style=\"text-align: justify;\">\n<p style=\"text-align: justify;\">\n<h4 style=\"text-align: justify;\">List &#8222;Sprawiedliwej&#8221;<\/h4>\n<p style=\"text-align: justify;\">Szanowna Pani Prezydent Tsai Ing-wen<\/p>\n<p style=\"text-align: justify;\">Ekscelencjo, niekt\u00f3re polskie media poda\u0142y Pani wypowied\u017a o tym, \u017ce Polacy mordowali \u017byd\u00f3w w czasie II wojny \u015bwiatowej i winni si\u0119 rozliczy\u0107 ze swojej historii.<\/p>\n<p style=\"text-align: justify;\">Je\u015bli Pani to rzeczywi\u015bcie powiedzia\u0142a to kto\u015b Pani\u0105 haniebnie ok\u0142ama\u0142 bo w rzeczywisto\u015bci nazi\u015bci niemieccy mordowali w czasie II wojny \u015bwiatowej zar\u00f3wno Polak\u00f3w jak i \u017byd\u00f3w.<\/p>\n<p style=\"text-align: justify;\">Pr\u00f3by ratowania \u017byd\u00f3w przez Polak\u00f3w karane by\u0142y przez Niemc\u00f3w kar\u0105 \u015bmierci \u2013 ca\u0142ej rodziny.<\/p>\n<p style=\"text-align: justify;\">O tym m\u00f3g\u0142by najlepiej po\u015bwiadczy\u0107 m\u00f3j Ojciec oraz ja bo za pomoc \u017bydom zostali\u015bmy odznaczeni przez Instytut Pami\u0119ci Narodowej \u201eYad Vashem\u201d w Jerozolimie orderem sprawiedliwych w\u015br\u00f3d Narod\u00f3w \u015awiata.<\/p>\n<p style=\"text-align: justify;\">Na dow\u00f3d tego za\u0142\u0105czam kopi\u0119 dyplomu. Mam nadziej\u0119, \u017ce w imi\u0119 prawdy i sprawiedliwo\u015bci zechce Pani opublikowa\u0107 sprostowanie swojej bardzo krzywdz\u0105cej Polak\u00f3w wypowiedzi.<\/p>\n<p style=\"text-align: justify;\">Z powa\u017caniem<br \/>\nAlicja Malczewska \u2013Drza\u0142<\/p>\n","protected":false},"excerpt":{"rendered":"<p>Przedstawiamy poni\u017cej tre\u015b\u0107 list\u00f3w, jakie zosta\u0142y z\u0142o\u017cone przez nas w przedstawicielstwie Tajwanu w Warszawie, w odpowiedzi na znies\u0142awiaj\u0105ce s\u0142owa prezydent-elekt tego pa\u0144stwa, kt\u00f3ra powiedzia\u0142a w wywiadzie dla &#8222;China Times&#8221;, \u017ce \u201ePolska przesz\u0142a drog\u0119 od komunistycznego pa\u0144stwa ku demokracji i w tym procesie transformacji istnieje konieczno\u015b\u0107 wyja\u015bnienia prawdy np. dotycz\u0105cej historii masakry na \u017bydach, temu wszystkiemu [&hellip;]<\/p>\n","protected":false},"author":3,"featured_media":471295,"comment_status":"open","ping_status":"open","sticky":false,"template":"","format":"quote","meta":{"_et_pb_use_builder":"","_et_pb_old_content":"","_et_gb_content_width":"","sfsi_plus_gutenberg_text_before_share":"","sfsi_plus_gutenberg_show_text_before_share":"","sfsi_plus_gutenberg_icon_type":"","sfsi_plus_gutenberg_icon_alignemt":"","sfsi_plus_gutenburg_max_per_row":"","footnotes":""},"categories":[1],"tags":[],"class_list":["post-470897","post","type-post","status-publish","format-quote","has-post-thumbnail","hentry","category-bez-kategorii","post_format-post-format-quote"],"_links":{"self":[{"href":"https:\/\/rdi.org.pl\/english\/wp-json\/wp\/v2\/posts\/470897","targetHints":{"allow":["GET"]}}],"collection":[{"href":"https:\/\/rdi.org.pl\/english\/wp-json\/wp\/v2\/posts"}],"about":[{"href":"https:\/\/rdi.org.pl\/english\/wp-json\/wp\/v2\/types\/post"}],"author":[{"embeddable":true,"href":"https:\/\/rdi.org.pl\/english\/wp-json\/wp\/v2\/users\/3"}],"replies":[{"embeddable":true,"href":"https:\/\/rdi.org.pl\/english\/wp-json\/wp\/v2\/comments?post=470897"}],"version-history":[{"count":1,"href":"https:\/\/rdi.org.pl\/english\/wp-json\/wp\/v2\/posts\/470897\/revisions"}],"predecessor-version":[{"id":473001,"href":"https:\/\/rdi.org.pl\/english\/wp-json\/wp\/v2\/posts\/470897\/revisions\/473001"}],"wp:featuredmedia":[{"embeddable":true,"href":"https:\/\/rdi.org.pl\/english\/wp-json\/wp\/v2\/media\/471295"}],"wp:attachment":[{"href":"https:\/\/rdi.org.pl\/english\/wp-json\/wp\/v2\/media?parent=470897"}],"wp:term":[{"taxonomy":"category","embeddable":true,"href":"https:\/\/rdi.org.pl\/english\/wp-json\/wp\/v2\/categories?post=470897"},{"taxonomy":"post_tag","embeddable":true,"href":"https:\/\/rdi.org.pl\/english\/wp-json\/wp\/v2\/tags?post=470897"}],"curies":[{"name":"wp","href":"https:\/\/api.w.org\/{rel}","templated":true}]}}