{"id":470899,"date":"2016-04-07T11:23:26","date_gmt":"2016-04-07T11:23:26","guid":{"rendered":"http:\/\/www.anti-defamation.pl\/english\/?p=309"},"modified":"2024-04-12T15:17:46","modified_gmt":"2024-04-12T13:17:46","slug":"list-rdi-do-mitsubishi-w-sprawie-mianowania-macieja-stuhra-ambasadorem-marki","status":"publish","type":"post","link":"https:\/\/rdi.org.pl\/english\/list-rdi-do-mitsubishi-w-sprawie-mianowania-macieja-stuhra-ambasadorem-marki\/","title":{"rendered":"List RDI do Mitsubishi w sprawie mianowania Macieja Stuhra ambasadorem marki"},"content":{"rendered":"<p style=\"text-align: justify;\">poni\u017cej przytaczamy list jaki wys\u0142ali\u015bmy do Mitsubishi Motors w sprawie zatrudnienia Macieja Stuhra jako ambasadora marki.<\/p>\n<p style=\"text-align: justify;\"><img loading=\"lazy\" decoding=\"async\" class=\" wp-image-310 alignleft\" src=\"http:\/\/www.anti-defamation.pl\/english\/wp-content\/uploads\/2016\/04\/dokumentbok.png\" alt=\"dokumentbok\" width=\"434\" height=\"244\" \/>Maciej Stuhr wyst\u0105pi\u0142 w oszczerczym filmie &#8222;Pok\u0142osie&#8221;, przy\u0142\u0105czaj\u0105c si\u0119 do rasistowskiej nagonki na Polak\u00f3w.<\/p>\n<p style=\"text-align: justify;\">O odpowiedzi Mitsubishi b\u0119dziemy informowa\u0107<\/p>\n<hr \/>\n<p>Kinga Lisowska<br \/>\nPR Manager<br \/>\nkinga.lisowska@mitsubishi-motors.pl<br \/>\nMMC Car Poland Sp. z o.o.<br \/>\n02-146 Warszawa<br \/>\nul. 17 Stycznia 45A<\/p>\n<p style=\"text-align: justify;\">Szanowna Pani,<\/p>\n<p style=\"text-align: justify;\">Ze zdumieniem przeczyta\u0142em informacj\u0119, \u017ce ambasadorem modelu Mitsubishi Outlander PHEV i marki Mitsubishi podczas Motor Show 2016 w Poznaniu by\u0142 Maciej Stuhr.<\/p>\n<p style=\"text-align: justify;\">Na ca\u0142ym \u015bwiecie koncerny motoryzacyjne wybieraj\u0105 ambasador\u00f3w, kt\u00f3rzy godnie reprezentuj\u0105 dan\u0105 mark\u0119 czy konkretny model samochodu.<\/p>\n<p style=\"text-align: justify;\">S\u0105 to sportowcy, muzycy i aktorzy. Ich popularno\u015b\u0107 buduje dobry wizerunek firmy, kt\u00f3r\u0105 reprezentuj\u0105. Powszechnie uznaje si\u0119 ich za osoby godne szacunku, za autorytety w swojej dziedzinie.<\/p>\n<p style=\"text-align: justify;\">Dzia\u0142y PR powierzaj\u0105 zaszczytn\u0105 rol\u0119 ambasadora osobom o nieposzlakowanej opinii, a nie skandalistom licz\u0105cym na poklask publiczno\u015bci.<\/p>\n<p style=\"text-align: justify;\">Wyb\u00f3r Maciej Stuhra jako ambasadora marki Mitsubishi w Polsce jest co najmniej zaskakuj\u0105cy.<\/p>\n<p style=\"text-align: justify;\">7 marca br. podczas gali Nagr\u00f3d Filmowych Or\u0142y 2016 Maciej Stuhr zachowa\u0142 si\u0119 w spos\u00f3b skandaliczny. Sil\u0105c si\u0119 na dowcip, zreszt\u0105 niewysokich lot\u00f3w, zniewa\u017cy\u0142 pami\u0119\u0107 \u017bo\u0142nierzy Wykl\u0119tych oraz 96 ofiar katastrofy w Smole\u0144sku.<\/p>\n<p style=\"text-align: justify;\">Wypowied\u017a Macieja Stuhra urazi\u0142a tysi\u0105ce os\u00f3b w ca\u0142ej Polsce. Szydzenie z najwi\u0119kszej tragedii w dziejach powojennej Polski czy te\u017c z \u017bo\u0142nierzy Wykl\u0119tych, kt\u00f3rych ponad 12 tys. zgin\u0119\u0142o\u00a0w walce lub zosta\u0142o zamordowanych przez UB to przyk\u0142ad kompletnego braku wra\u017cliwo\u015bci na tragiczne epizody polskiej historii.<\/p>\n<p style=\"text-align: justify;\">Wypowied\u017a Stuhra by\u0142a zaprzeczeniem dobrego smaku, taktu i szacunku dla zmar\u0142ych.<\/p>\n<p style=\"text-align: justify;\">Maciej Stuhr jako ambasador marki i modelu Outlander PHEV stanowi skuteczn\u0105 antyreklam\u0119 dla Mitsubishi, marki ciesz\u0105cej si\u0119 od ponad 30 lat dobr\u0105 opini\u0105 w Polsce.<\/p>\n<p style=\"text-align: justify;\">Premiowanie skandalist\u00f3w w dzia\u0142aniach PR przynosi negatywny efekt.<\/p>\n<p style=\"text-align: justify;\">Liczymy, \u017ce wezm\u0105 Pa\u0144stwo pod uwag\u0119 nasze stanowisko i wycofaj\u0105 si\u0119 z decyzji, kt\u00f3ra rzutuje negatywnie na postrzeganie marki Mitsubishi w Polsce.<\/p>\n<p style=\"text-align: justify;\">Posta\u0107 Macieja Stuhra odbierana jest przez ludzi troszcz\u0105cych si\u0119 o dobre imi\u0119 Polski jednoznacznie negatywnie zw\u0142aszcza dlatego, \u017ce aktor ten wyst\u0105pi\u0142 w filmie \u201ePok\u0142osie\u201d, fa\u0142szywie przedstawiaj\u0105cym Polsk\u0119 jako kraj dzikich antysemit\u00f3w.<\/p>\n<p style=\"text-align: justify;\">Czy pa\u0144stwa decyzja o mianowaniu Macieja Stuhra ambasadorem marki Mitsubishi oznacza, \u017ce podzielaj\u0105 Pa\u0144stwo pogl\u0105dy tw\u00f3rc\u00f3w tego filmu?<\/p>\n<p style=\"text-align: justify;\">Z powa\u017caniem<\/p>\n<p style=\"text-align: justify;\">Maciej \u015awirski<\/p>\n<p style=\"text-align: justify;\">Prezes Zarz\u0105du Reduta Dobrego Imienia \u2013 Polska Liga przeciw Znies\u0142awieniom<\/p>\n","protected":false},"excerpt":{"rendered":"<p>poni\u017cej przytaczamy list jaki wys\u0142ali\u015bmy do Mitsubishi Motors w sprawie zatrudnienia Macieja Stuhra jako ambasadora marki. Maciej Stuhr wyst\u0105pi\u0142 w oszczerczym filmie &#8222;Pok\u0142osie&#8221;, przy\u0142\u0105czaj\u0105c si\u0119 do rasistowskiej nagonki na Polak\u00f3w. O odpowiedzi Mitsubishi b\u0119dziemy informowa\u0107 Kinga Lisowska PR Manager kinga.lisowska@mitsubishi-motors.pl MMC Car Poland Sp. z o.o. 02-146 Warszawa ul. 17 Stycznia 45A Szanowna Pani, Ze [&hellip;]<\/p>\n","protected":false},"author":3,"featured_media":471295,"comment_status":"open","ping_status":"open","sticky":false,"template":"","format":"standard","meta":{"_et_pb_use_builder":"","_et_pb_old_content":"","_et_gb_content_width":"","sfsi_plus_gutenberg_text_before_share":"","sfsi_plus_gutenberg_show_text_before_share":"","sfsi_plus_gutenberg_icon_type":"","sfsi_plus_gutenberg_icon_alignemt":"","sfsi_plus_gutenburg_max_per_row":"","footnotes":""},"categories":[1],"tags":[],"class_list":["post-470899","post","type-post","status-publish","format-standard","has-post-thumbnail","hentry","category-bez-kategorii"],"_links":{"self":[{"href":"https:\/\/rdi.org.pl\/english\/wp-json\/wp\/v2\/posts\/470899","targetHints":{"allow":["GET"]}}],"collection":[{"href":"https:\/\/rdi.org.pl\/english\/wp-json\/wp\/v2\/posts"}],"about":[{"href":"https:\/\/rdi.org.pl\/english\/wp-json\/wp\/v2\/types\/post"}],"author":[{"embeddable":true,"href":"https:\/\/rdi.org.pl\/english\/wp-json\/wp\/v2\/users\/3"}],"replies":[{"embeddable":true,"href":"https:\/\/rdi.org.pl\/english\/wp-json\/wp\/v2\/comments?post=470899"}],"version-history":[{"count":1,"href":"https:\/\/rdi.org.pl\/english\/wp-json\/wp\/v2\/posts\/470899\/revisions"}],"predecessor-version":[{"id":473017,"href":"https:\/\/rdi.org.pl\/english\/wp-json\/wp\/v2\/posts\/470899\/revisions\/473017"}],"wp:featuredmedia":[{"embeddable":true,"href":"https:\/\/rdi.org.pl\/english\/wp-json\/wp\/v2\/media\/471295"}],"wp:attachment":[{"href":"https:\/\/rdi.org.pl\/english\/wp-json\/wp\/v2\/media?parent=470899"}],"wp:term":[{"taxonomy":"category","embeddable":true,"href":"https:\/\/rdi.org.pl\/english\/wp-json\/wp\/v2\/categories?post=470899"},{"taxonomy":"post_tag","embeddable":true,"href":"https:\/\/rdi.org.pl\/english\/wp-json\/wp\/v2\/tags?post=470899"}],"curies":[{"name":"wp","href":"https:\/\/api.w.org\/{rel}","templated":true}]}}