{"id":470900,"date":"2016-04-24T05:41:25","date_gmt":"2016-04-24T05:41:25","guid":{"rendered":"http:\/\/www.anti-defamation.pl\/english\/?p=334"},"modified":"2024-04-12T15:14:45","modified_gmt":"2024-04-12T13:14:45","slug":"reduta-daje-odpor-klamstwom-o-oddziale-993w-armii-krajowej","status":"publish","type":"post","link":"https:\/\/rdi.org.pl\/english\/reduta-daje-odpor-klamstwom-o-oddziale-993w-armii-krajowej\/","title":{"rendered":"Reduta daje odp\u00f3r k\u0142amstwom o oddziale 993\/W Armii Krajowej"},"content":{"rendered":"<p style=\"text-align: justify;\">Poni\u017cej przedstawiamy relacj\u0119 z &#8222;wieczoru autorskiego&#8221; autor\u00f3w ksi\u0105\u017cki &#8222;Ptaki drapie\u017cne&#8221; szkaluj\u0105cej dobre imi\u0119 oddzia\u0142u likwidacyjnego kontrwywiadu KG AK 993\/W.<\/p>\n<p style=\"text-align: justify;\">Stowarzyszenie im. Prof. Zbigniewa Ho\u0142dy we wsp\u00f3\u0142pracy z Instytutem Reporta\u017cu 19 kwietnia o godz. 19.00 zorganizowa\u0142o w ksi\u0119garni \u201eWrzenie \u015bwiata\u201d w Warszawie spotkanie autorskie z autorami ksi\u0105\u017cek \u201eMade in Poland\u201d oraz \u201ePtaki drapie\u017cne\u201d filozofem, pisarzem i dziennikarzem Emilem Maratem i historykiem, dziennikarzem Micha\u0142em W\u00f3jcikiem. W roli komentatora wyst\u0105pi\u0142a filozof, teolog i publicysta dzia\u0142aj\u0105ca w Helsi\u0144skiej Fundacji Praw Cz\u0142owieka Halina Bortnowska. Spotkanie prowadzi\u0142 prawnik dr Piotr K\u0142adoczny. W spotkaniu wzi\u0119li udzia\u0142 r\u00f3wnie\u017c w\u015br\u00f3d publiczno\u015bci: c\u00f3rka szefa Kedywu Okr\u0119gu Warszawskiego AK J\u00f3zefa Rybic<img loading=\"lazy\" decoding=\"async\" class=\"alignleft wp-image-335\" src=\"http:\/\/www.anti-defamation.pl\/english\/wp-content\/uploads\/2016\/04\/ptaki9.jpg\" alt=\"ptaki9\" width=\"524\" height=\"393\" \/>kiego ps. Andrzej, Maciej &#8211; dr Hanna Rybicka, autorka wydawnictw \u017ar\u00f3d\u0142owych dotycz\u0105cych Kedywu, Juliusz Kulesza, znany i ceniony badacz podziemnej Warszawy i autor m.in. jedynej monografii oddzia\u0142u 993\/W, Mariusz Olczak badacz Polskiego Pa\u0144stwa Podziemnego oraz mec. Jakub B\u0105k wnuk jednego z\u00a0 \u017co\u0142nierzy 993\/W.<\/p>\n<h5 style=\"text-align: justify;\">mgr Dariusz Olczak punktuje b\u0142\u0119dy autor\u00f3w<\/h5>\n<p style=\"text-align: justify;\">Spotkanie dotyczy\u0142o obu wspomnianych ksi\u0105\u017cek, kt\u00f3re mimo formu\u0142y wywiad\u00f3w-rzek s\u0105 ksi\u0105\u017ckami przede wszystkim historycznymi. Warto tutaj zwr\u00f3ci\u0107 uwag\u0119, \u017ce spo\u015br\u00f3d czw\u00f3rki prowadz\u0105cych jedynie Micha\u0142 W\u00f3jcik jest z wykszta\u0142cenia historykiem. To w trakcie spotkania z pewno\u015bci\u0105 by\u0142o widoczne, \u017ce spogl\u0105danie na sprawy opisane w ksi\u0105\u017ckach ma miejsce nie z pozycji faktograficznych, \u00a0ale zupe\u0142nie innych. I to dotyczy r\u00f3wnie\u017c\u00a0wypowiedzi jednej z uczestniczek Urszuli Namiotkiewicz-Drzewi\u0144skiej, kt\u00f3ra niejako dla poparcia tezy autor\u00f3w przytoczy\u0142a rozmow\u0119 z przeprowadzaj\u0105cym likwidacj\u0119 \u017co\u0142nierzem AK, nie podaj\u0105c jednak jego nazwiska, pseudonimu, ani przydzia\u0142u organizacyjnego. Pytania z sali i cz\u0119\u015bciowo dyskusja dotyczy\u0142y w du\u017cej cz\u0119\u015bci wieku wykonawc\u00f3w likwidacji, co ju\u017c jest niejako skutkiem wprowadzonych do dyskursu publicznego, mi\u0119dzy innymi przez obu autor\u00f3w, nieprawdziwych informacji o ich nastoletnim wieku. Obszerne wypowiedzi dr Hanny Rybickiej, Juliusza Kuleszy i Mariusza Olczaka przestawi\u0142y w jednoznacznie krytycznym \u015bwietle obie publikacje, w tym szczeg\u00f3lnie &#8222;Ptaki drapie\u017cne&#8221;. Autorzy odpowiadaj\u0105c podkre\u015blali m.in., \u017ce interesowa\u0142y ich emocje, prze\u017cycia tych ludzi, natomiast badania historyczne zostawiaj\u0105 historykom.<\/p>\n<p style=\"text-align: justify;\"><strong>Spotkanie zako\u0144czy\u0142a wypowied\u017a Micha\u0142a W\u00f3jcika, kt\u00f3ry z nie ukrywan\u0105 satysfakcj\u0105\u00a0 stwierdzi\u0142, \u017ce w \u015bwie\u017co przygotowanej ksi\u0105\u017cce z wywiadem z ostatnim \u017cyj\u0105cym Cichociemnym Aleksandrem Tarnawskim dopiero znajd\u0105 si\u0119 wypowiedzi <\/strong><\/p>\n<blockquote>\n<p style=\"text-align: justify;\"><strong>&#8222;<em>straszne, na temat pa\u0144stwa polskiego, na temat tego co on o tym wszystkim uwa\u017ca\u0142, na temat tego w czym on bra\u0142 udzia\u0142; jak on po latach, zreszt\u0105 wtedy te\u017c mia\u0142 takie pogl\u0105dy na temat swoich dow\u00f3dc\u00f3w, bardzo krytyczne i to jest ogl\u0119dne sformu\u0142owanie<\/em>&#8222;. <\/strong><\/p>\n<\/blockquote>\n<p style=\"text-align: justify;\"><strong>I wydaje si\u0119, \u017ce to najbardziej frapuj\u0105ca wypowied\u017a, kt\u00f3ra z jednej strony kolejny raz pokazuje intencje autor\u00f3w, a z drugiej zapowiada kolejn\u0105 awantur\u0119 wywo\u0142ywan\u0105 w przypadaj\u0105cym obecnie Roku Cichociemnych.<\/strong><\/p>\n","protected":false},"excerpt":{"rendered":"<p>Poni\u017cej przedstawiamy relacj\u0119 z &#8222;wieczoru autorskiego&#8221; autor\u00f3w ksi\u0105\u017cki &#8222;Ptaki drapie\u017cne&#8221; szkaluj\u0105cej dobre imi\u0119 oddzia\u0142u likwidacyjnego kontrwywiadu KG AK 993\/W. Stowarzyszenie im. Prof. Zbigniewa Ho\u0142dy we wsp\u00f3\u0142pracy z Instytutem Reporta\u017cu 19 kwietnia o godz. 19.00 zorganizowa\u0142o w ksi\u0119garni \u201eWrzenie \u015bwiata\u201d w Warszawie spotkanie autorskie z autorami ksi\u0105\u017cek \u201eMade in Poland\u201d oraz \u201ePtaki drapie\u017cne\u201d filozofem, pisarzem i [&hellip;]<\/p>\n","protected":false},"author":3,"featured_media":471295,"comment_status":"open","ping_status":"open","sticky":false,"template":"","format":"standard","meta":{"_et_pb_use_builder":"","_et_pb_old_content":"","_et_gb_content_width":"","sfsi_plus_gutenberg_text_before_share":"","sfsi_plus_gutenberg_show_text_before_share":"","sfsi_plus_gutenberg_icon_type":"","sfsi_plus_gutenberg_icon_alignemt":"","sfsi_plus_gutenburg_max_per_row":"","footnotes":""},"categories":[1],"tags":[],"class_list":["post-470900","post","type-post","status-publish","format-standard","has-post-thumbnail","hentry","category-bez-kategorii"],"_links":{"self":[{"href":"https:\/\/rdi.org.pl\/english\/wp-json\/wp\/v2\/posts\/470900","targetHints":{"allow":["GET"]}}],"collection":[{"href":"https:\/\/rdi.org.pl\/english\/wp-json\/wp\/v2\/posts"}],"about":[{"href":"https:\/\/rdi.org.pl\/english\/wp-json\/wp\/v2\/types\/post"}],"author":[{"embeddable":true,"href":"https:\/\/rdi.org.pl\/english\/wp-json\/wp\/v2\/users\/3"}],"replies":[{"embeddable":true,"href":"https:\/\/rdi.org.pl\/english\/wp-json\/wp\/v2\/comments?post=470900"}],"version-history":[{"count":1,"href":"https:\/\/rdi.org.pl\/english\/wp-json\/wp\/v2\/posts\/470900\/revisions"}],"predecessor-version":[{"id":473004,"href":"https:\/\/rdi.org.pl\/english\/wp-json\/wp\/v2\/posts\/470900\/revisions\/473004"}],"wp:featuredmedia":[{"embeddable":true,"href":"https:\/\/rdi.org.pl\/english\/wp-json\/wp\/v2\/media\/471295"}],"wp:attachment":[{"href":"https:\/\/rdi.org.pl\/english\/wp-json\/wp\/v2\/media?parent=470900"}],"wp:term":[{"taxonomy":"category","embeddable":true,"href":"https:\/\/rdi.org.pl\/english\/wp-json\/wp\/v2\/categories?post=470900"},{"taxonomy":"post_tag","embeddable":true,"href":"https:\/\/rdi.org.pl\/english\/wp-json\/wp\/v2\/tags?post=470900"}],"curies":[{"name":"wp","href":"https:\/\/api.w.org\/{rel}","templated":true}]}}