{"id":470905,"date":"2016-06-19T22:52:21","date_gmt":"2016-06-19T22:52:21","guid":{"rendered":"http:\/\/www.anti-defamation.pl\/english\/?p=397"},"modified":"2024-04-12T15:15:10","modified_gmt":"2024-04-12T13:15:10","slug":"rozpoczynamy-akcje-zadoscuczynienie-dla-zamojszczyzny","status":"publish","type":"post","link":"https:\/\/rdi.org.pl\/english\/rozpoczynamy-akcje-zadoscuczynienie-dla-zamojszczyzny\/","title":{"rendered":"Rozpoczynamy akcj\u0119 &#8222;Zado\u015b\u0107uczynienie dla Zamojszczyzny&#8221;"},"content":{"rendered":"<p>W dniu 15.06.2016 roku w Zwierzy\u0144cu pod Zamo\u015bciem odby\u0142o si\u0119 spotkanie przedstawicieli RDI z mieszka\u0144cami wsi zamojskich, dotkni\u0119tych podczas II wojny \u015bwiatowej bestialstwem niemieckim.<\/p>\n<p>Spotkanie zosta\u0142o zorganizowane dzi\u0119ki uprzejmo\u015bci Pos\u0142a tej ziemi Pana S\u0142awomira Zawi\u015blaka.<\/p>\n<p>W spotkaniu uczestniczy\u0142o oko\u0142o 120 os\u00f3b, w wi\u0119kszo\u015bci bezpo\u015brednich poszkodowanych, kt\u00f3rzy jako dzieci prze\u017cyli pacyfikacje swoich wsi.<\/p>\n<p><img loading=\"lazy\" decoding=\"async\" class=\" wp-image-401 alignright\" src=\"http:\/\/www.anti-defamation.pl\/english\/wp-content\/uploads\/2016\/06\/Sochy.jpg\" alt=\"Sochy\" width=\"530\" height=\"397\" \/>Spotkanie mia\u0142o na celu rozpoznanie mo\u017cliwo\u015bci dochodzenia zado\u015b\u0107uczynienia od \u017cyj\u0105cych jeszcze niemieckich sprawc\u00f3w zbrodni na mieszka\u0144cach wsi Zamojszczyzny.<\/p>\n<p>Ma to by\u0107 zado\u015b\u0107uczynienie za naruszone dobra osobiste, takie jak prawo do posiadania rodzic\u00f3w (je\u015bli chodzi o sieroty, kt\u00f3rych rodzic\u00f3w pomordowali niemieccy okupanci).<\/p>\n<p>Dzia\u0142 Dokumentacji i Analiz oraz Dzia\u0142 Prawny RDI we wsp\u00f3\u0142pracy z Biurem Poselskim Pos\u0142a S\u0142awomira Zawi\u015blaka zbierze od mieszka\u0144c\u00f3w mo\u017cliwe do wykorzystania dowody w sprawie w celu dalszej analizy.<\/p>\n<p>Maciej \u015awirski<\/p>\n<p>Prezes Reduty Dobrego Imienia<\/p>\n<p>Poni\u017cej przytaczamy wstrz\u0105saj\u0105cy tekst zmieszczony na stronie ojczyzna.pl spisany przez mieszka\u0144c\u00f3w wsi Sochy, oddaj\u0105cy ich cierpienie.<\/p>\n<p>&nbsp;<\/p>\n<p>&nbsp;<\/p>\n<blockquote><p>Jeste\u015bmy Dzie\u0107mi Wojny<\/p>\n<p>Nasze dzieci\u0144stwo &#8211; to strach, g\u0142\u00f3d i \u0142zy<\/p>\n<p>W dniu 1 czerwca 1943 r. wie\u015b Sochy prze\u017cy\u0142a straszliw\u0105 gehenn\u0119 hitlerowskiej zbrodni. Tego dnia Niemcy w odwecie za pomoc udzielon\u0105 partyzantom spalili ca\u0142\u0105 wiosk\u0119 oraz zabili wi\u0119kszo\u015b\u0107 jej mieszka\u0144c\u00f3w.<\/p>\n<p>Tego czerwcowego poranka zgin\u0119\u0142o prawie 200 os\u00f3b.<\/p>\n<p>Jako dzieci widzieli\u015bmy to wszystko. Na naszych oczach faszy\u015bci zabijali naszych ojc\u00f3w, matki, braci i siostry. Patrzyli\u015bmy jak dobijaj\u0105 strza\u0142em w g\u0142ow\u0119, rannych kt\u00f3rzy nie zdo\u0142ali si\u0119 ukry\u0107.<\/p>\n<p>Patrzyli\u015bmy jak id\u0105 tyralier\u0105 wyszukuj\u0105c ukryte w zbo\u017cach rodziny.<\/p>\n<p>Jeszcze dzisiaj s\u0142yszymy krzyki p\u0142aczu i rozpaczy, j\u0119ki rannych i tych kt\u00f3rzy ko\u0144czyli \u017cycie, pomieszane z seri\u0105 karabin\u00f3w.<\/p>\n<p>W p\u0142omieniach gin\u0119\u0142o to co kochali\u015bmy &#8211; nasze domy, sady i ogrody. Dzie\u0142a zniszczenia dokona\u0142y samoloty. Spadaj\u0105ce bomby rozrywa\u0142y strz\u0119py ludzkich cia\u0142 i to co pozosta\u0142o jeszcze po spalonych domach.<\/p>\n<p>Na zgliszczach wioski pozosta\u0142y matki z ma\u0142ymi dzie\u0107mi, a cz\u0119sto same tylko osierocone dzieci.<\/p>\n<p>Ten czerwcowy dzie\u0144 by\u0142 w oczach dziecka istnym piek\u0142em zbrodni.<\/p>\n<p>Nast\u0119pne dni i lata to czas n\u0119dzy, g\u0142odu i zimna. Mieszkali\u015bmy w piwnicach wypalonych dom\u00f3w lub napr\u0119dce skleconych sza\u0142asach z niedopalonych desek. W ci\u0105g\u0142ym strachu czy Niemcy nie powr\u00f3c\u0105.<\/p>\n<p>Ci kt\u00f3rzy prze\u017cyli przez wiele lat z trudem i kosztem olbrzymich wyrzecze\u0144 odbudowywali w\u0142asne gospodarstwa.<\/p>\n<p>Ci\u0119\u017ckie to by\u0142y chwile &#8211; bez dachu nad g\u0142ow\u0105, bez \u015brodk\u00f3w do \u017cycia i czyjejkolwiek pomocy.<\/p>\n<p>B\u00f3g jednak pozwoli\u0142, \u017ce prze\u017cyli\u015bmy to wszystko, \u017ce \u017cyjemy &#8211; cho\u0107 wielu z nas ju\u017c odesz\u0142o.<\/p>\n<p>Dzisiaj cz\u0119sto jeste\u015bmy dotkni\u0119ci chorobami, niesprawno\u015bci\u0105 czy inwalidztwem. To co prze\u017cyli\u015bmy zniszczy\u0142o nasze zdrowie.<\/p>\n<p>Trwa\u0142e s\u0105 w nas \u015blady prze\u017cytej zbrodni &#8211; to blizny na naszych cia\u0142ach i rany w naszych sercach po utraconych najbli\u017cszych.<\/p>\n<p>Przypominaj\u0105 nam o nich krzy\u017ce, na grobach cmentarza pomordowanych, znajduj\u0105cego si\u0119 na ko\u0144cu naszej wioski. Obok cmentarza, staraniem mieszka\u0144c\u00f3w stan\u0119\u0142a kaplica jako Pomnik Zbrodni i M\u0119cze\u0144stwa niewinnie pomordowanych naszych ojc\u00f3w i matek.<\/p>\n<p>Niechaj pami\u0119\u0107 o nich nigdy nie zginie. To cmentarne krzy\u017ce i kaplica b\u0119d\u0105 przypomina\u0142y tak\u017ce przysz\u0142ym pokoleniom o ofierze \u017cycia, kt\u00f3r\u0105 z\u0142o\u017cyli mieszka\u0144cy wioski.<\/p>\n<p>Do chwili obecnej nie otrzymali\u015bmy \u017cadnego odszkodowania za wyrz\u0105dzone z\u0142o. Mimo wielu lat stara\u0144, \u017cadne z nas nie zosta\u0142o uznane za Dziecko Zamojszczyzny.<\/p>\n<p>Dzisiaj tkwi w nas \u017cal, \u017ce \u017cadna w\u0142adza w Polsce nie przysz\u0142a nam z pomoc\u0105. A przecie\u017c to co prze\u017cyli\u015bmy nie by\u0142o mniej bolesne od prze\u017cy\u0107 tych, kt\u00f3rzy t\u0119 pami\u0119\u0107 otrzymuj\u0105.<\/p>\n<p>Nic nie jest w stanie przywr\u00f3ci\u0107 nam utraconego dzieci\u0144stwa nie zast\u0105pi nam mi\u0142o\u015bci utraconych rodzic\u00f3w.<\/p>\n<p>Jednak \u015bwiadomo\u015b\u0107, \u017ce kto\u015b przej\u0105\u0142 si\u0119 wyrz\u0105dzon\u0105 nam krzywd\u0105, \u017ce mogliby\u015bmy liczy\u0107 na pomoc w\u0142adz, pozwoli nam ja\u015bniej spojrze\u0107 na czekaj\u0105c\u0105 nas przysz\u0142o\u015b\u0107, pozwoli czu\u0107 si\u0119 nam bezpieczniej.<\/p>\n<p><a href=\"http:\/\/ojczyzna.pl\/dzieciwojny\/sochy.html\">http:\/\/ojczyzna.pl\/dzieciwojny\/sochy.html<\/a><\/p>\n<p><img loading=\"lazy\" decoding=\"async\" class=\"aligncenter size-full wp-image-400\" src=\"http:\/\/www.anti-defamation.pl\/english\/wp-content\/uploads\/2016\/06\/sochycment.jpg\" alt=\"sochycment\" width=\"550\" height=\"413\" \/><\/p><\/blockquote>\n","protected":false},"excerpt":{"rendered":"<p>W dniu 15.06.2016 roku w Zwierzy\u0144cu pod Zamo\u015bciem odby\u0142o si\u0119 spotkanie przedstawicieli RDI z mieszka\u0144cami wsi zamojskich, dotkni\u0119tych podczas II wojny \u015bwiatowej bestialstwem niemieckim. Spotkanie zosta\u0142o zorganizowane dzi\u0119ki uprzejmo\u015bci Pos\u0142a tej ziemi Pana S\u0142awomira Zawi\u015blaka. W spotkaniu uczestniczy\u0142o oko\u0142o 120 os\u00f3b, w wi\u0119kszo\u015bci bezpo\u015brednich poszkodowanych, kt\u00f3rzy jako dzieci prze\u017cyli pacyfikacje swoich wsi. Spotkanie mia\u0142o na [&hellip;]<\/p>\n","protected":false},"author":3,"featured_media":471295,"comment_status":"open","ping_status":"open","sticky":false,"template":"","format":"standard","meta":{"_et_pb_use_builder":"","_et_pb_old_content":"","_et_gb_content_width":"","sfsi_plus_gutenberg_text_before_share":"","sfsi_plus_gutenberg_show_text_before_share":"","sfsi_plus_gutenberg_icon_type":"","sfsi_plus_gutenberg_icon_alignemt":"","sfsi_plus_gutenburg_max_per_row":"","footnotes":""},"categories":[39,42],"tags":[],"class_list":["post-470905","post","type-post","status-publish","format-standard","has-post-thumbnail","hentry","category-aktualnosci","category-spotkania"],"_links":{"self":[{"href":"https:\/\/rdi.org.pl\/english\/wp-json\/wp\/v2\/posts\/470905","targetHints":{"allow":["GET"]}}],"collection":[{"href":"https:\/\/rdi.org.pl\/english\/wp-json\/wp\/v2\/posts"}],"about":[{"href":"https:\/\/rdi.org.pl\/english\/wp-json\/wp\/v2\/types\/post"}],"author":[{"embeddable":true,"href":"https:\/\/rdi.org.pl\/english\/wp-json\/wp\/v2\/users\/3"}],"replies":[{"embeddable":true,"href":"https:\/\/rdi.org.pl\/english\/wp-json\/wp\/v2\/comments?post=470905"}],"version-history":[{"count":1,"href":"https:\/\/rdi.org.pl\/english\/wp-json\/wp\/v2\/posts\/470905\/revisions"}],"predecessor-version":[{"id":473006,"href":"https:\/\/rdi.org.pl\/english\/wp-json\/wp\/v2\/posts\/470905\/revisions\/473006"}],"wp:featuredmedia":[{"embeddable":true,"href":"https:\/\/rdi.org.pl\/english\/wp-json\/wp\/v2\/media\/471295"}],"wp:attachment":[{"href":"https:\/\/rdi.org.pl\/english\/wp-json\/wp\/v2\/media?parent=470905"}],"wp:term":[{"taxonomy":"category","embeddable":true,"href":"https:\/\/rdi.org.pl\/english\/wp-json\/wp\/v2\/categories?post=470905"},{"taxonomy":"post_tag","embeddable":true,"href":"https:\/\/rdi.org.pl\/english\/wp-json\/wp\/v2\/tags?post=470905"}],"curies":[{"name":"wp","href":"https:\/\/api.w.org\/{rel}","templated":true}]}}