{"id":470906,"date":"2016-06-25T10:19:27","date_gmt":"2016-06-25T10:19:27","guid":{"rendered":"http:\/\/www.anti-defamation.pl\/english\/?p=405"},"modified":"2024-04-12T15:15:19","modified_gmt":"2024-04-12T13:15:19","slug":"reduta-podejmuje-obrone-wizerunku-sw-jana-pawla-ii","status":"publish","type":"post","link":"https:\/\/rdi.org.pl\/english\/reduta-podejmuje-obrone-wizerunku-sw-jana-pawla-ii\/","title":{"rendered":"Reduta podejmuje obron\u0119 wizerunku \u015aw. Jana Paw\u0142a II"},"content":{"rendered":"<div id=\"attachment_407\" style=\"width: 336px\" class=\"wp-caption alignright\"><img loading=\"lazy\" decoding=\"async\" aria-describedby=\"caption-attachment-407\" class=\"wp-image-407\" src=\"http:\/\/www.anti-defamation.pl\/english\/wp-content\/uploads\/2016\/06\/John_Paul_II_Medal_of_Freedom_2004.jpg\" width=\"326\" height=\"489\" \/><p id=\"caption-attachment-407\" class=\"wp-caption-text\">zr\u00f3d\u0142o: Wikipedia<\/p><\/div>\n<p style=\"text-align: justify;\">Uczucia religijne katolik\u00f3w, pomimo powszechnie obowi\u0105zuj\u0105cych prawnych zasad ochrony tego dobra, s\u0105 w r\u00f3\u017cny spos\u00f3b naruszane na masow\u0105 skal\u0119.<\/p>\n<p style=\"text-align: justify;\">Jednym z przyk\u0142ad\u00f3w jest zniewa\u017canie \u015aw. Jana Paw\u0142a II, kt\u00f3ry jako \u015bwi\u0119ty Ko\u015bcio\u0142a Katolickiego w szczeg\u00f3lny spos\u00f3b jest otaczany kultem przez Polak\u00f3w.<\/p>\n<p style=\"text-align: justify;\">Odpowiadaj\u0105c na potrzeb\u0119 przeciwdzia\u0142ania fali nienawi\u015bci i zniewag, coraz \u015bmielej formu\u0142owanych w przestrzeni publicznej, Reduta Dobrego Imienia podj\u0119\u0142a pierwsze kroki, w celu usuwania z niej tre\u015bci g\u0142\u0119boko zniewa\u017caj\u0105cych \u015aw. Jana Paw\u0142a II.<\/p>\n<p style=\"text-align: justify;\">R\u00f3\u017cne serwisy internetowe portale spo\u0142eczno\u015bciowe, informacyjne s\u0105 przepe\u0142nione publikacjami uderzaj\u0105cymi w uczucia religijne. Stan taki nie mo\u017ce by\u0107 akceptowany.<\/p>\n<p style=\"text-align: justify;\"><strong>W ramach podj\u0119tych dzia\u0142a\u0144 RDI wezwa\u0142a m.in. Google Poland Sp. z.o.o do natychmiastowego usuni\u0119cia obra\u017aliwych i znies\u0142awiaj\u0105cych \u015aw. Jana Paw\u0142a II film\u00f3w, kt\u00f3re s\u0105 rozpowszechniane w ramach serwisu YouTube.<\/strong><\/p>\n<p style=\"text-align: justify;\">O przebiegu dzia\u0142a\u0144 b\u0119dziemy na bie\u017c\u0105co informowa\u0107.<\/p>\n<p style=\"text-align: justify;\">Maciej \u015awirski<\/p>\n<p style=\"text-align: justify;\">Prezes Zarz\u0105du<br \/>\nReduta Dobrego Imienia<\/p>\n","protected":false},"excerpt":{"rendered":"<p>Uczucia religijne katolik\u00f3w, pomimo powszechnie obowi\u0105zuj\u0105cych prawnych zasad ochrony tego dobra, s\u0105 w r\u00f3\u017cny spos\u00f3b naruszane na masow\u0105 skal\u0119. Jednym z przyk\u0142ad\u00f3w jest zniewa\u017canie \u015aw. Jana Paw\u0142a II, kt\u00f3ry jako \u015bwi\u0119ty Ko\u015bcio\u0142a Katolickiego w szczeg\u00f3lny spos\u00f3b jest otaczany kultem przez Polak\u00f3w. Odpowiadaj\u0105c na potrzeb\u0119 przeciwdzia\u0142ania fali nienawi\u015bci i zniewag, coraz \u015bmielej formu\u0142owanych w przestrzeni publicznej, [&hellip;]<\/p>\n","protected":false},"author":3,"featured_media":471295,"comment_status":"open","ping_status":"open","sticky":false,"template":"","format":"standard","meta":{"_et_pb_use_builder":"","_et_pb_old_content":"","_et_gb_content_width":"","sfsi_plus_gutenberg_text_before_share":"","sfsi_plus_gutenberg_show_text_before_share":"","sfsi_plus_gutenberg_icon_type":"","sfsi_plus_gutenberg_icon_alignemt":"","sfsi_plus_gutenburg_max_per_row":"","footnotes":""},"categories":[1],"tags":[],"class_list":["post-470906","post","type-post","status-publish","format-standard","has-post-thumbnail","hentry","category-bez-kategorii"],"_links":{"self":[{"href":"https:\/\/rdi.org.pl\/english\/wp-json\/wp\/v2\/posts\/470906","targetHints":{"allow":["GET"]}}],"collection":[{"href":"https:\/\/rdi.org.pl\/english\/wp-json\/wp\/v2\/posts"}],"about":[{"href":"https:\/\/rdi.org.pl\/english\/wp-json\/wp\/v2\/types\/post"}],"author":[{"embeddable":true,"href":"https:\/\/rdi.org.pl\/english\/wp-json\/wp\/v2\/users\/3"}],"replies":[{"embeddable":true,"href":"https:\/\/rdi.org.pl\/english\/wp-json\/wp\/v2\/comments?post=470906"}],"version-history":[{"count":1,"href":"https:\/\/rdi.org.pl\/english\/wp-json\/wp\/v2\/posts\/470906\/revisions"}],"predecessor-version":[{"id":473007,"href":"https:\/\/rdi.org.pl\/english\/wp-json\/wp\/v2\/posts\/470906\/revisions\/473007"}],"wp:featuredmedia":[{"embeddable":true,"href":"https:\/\/rdi.org.pl\/english\/wp-json\/wp\/v2\/media\/471295"}],"wp:attachment":[{"href":"https:\/\/rdi.org.pl\/english\/wp-json\/wp\/v2\/media?parent=470906"}],"wp:term":[{"taxonomy":"category","embeddable":true,"href":"https:\/\/rdi.org.pl\/english\/wp-json\/wp\/v2\/categories?post=470906"},{"taxonomy":"post_tag","embeddable":true,"href":"https:\/\/rdi.org.pl\/english\/wp-json\/wp\/v2\/tags?post=470906"}],"curies":[{"name":"wp","href":"https:\/\/api.w.org\/{rel}","templated":true}]}}