{"id":470908,"date":"2016-07-06T19:29:20","date_gmt":"2016-07-06T19:29:20","guid":{"rendered":"http:\/\/www.anti-defamation.pl\/english\/?p=419"},"modified":"2024-04-12T15:15:24","modified_gmt":"2024-04-12T13:15:24","slug":"informacja-rdi-na-temat-dzialan-w-sprawie-zwiastuna-filmu-imperium","status":"publish","type":"post","link":"https:\/\/rdi.org.pl\/english\/informacja-rdi-na-temat-dzialan-w-sprawie-zwiastuna-filmu-imperium\/","title":{"rendered":"Informacja RDI na temat dzia\u0142a\u0144 w sprawie zwiastuna filmu Imperium"},"content":{"rendered":"<p style=\"text-align: justify;\">W dniu 5.07.2016 roku na profilu Lionsgate Movies na Youtube opublikowano zwiastun filmu \u201eImperium\u201d z Danielem Radcliffe w roli g\u0142\u00f3wnej. Jak wynika z opisu, fabu\u0142a filmu oparta jest na faktach \u2013 historii agenta FBI kt\u00f3ry przenika do grupy neonazistowskiej planuj\u0105cej akcje terrorystyczne. W zwiastunie wykorzystano w uj\u0119cie filmowe z kt\u00f3rego\u015b Marszu Niepodleg\u0142o\u015bci, na kt\u00f3rych widoczne s\u0105 powiewaj\u0105ce na wietrze polskie flagi narodowe niesione przez uczestnik\u00f3w marszu, tak jak wszyscy to znamy.<\/p>\n<p style=\"text-align: justify;\">Dalsze sceny zwiastuna sugeruj\u0105, \u017ce to uj\u0119cie jest scen\u0105 z marszu w kt\u00f3rym uczestnicz\u0105 neonazistowskie postaci z filmu.<\/p>\n<p style=\"text-align: justify;\">Tego rodzaju oburzaj\u0105ce i uw\u0142aczaj\u0105ce u\u017cycie polskich barw narodowych przez tw\u00f3rc\u00f3w filmu wymaga reakcji. Dzia\u0142 Dokumentacji i Analiz \u00a0oraz Dzia\u0142 Wykonawczy Reduty Dobrego Imienia ustala szczeg\u00f3\u0142y dotycz\u0105ce tej produkcji filmowej, kt\u00f3ra ma wej\u015b\u0107 na ekrany kin na \u015bwiecie w dniu 19 sierpnia 2016 roku.<\/p>\n<p style=\"text-align: justify;\">Pracownicy, cz\u0142onkowie i wsp\u00f3\u0142pracownicy RDI w Polsce i w Los Angeles ustalaj\u0105, czy w filmie wykorzystano polskie symbole narodowe celowo.<\/p>\n<p style=\"text-align: justify;\">Opracowywana jest petycja do producent\u00f3w filmu, kt\u00f3rej uruchomienie planowane jest w czwartek, 7. Lipca 2016 w godzinach przedpo\u0142udniowych<\/p>\n<p style=\"text-align: justify;\">O dalszych czynno\u015bciach b\u0119dziemy informowali.<\/p>\n<p style=\"text-align: justify;\">Maciej \u015awirski<\/p>\n<p style=\"text-align: justify;\">Zwiastun:<\/p>\n<p>https:\/\/youtu.be\/-QRs4S4xoWk<\/p>\n","protected":false},"excerpt":{"rendered":"<p>W dniu 5.07.2016 roku na profilu Lionsgate Movies na Youtube opublikowano zwiastun filmu \u201eImperium\u201d z Danielem Radcliffe w roli g\u0142\u00f3wnej. Jak wynika z opisu, fabu\u0142a filmu oparta jest na faktach \u2013 historii agenta FBI kt\u00f3ry przenika do grupy neonazistowskiej planuj\u0105cej akcje terrorystyczne. W zwiastunie wykorzystano w uj\u0119cie filmowe z kt\u00f3rego\u015b Marszu Niepodleg\u0142o\u015bci, na kt\u00f3rych widoczne [&hellip;]<\/p>\n","protected":false},"author":3,"featured_media":471295,"comment_status":"open","ping_status":"open","sticky":false,"template":"","format":"standard","meta":{"_et_pb_use_builder":"","_et_pb_old_content":"","_et_gb_content_width":"","sfsi_plus_gutenberg_text_before_share":"","sfsi_plus_gutenberg_show_text_before_share":"","sfsi_plus_gutenberg_icon_type":"","sfsi_plus_gutenberg_icon_alignemt":"","sfsi_plus_gutenburg_max_per_row":"","footnotes":""},"categories":[39],"tags":[],"class_list":["post-470908","post","type-post","status-publish","format-standard","has-post-thumbnail","hentry","category-aktualnosci"],"_links":{"self":[{"href":"https:\/\/rdi.org.pl\/english\/wp-json\/wp\/v2\/posts\/470908","targetHints":{"allow":["GET"]}}],"collection":[{"href":"https:\/\/rdi.org.pl\/english\/wp-json\/wp\/v2\/posts"}],"about":[{"href":"https:\/\/rdi.org.pl\/english\/wp-json\/wp\/v2\/types\/post"}],"author":[{"embeddable":true,"href":"https:\/\/rdi.org.pl\/english\/wp-json\/wp\/v2\/users\/3"}],"replies":[{"embeddable":true,"href":"https:\/\/rdi.org.pl\/english\/wp-json\/wp\/v2\/comments?post=470908"}],"version-history":[{"count":1,"href":"https:\/\/rdi.org.pl\/english\/wp-json\/wp\/v2\/posts\/470908\/revisions"}],"predecessor-version":[{"id":473008,"href":"https:\/\/rdi.org.pl\/english\/wp-json\/wp\/v2\/posts\/470908\/revisions\/473008"}],"wp:featuredmedia":[{"embeddable":true,"href":"https:\/\/rdi.org.pl\/english\/wp-json\/wp\/v2\/media\/471295"}],"wp:attachment":[{"href":"https:\/\/rdi.org.pl\/english\/wp-json\/wp\/v2\/media?parent=470908"}],"wp:term":[{"taxonomy":"category","embeddable":true,"href":"https:\/\/rdi.org.pl\/english\/wp-json\/wp\/v2\/categories?post=470908"},{"taxonomy":"post_tag","embeddable":true,"href":"https:\/\/rdi.org.pl\/english\/wp-json\/wp\/v2\/tags?post=470908"}],"curies":[{"name":"wp","href":"https:\/\/api.w.org\/{rel}","templated":true}]}}