{"id":470913,"date":"2016-07-27T06:45:55","date_gmt":"2016-07-27T06:45:55","guid":{"rendered":"http:\/\/www.anti-defamation.pl\/english\/?p=460"},"modified":"2016-07-27T06:45:55","modified_gmt":"2016-07-27T06:45:55","slug":"ambasador-polskosci-na-sdm-i-sprostowanie-toronto-star","status":"publish","type":"post","link":"https:\/\/rdi.org.pl\/english\/ambasador-polskosci-na-sdm-i-sprostowanie-toronto-star\/","title":{"rendered":"Ambasador Polsko\u015bci na \u015aDM i sprostowanie Toronto Star"},"content":{"rendered":"<p><strong>Ambasador Polsko\u015bci<\/strong><\/p>\n<p>W zwi\u0105zku z rozpoczynaj\u0105cymi si\u0119 \u015awiatowymi Dniami M\u0142odzie\u017cy <span class=\"il\">Reduta<\/span> we wsp\u00f3\u0142pracy z MSZ przygotowa\u0142a dla rodzin przyjmuj\u0105cych pielgrzym\u00f3w podr\u0119cznik o tym jak promowa\u0107 Polsk\u0119 i polskie warto\u015bci. Celem publikacji jest wzmocnienie wizerunku Polski jako nowoczesnego kraju, kt\u00f3ry wni\u00f3s\u0142 w\u0142asny, oryginalny wk\u0142ad w dzieje Europy i \u015bwiata dzi\u0119ki silnej to\u017csamo\u015bci opartej na chrze\u015bcija\u0144skich warto\u015bciach. Materia\u0142 przekazuje informacje o Polsce: jej kulturze, historii, walorach turystycznych etc. w kontek\u015bcie wydarzenia, jakim s\u0105 \u015awiatowe Dni M\u0142odzie\u017cy.<\/p>\n<p>Publikacja w wersji papierowej dystrybuowana jest za po\u015brednictwem diecezji.<br \/>\nDost\u0119pna jest tak\u017ce w wersji elektronicznej link poni\u017cej.<\/p>\n<p>Dzielmy si\u0119 POLSKO\u015aCI\u0104 z naszymi go\u015b\u0107mi!<\/p>\n<p>Pozdrawiamy,<br \/>\nZesp\u00f3\u0142 <span class=\"il\">Reduty<\/span> <span class=\"il\">Dobrego<\/span> <span class=\"il\">Imienia<\/span><\/p>\n<p><a href=\"http:\/\/www.msz.gov.pl\/resource\/045d60da-0fa7-4f2d-8b9a-000069e7c151:JCR\">http:\/\/www.msz.gov.pl\/resource\/045d60da-0fa7-4f2d-8b9a-000069e7c151:JCR<\/a><\/p>\n<hr \/>\n<p><strong>Reduta<\/strong><strong> protestuje, The Toronto Star prostuje<\/strong><\/p>\n<p><span class=\"il\">Reduta<\/span> dzia\u0142a skutecznie. W reakcji na interwencj\u0119 w sprawie publikacji The Toronto Star o kanadyjskich ofiarach holocaustu redakcja opublikowa\u0142a stosowne sprostowanie o czym poinformowa\u0142a nas redaktor wydawnicza Kathy English. Tym sposobem czytelnik tego poczytnego kanadyjskiego dziennika ma mo\u017cliwo\u015b\u0107 poznania oczywistego faktu, \u017ce w\u015br\u00f3d ofiar obozu koncentracyjnego na Majdanku byli Polacy. Wed\u0142ug bowiem fragmentu oprotestowanego przez nas artyku\u0142u zatytu\u0142owanego \u201eHatered, the Holocaust and new refugee crisis\u201d w obozie KL Lublin ucierpieli wy\u0142\u0105cznie Romowie, \u017bydzi, Sowieci i homoseksuali\u015bci.<\/p>\n<p>Poni\u017cej zamieszczamy list <span class=\"il\">Reduty<\/span> do redaktora naczelnego The Toronto Star.<\/p>\n<hr \/>\n<p>Maciej \u015awirski<br \/>\nFundacja <span class=\"il\">Reduta<\/span> <span class=\"il\">Dobrego<\/span> <span class=\"il\">Imienia<\/span><br \/>\n&#8211; Polska Liga Przeciw Znies\u0142awieniom<br \/>\nUl. Chmielna 11 lok. 800-021 Warszawa<\/p>\n<p style=\"text-align: right;\">Warszawa, dnia 11 lipca 2016<\/p>\n<p>Toronto Star<br \/>\n1 Yonge Street<br \/>\nToronto, ONM5E 1E6<br \/>\nBureau of Accuracy\/Public Editor<\/p>\n<p style=\"text-align: left;\">Szanowni Pa\u0144stwo,<br \/>\n10 lipca na \u0142amach internetowego wydania Pa\u0144stwa dziennika <a href=\"http:\/\/thestar.com\" target=\"_blank\" data-saferedirecturl=\"https:\/\/www.google.com\/url?hl=pl&amp;q=http:\/\/thestar.com&amp;source=gmail&amp;ust=1469686922434000&amp;usg=AFQjCNEN6T5iikppHRF80ZRMzu3DxGqDxw\" rel=\"noopener\">thestar.com<\/a> ukaza\u0142 si\u0119 artyku\u0142 pi\u00f3ra Catherine Porter zatytu\u0142owany \u201dHatred, the Holocaust and the new refugee crisis\u201d.<br \/>\nW tek\u015bcie tym pojawi\u0142y si\u0119 informacje wypaczaj\u0105ce prawd\u0119 na temat historii niemieckiego obozu koncentracyjnego Majdanek. Wg informacji zamieszczonej pod zdj\u0119ciem poprzedzaj\u0105cym \u015br\u00f3dtytu\u0142 \u201cLublin\u201d w obozie \u015bmierci zbudowanym przez nazist\u00f3w w okupowanej Polsce, zamordowano 80 ty\u015b \u017byd\u00f3w, Rom\u00f3w, Sowiet\u00f3w i homoseksualist\u00f3w.<\/p>\n<p><span class=\"il\">Reduta<\/span> <span class=\"il\">Dobrego<\/span> <span class=\"il\">Imienia<\/span> &#8211; Polska Liga przeciw Znies\u0142awieniom Polish League Against Defamation \u017c\u0105da od wydawcy korekty tej niepe\u0142nej, a tym samym nieprawdziwej informacji. Zgodnie z bogato udokumentowan\u0105 prawd\u0105 historyczn\u0105, kt\u00f3ra nie pozostawia \u017cadnego pola do swobodnej interpretacji czy te\u017c manipulacji faktami, do narodowo\u015bci najbardziej dotkni\u0119tych niemieckim okrucie\u0144stwem nale\u017celi obok wi\u0119\u017ani\u00f3w narodowo\u015bci \u017cydowskiej w liczbie 59 tysi\u0119cy, tak\u017ce inne narodowo\u015bci, g\u0142\u00f3wnie Polacy i Bia\u0142orusini. Byli to zar\u00f3wno tzw. zwykli ludzie, schwytani podczas \u201c\u0142apanek\u201d, metody stosowanej przez Niemc\u00f3w w celu przeprowadza\u0144 zatrzyma\u0144 ludno\u015bci cywilnej polskich miastach przeznaczonej do wysiedle\u0144, rob\u00f3t przymusowych i oboz\u00f3w koncentracyjnych, jak r\u00f3wnie\u017c pozbawieni wolno\u015bci za dzia\u0142alno\u015b\u0107 w polskim ruchu oporu, najwi\u0119kszym<br \/>\nw okupowanej Europie, b\u0119d\u0105cym partyzanckim wojskiem. Nie mo\u017cna nie wspomnie\u0107 przy tym<br \/>\no Polakach masowo wysiedlanych z terenu nieodleg\u0142ej od obozu Majdanek Zamojszczyzny, kt\u00f3ra<br \/>\nw planach hitlerowskich Niemiec mia\u0142a by\u0107 skolonizowana przez ludno\u015b\u0107 niemieck\u0105, a polskie dzieci by\u0142y przez Niemc\u00f3w porywane w celu germanizacji. Tysi\u0119cy z nich ju\u017c nie odnaleziono.<\/p>\n<p>Polska ponios\u0142a najwi\u0119ksze straty w stosunku do liczby ludno\u015bci ze wszystkich pa\u0144stw kt\u00f3re zosta\u0142y napadni\u0119te przez Niemcy w wojn\u0119 \u2013 prawie 20% .<\/p>\n<p>Tak\u017ce usytuowanie element\u00f3w niemieckiej infrastruktury zag\u0142ady na terenach polskich, kt\u00f3rej najwa\u017cniejsz\u0105 cz\u0119\u015bci\u0105 by\u0142y niemieckie nazistowskie obozy \u015bmierci, bezpo\u015brednio, bole\u015bnie<br \/>\ni bardzo wymiernym wymiarze prze\u0142o\u017cy\u0142o si\u0119 na \u015bmier\u0107 setek tysi\u0119cy Polak\u00f3w b\u0119d\u0105cych ofiarami tego nieludzkiego etapu historii XX w. Od tej zasady nie by\u0142o wyj\u0105tk\u00f3w. Nie by\u0142 nim r\u00f3wnie\u017c ob\u00f3z na Majdanku ko\u0142o Lublina. Niemieckie obozy koncentracyjne i zag\u0142ady ulokowano w Polsce dlatego, \u017ce tu mieszka\u0142a ludno\u015b\u0107 \u2013 polska i \u017cydowska, kt\u00f3ra wed\u0142ug niemieckich plan\u00f3w mia\u0142a by\u0107 wyniszczona.<\/p>\n<p>Ponadto zastosowanie podzia\u0142u ofiar obozu na Majdanku na \u017byd\u00f3w, homoseksualist\u00f3w, sowiet\u00f3w, Rom\u00f3w wprowadza w b\u0142\u0105d Pa\u0144stwa czytelnik\u00f3w, sugeruje bowiem, \u017ce albo w\u015br\u00f3d ofiar obozu nie by\u0142o przedstawicieli innych narodowo\u015bci ni\u017c romska czy \u017cydowska, albo \u017ce w\u015br\u00f3d tych narodowo\u015bci nie by\u0142o homoseksualist\u00f3w i sowiet\u00f3w. Taki podzia\u0142 nie znajduje \u017cadnego uzasadnienia, gdy\u017c nawet klasyfikacja u\u017cywana przez tw\u00f3rc\u00f3w obozu koncentracyjnego Majdanek maj\u0105ca na celu stygmatyzacj\u0119 okre\u015blonych grup spo\u0142ecznych i narodowo\u015bciowych, nie pokrywa si\u0119 z tym, kt\u00f3ry zamie\u015bcili Pa\u0144stwo na swoich \u0142amach.<\/p>\n<p>Wierzymy, i\u017c to przeinaczenie fakt\u00f3w nie jest instrumentalnym i wybi\u00f3rczym wykorzystywaniem tragicznej historii II Wojny \u015awiatowej w stronniczym opisie aktualnego kryzysu migracyjnego, lecz &#8211; co prawda ra\u017c\u0105cym, ale tylko &#8211; niedopatrzeniem. W tym przekonaniu utwierdza nas kolejna ewidentna pomy\u0142ka faktograficzna w omawianym artykule. Ob\u00f3z Majdanek zosta\u0142 wyzwolony nie przez Amerykan\u00f3w, jak to wynika z artyku\u0142u, lecz \u017co\u0142nierzy Armii Czerwonej. Amerykanie w tym czasie walczyli na polach Normandii, za\u015b Sowieci z Armii Czerwonej podbijali tereny Europy Wschodniej, by na d\u0142ugie dziesi\u0119ciolecia pozosta\u0107 na tych terenach. Polacy stawiali im op\u00f3r, co<br \/>\nw ko\u0144cu, dzi\u0119ki Solidarno\u015bci zako\u0144czy\u0142o si\u0119 zwyci\u0119stwem nad sowieckim totalitarnym i r\u00f3wnie ludob\u00f3jczym jak nazizm re\u017cimem.<\/p>\n<p>Bior\u0105c to wszystko pod uwag\u0119 prosz\u0119 o skorygowanie waszego artyku\u0142u, kt\u00f3ry wprowadza w b\u0142\u0105d czytelnik\u00f3w tak powa\u017cnego pisma, jakim jest Toronto Star.<\/p>\n<p style=\"text-align: right;\">Z powa\u017caniem<\/p>\n<p style=\"text-align: right;\">Maciej \u015awirski<\/p>\n<p style=\"text-align: right;\">Prezes Polskiej Ligi Przeciw Znies\u0142awieniom<\/p>\n<p>&nbsp;<\/p>\n","protected":false},"excerpt":{"rendered":"<p>Ambasador Polsko\u015bci W zwi\u0105zku z rozpoczynaj\u0105cymi si\u0119 \u015awiatowymi Dniami M\u0142odzie\u017cy Reduta we wsp\u00f3\u0142pracy z MSZ przygotowa\u0142a dla rodzin przyjmuj\u0105cych pielgrzym\u00f3w podr\u0119cznik o tym jak promowa\u0107 Polsk\u0119 i polskie warto\u015bci. Celem publikacji jest wzmocnienie wizerunku Polski jako nowoczesnego kraju, kt\u00f3ry wni\u00f3s\u0142 w\u0142asny, oryginalny wk\u0142ad w dzieje Europy i \u015bwiata dzi\u0119ki silnej to\u017csamo\u015bci opartej na chrze\u015bcija\u0144skich warto\u015bciach. [&hellip;]<\/p>\n","protected":false},"author":3,"featured_media":471295,"comment_status":"open","ping_status":"open","sticky":false,"template":"","format":"standard","meta":{"_et_pb_use_builder":"","_et_pb_old_content":"","_et_gb_content_width":"","sfsi_plus_gutenberg_text_before_share":"","sfsi_plus_gutenberg_show_text_before_share":"","sfsi_plus_gutenberg_icon_type":"","sfsi_plus_gutenberg_icon_alignemt":"","sfsi_plus_gutenburg_max_per_row":"","footnotes":""},"categories":[38],"tags":[],"class_list":["post-470913","post","type-post","status-publish","format-standard","has-post-thumbnail","hentry","category-uncategorized"],"_links":{"self":[{"href":"https:\/\/rdi.org.pl\/english\/wp-json\/wp\/v2\/posts\/470913","targetHints":{"allow":["GET"]}}],"collection":[{"href":"https:\/\/rdi.org.pl\/english\/wp-json\/wp\/v2\/posts"}],"about":[{"href":"https:\/\/rdi.org.pl\/english\/wp-json\/wp\/v2\/types\/post"}],"author":[{"embeddable":true,"href":"https:\/\/rdi.org.pl\/english\/wp-json\/wp\/v2\/users\/3"}],"replies":[{"embeddable":true,"href":"https:\/\/rdi.org.pl\/english\/wp-json\/wp\/v2\/comments?post=470913"}],"version-history":[{"count":0,"href":"https:\/\/rdi.org.pl\/english\/wp-json\/wp\/v2\/posts\/470913\/revisions"}],"wp:featuredmedia":[{"embeddable":true,"href":"https:\/\/rdi.org.pl\/english\/wp-json\/wp\/v2\/media\/471295"}],"wp:attachment":[{"href":"https:\/\/rdi.org.pl\/english\/wp-json\/wp\/v2\/media?parent=470913"}],"wp:term":[{"taxonomy":"category","embeddable":true,"href":"https:\/\/rdi.org.pl\/english\/wp-json\/wp\/v2\/categories?post=470913"},{"taxonomy":"post_tag","embeddable":true,"href":"https:\/\/rdi.org.pl\/english\/wp-json\/wp\/v2\/tags?post=470913"}],"curies":[{"name":"wp","href":"https:\/\/api.w.org\/{rel}","templated":true}]}}