{"id":470914,"date":"2016-07-28T13:30:57","date_gmt":"2016-07-28T13:30:57","guid":{"rendered":"http:\/\/www.anti-defamation.pl\/english\/?p=470"},"modified":"2024-04-12T15:15:36","modified_gmt":"2024-04-12T13:15:36","slug":"presja-ma-sens-warszawski-sad-uznal-argumentacje-reduty-w-sprawie-artykulu-o-zolnierzach-ak-egzekutorach-kontrwywiadu-kg-ak","status":"publish","type":"post","link":"https:\/\/rdi.org.pl\/english\/presja-ma-sens-warszawski-sad-uznal-argumentacje-reduty-w-sprawie-artykulu-o-zolnierzach-ak-egzekutorach-kontrwywiadu-kg-ak\/","title":{"rendered":"Presja ma sens! \u2013 warszawski s\u0105d uzna\u0142 argumentacj\u0119 Reduty w sprawie artyku\u0142u o \u017co\u0142nierzach AK egzekutorach kontrwywiadu KG AK"},"content":{"rendered":"<div id=\"attachment_233\" style=\"width: 457px\" class=\"wp-caption alignleft\"><img loading=\"lazy\" decoding=\"async\" aria-describedby=\"caption-attachment-233\" class=\"wp-image-233\" title=\"\u017bo\u0142nierze oddzia\u0142u 993\/W\" src=\"http:\/\/www.anti-defamation.pl\/english\/wp-content\/uploads\/2016\/03\/Tadeusz_Towarnicki_4.jpg\" alt=\"\u017bo\u0142nierze oddzia\u0142u 993\/W\" width=\"447\" height=\"606\" srcset=\"https:\/\/rdi.org.pl\/english\/wp-content\/uploads\/2016\/03\/Tadeusz_Towarnicki_4.jpg 553w, https:\/\/rdi.org.pl\/english\/wp-content\/uploads\/2016\/03\/Tadeusz_Towarnicki_4-221x300.jpg 221w, https:\/\/rdi.org.pl\/english\/wp-content\/uploads\/2016\/03\/Tadeusz_Towarnicki_4-480x651.jpg 480w\" sizes=\"auto, (max-width: 447px) 100vw, 447px\" \/><p id=\"caption-attachment-233\" class=\"wp-caption-text\">\u017bo\u0142nierze oddzia\u0142u 993\/W<\/p><\/div>\n<p style=\"text-align: justify;\">Z inicjatywy Reduty Dobrego Imienia, dwoje z cz\u0142onk\u00f3w rodziny B\u0105k \u2013 Zenon B\u0105k oraz El\u017cbieta Tymi\u0144ska pozwa\u0142o Redaktora Naczelnego tygodnika \u201eWprost\u201d. Zdaniem rodziny w materiale z dnia 21 lutego 2016 roku pt. \u201e<em>Licencja na zabijanie od Rzeczpospolitej\u201d<\/em> (tygodnik WPROST, nr 8\/2016, s. 80-82) pojawi\u0142y si\u0119 nieprawdziwe lub nie\u015bcis\u0142e informacje. Cz\u0142onkowie rodziny tzw. egzekutor\u00f3w z AK (braci B\u0105k) nie zgadzaj\u0105 si\u0119 m.in. z informacjami podanymi przez Wprost m.in. , \u017ce egzekutorzy nie wiedzieli czy wykonuj\u0105 wyrok s\u0105du, pl\u0105drowali sklepy, jako jedyni mieli opiek\u0119 lekarsk\u0105, chodzili \u201epo ulicach Warszawy\u201d z broni\u0105, byli \u201ezaczadzeni wojn\u0105\u201d a tak\u017ce, \u017ce jedna z akcji (akcja \u201eZa Kotar\u0105\u201d) by\u0142a pora\u017ck\u0105, za kt\u00f3r\u0105 jednak przyznano wysokie odznaczenia.<\/p>\n<p style=\"text-align: justify;\">Cz\u0142onk\u00f3w rodziny reprezentuje mec. Monika Brzozowska \u2013 Pasieka, z kancelarii Pasieka, Derlikowski, Brzozowska i Partnerzy, kt\u00f3ra specjalizuje si\u0119 w sprawach z zakresu prawa\u00a0prasowego i naruszenia d\u00f3br osobistych w mediach. Spraw\u0119 na bie\u017c\u0105co monitoruje Reduta Dobrego Imienia, kt\u00f3ra tak\u017ce pokrywa koszty adwokackie i s\u0105dowe.<\/p>\n<p style=\"text-align: justify;\">\u201e<em>W swojej praktyce \u2013 zw\u0142aszcza w ostatnich czasach \u2013 obserwuj\u0119 stale zwi\u0119kszaj\u0105c\u0105 si\u0119 liczb\u0119 spraw, gdzie po stronie pozwanej wyst\u0119puje szeroko rozumiana \u201eprasa\u201d (w tym wydawcy, autorzy materia\u0142\u00f3w, redaktorzy naczelni). Ta sprawa jest o tyle nietypowa, \u017ce jej przedmiotem jest sprostowanie nieprawdziwych informacji, ale dotycz\u0105cych os\u00f3b nie\u017cyj\u0105cych. Wniosek o sprostowanie z\u0142o\u017cy\u0142y redaktorowi naczelnemu osoby najbli\u017csze \u2013 dzieci zmar\u0142ych braci B\u0105k. To w\u0142a\u015bnie one wyst\u0119puj\u0105 z pow\u00f3dztwem przeciwko T. Wr\u00f3blewskiemu. Cho\u0107 prawo prasowe przewiduje tak\u0105 mo\u017cliwo\u015b\u0107, to do tej pory polskie s\u0105dy nie spotyka\u0142y si\u0119 z tak\u0105 formu\u0142\u0105 sprostowania i nie rozstrzyga\u0142y jeszcze spraw, gdzie \u201ezainteresowanym\u201d jest rodzina, opisywanej w mediach, osoby zmar\u0142ej <\/em>\u201d \u2013 m\u00f3wi\u00a0mec. Monika Brzozowska.<\/p>\n<p style=\"text-align: justify;\"><strong>W dniu 28 lipca 2016 r. odby\u0142a si\u0119 rozprawa, podczas kt\u00f3rej s\u0105d, po wys\u0142uchaniu stron w ca\u0142o\u015bci uzna\u0142 argumentacj\u0119 rodziny \u017co\u0142nierzy AK i Reduty Dobrego Imienia, nakazuj\u0105c redakcji \u201eWprost\u201d zamieszczenie sprostowania nieprawdziwych informacji zawartych w artykule.<\/strong><\/p>\n<p>&nbsp;<\/p>\n","protected":false},"excerpt":{"rendered":"<p>Z inicjatywy Reduty Dobrego Imienia, dwoje z cz\u0142onk\u00f3w rodziny B\u0105k \u2013 Zenon B\u0105k oraz El\u017cbieta Tymi\u0144ska pozwa\u0142o Redaktora Naczelnego tygodnika \u201eWprost\u201d. Zdaniem rodziny w materiale z dnia 21 lutego 2016 roku pt. \u201eLicencja na zabijanie od Rzeczpospolitej\u201d (tygodnik WPROST, nr 8\/2016, s. 80-82) pojawi\u0142y si\u0119 nieprawdziwe lub nie\u015bcis\u0142e informacje. Cz\u0142onkowie rodziny tzw. egzekutor\u00f3w z AK [&hellip;]<\/p>\n","protected":false},"author":3,"featured_media":471295,"comment_status":"open","ping_status":"open","sticky":false,"template":"","format":"standard","meta":{"_et_pb_use_builder":"","_et_pb_old_content":"","_et_gb_content_width":"","sfsi_plus_gutenberg_text_before_share":"","sfsi_plus_gutenberg_show_text_before_share":"","sfsi_plus_gutenberg_icon_type":"","sfsi_plus_gutenberg_icon_alignemt":"","sfsi_plus_gutenburg_max_per_row":"","footnotes":""},"categories":[39],"tags":[],"class_list":["post-470914","post","type-post","status-publish","format-standard","has-post-thumbnail","hentry","category-aktualnosci"],"_links":{"self":[{"href":"https:\/\/rdi.org.pl\/english\/wp-json\/wp\/v2\/posts\/470914","targetHints":{"allow":["GET"]}}],"collection":[{"href":"https:\/\/rdi.org.pl\/english\/wp-json\/wp\/v2\/posts"}],"about":[{"href":"https:\/\/rdi.org.pl\/english\/wp-json\/wp\/v2\/types\/post"}],"author":[{"embeddable":true,"href":"https:\/\/rdi.org.pl\/english\/wp-json\/wp\/v2\/users\/3"}],"replies":[{"embeddable":true,"href":"https:\/\/rdi.org.pl\/english\/wp-json\/wp\/v2\/comments?post=470914"}],"version-history":[{"count":1,"href":"https:\/\/rdi.org.pl\/english\/wp-json\/wp\/v2\/posts\/470914\/revisions"}],"predecessor-version":[{"id":473010,"href":"https:\/\/rdi.org.pl\/english\/wp-json\/wp\/v2\/posts\/470914\/revisions\/473010"}],"wp:featuredmedia":[{"embeddable":true,"href":"https:\/\/rdi.org.pl\/english\/wp-json\/wp\/v2\/media\/471295"}],"wp:attachment":[{"href":"https:\/\/rdi.org.pl\/english\/wp-json\/wp\/v2\/media?parent=470914"}],"wp:term":[{"taxonomy":"category","embeddable":true,"href":"https:\/\/rdi.org.pl\/english\/wp-json\/wp\/v2\/categories?post=470914"},{"taxonomy":"post_tag","embeddable":true,"href":"https:\/\/rdi.org.pl\/english\/wp-json\/wp\/v2\/tags?post=470914"}],"curies":[{"name":"wp","href":"https:\/\/api.w.org\/{rel}","templated":true}]}}