{"id":470918,"date":"2016-08-16T20:31:16","date_gmt":"2016-08-16T20:31:16","guid":{"rendered":"http:\/\/www.anti-defamation.pl\/english\/?p=551"},"modified":"2016-08-16T20:31:16","modified_gmt":"2016-08-16T20:31:16","slug":"ustawa-o-karaniu-za-polskie-obozy-koncentracyjne-skierowana-przez-rzad-do-sejmu","status":"publish","type":"post","link":"https:\/\/rdi.org.pl\/english\/ustawa-o-karaniu-za-polskie-obozy-koncentracyjne-skierowana-przez-rzad-do-sejmu\/","title":{"rendered":"Ustawa o karaniu za &#8222;polskie obozy koncentracyjne&#8221; skierowana przez rz\u0105d do Sejmu!"},"content":{"rendered":"<p style=\"text-align: justify;\">Zainicjowana i przeprowadzona przez Redut\u0119 Dobrego Imienia akcja zbierania podpis\u00f3w pod petycj\u0105 do Marsza\u0142ka Sejmu w sprawie uchwalenia prawa penalizuj\u0105cego u\u017cycie okre\u015ble\u0144 takich jak \u201epolskie obozy koncentracyjne\/polskie obozy \u015bmierci&#8221; spotka\u0142a si\u0119 z pozytywnym przyj\u0119ciem Rz\u0105du.<\/p>\n<p>Dzisiaj Rada Ministr\u00f3w zaakceptowa\u0142a projekt nowelizacji ustawy o IPN, kt\u00f3ry przewiduje nowe przest\u0119pstwo: &#8222;publicznego i wbrew faktom przypisywania Rzeczypospolitej Polskiej lub narodowi polskiemu odpowiedzialno\u015bci lub wsp\u00f3\u0142odpowiedzialno\u015bci za pope\u0142nione przez III Rzesz\u0119 Niemieck\u0105 zbrodnie nazistowskie&#8221;.<\/p>\n<p>Za pope\u0142nienie takiego czynu b\u0119dzie grozi\u0142a grzywna lub do 3 lat wi\u0119zienia. Taka sama kara ma grozi\u0107 r\u00f3wnie\u017c temu, kto &#8222;w inny spos\u00f3b ra\u017c\u0105co pomniejsza odpowiedzialno\u015b\u0107 rzeczywistych sprawc\u00f3w tych zbrodni&#8221;. Wed\u0142ug uzasadnienia, takimi wypowiedziami by\u0142oby np. &#8222;drastyczne minimalizowanie&#8221; zamiaru sprawc\u00f3w lub skali tych zbrodni.<\/p>\n<p style=\"text-align: justify;\">Ponad dwa lata temu rozpocz\u0119li\u015bmy zbieranie podpis\u00f3w pod petycj\u0105 do Sejmu w sprawie takiej ustawy. Pocz\u0105tkowo zbierali\u015bmy podpisy na kartach papierowych, p\u00f3\u017aniej &#8211; przez internet, przy wsp\u00f3\u0142pracy z systemem petycyjnym CitizenGo. W sumie zebrali\u015bmy ponad 40 tysi\u0119cy podpis\u00f3w.<\/p>\n<p style=\"text-align: justify;\">Prosimy zatem teraz o podpisanie naszej petycji tych z Pa\u0144stwa, kt\u00f3rzy jeszcze tego nie zrobili. Prosimy te\u017c o rozpropagowanie naszej akcji &#8211; tym razem chodzi o poparcie ustawy, kt\u00f3ra wreszcie pozwoli na skuteczn\u0105 walk\u0119 z plag\u0105 znies\u0142awie\u0144 Polski<\/p>\n<p style=\"text-align: justify;\">Klikni\u0119cie w poni\u017cszy klawisz &#8222;Podpisz&#8221; przeniesie Pa\u0144stwa do strony z petycj\u0105, gdzie po prawej stronie b\u0119dzie pole do wpisania swojego adresu mailowego. Klikni\u0119cie &#8222;Podpisz&#8221; spowoduje podpisanie petycji, kt\u00f3ra zostanie przez nas przekazana Marsza\u0142kowi Sejmu Panu Markowi Kuchci\u0144skiemu<\/p>\n<p style=\"text-align: justify;\">Maciej \u015awirski<\/p>\n<p style=\"text-align: justify;\">Prezes Reduty Dobrego Imienia<\/p>\n<p style=\"text-align: center;\"><a href=\"http:\/\/citizengo.org\/pl\/signit\/19462\/view\"><img loading=\"lazy\" decoding=\"async\" class=\"aligncenter wp-image-95 size-full\" src=\"http:\/\/www.anti-defamation.pl\/english\/wp-content\/uploads\/2015\/11\/podpisz-klawisz.jpg\" alt=\"podpisz klawisz\" width=\"225\" height=\"54\" \/><\/a><\/p>\n","protected":false},"excerpt":{"rendered":"<p>Zainicjowana i przeprowadzona przez Redut\u0119 Dobrego Imienia akcja zbierania podpis\u00f3w pod petycj\u0105 do Marsza\u0142ka Sejmu w sprawie uchwalenia prawa penalizuj\u0105cego u\u017cycie okre\u015ble\u0144 takich jak \u201epolskie obozy koncentracyjne\/polskie obozy \u015bmierci&#8221; spotka\u0142a si\u0119 z pozytywnym przyj\u0119ciem Rz\u0105du. Dzisiaj Rada Ministr\u00f3w zaakceptowa\u0142a projekt nowelizacji ustawy o IPN, kt\u00f3ry przewiduje nowe przest\u0119pstwo: &#8222;publicznego i wbrew faktom przypisywania Rzeczypospolitej Polskiej [&hellip;]<\/p>\n","protected":false},"author":3,"featured_media":471295,"comment_status":"open","ping_status":"open","sticky":false,"template":"","format":"standard","meta":{"_et_pb_use_builder":"","_et_pb_old_content":"","_et_gb_content_width":"","sfsi_plus_gutenberg_text_before_share":"","sfsi_plus_gutenberg_show_text_before_share":"","sfsi_plus_gutenberg_icon_type":"","sfsi_plus_gutenberg_icon_alignemt":"","sfsi_plus_gutenburg_max_per_row":"","footnotes":""},"categories":[39,43],"tags":[],"class_list":["post-470918","post","type-post","status-publish","format-standard","has-post-thumbnail","hentry","category-aktualnosci","category-petycje"],"_links":{"self":[{"href":"https:\/\/rdi.org.pl\/english\/wp-json\/wp\/v2\/posts\/470918","targetHints":{"allow":["GET"]}}],"collection":[{"href":"https:\/\/rdi.org.pl\/english\/wp-json\/wp\/v2\/posts"}],"about":[{"href":"https:\/\/rdi.org.pl\/english\/wp-json\/wp\/v2\/types\/post"}],"author":[{"embeddable":true,"href":"https:\/\/rdi.org.pl\/english\/wp-json\/wp\/v2\/users\/3"}],"replies":[{"embeddable":true,"href":"https:\/\/rdi.org.pl\/english\/wp-json\/wp\/v2\/comments?post=470918"}],"version-history":[{"count":0,"href":"https:\/\/rdi.org.pl\/english\/wp-json\/wp\/v2\/posts\/470918\/revisions"}],"wp:featuredmedia":[{"embeddable":true,"href":"https:\/\/rdi.org.pl\/english\/wp-json\/wp\/v2\/media\/471295"}],"wp:attachment":[{"href":"https:\/\/rdi.org.pl\/english\/wp-json\/wp\/v2\/media?parent=470918"}],"wp:term":[{"taxonomy":"category","embeddable":true,"href":"https:\/\/rdi.org.pl\/english\/wp-json\/wp\/v2\/categories?post=470918"},{"taxonomy":"post_tag","embeddable":true,"href":"https:\/\/rdi.org.pl\/english\/wp-json\/wp\/v2\/tags?post=470918"}],"curies":[{"name":"wp","href":"https:\/\/api.w.org\/{rel}","templated":true}]}}