{"id":470919,"date":"2016-08-22T12:11:40","date_gmt":"2016-08-22T12:11:40","guid":{"rendered":"http:\/\/www.anti-defamation.pl\/english\/?p=570"},"modified":"2016-08-22T12:11:40","modified_gmt":"2016-08-22T12:11:40","slug":"polskie-dzieci-odbierane-w-holandii-jozio-w-norwegii-nowe-informacje","status":"publish","type":"post","link":"https:\/\/rdi.org.pl\/english\/polskie-dzieci-odbierane-w-holandii-jozio-w-norwegii-nowe-informacje\/","title":{"rendered":"Polskie dzieci odbierane w Holandii. J\u00f3zio w Norwegii &#8211; nowe informacje"},"content":{"rendered":"<hr \/>\n<p><strong>Holendrzy odebrali Polakom ponad 100 dzieci<\/strong><\/p>\n<p>Przedstawiciel Reduty Dobrego Imienia w Amsterdamie alarmuje o wzrastaj\u0105cym problemie odbierania dzieci polskim rodzinom przebywaj\u0105cym w Holandii. Tylko w ostatnim roku zanotowano ponad 100 takich przypadk\u00f3w. W kilku z nich fina\u0142 okaza\u0142 si\u0119 tragiczny. Kobiety, kt\u00f3rym odebrano potomstwo pope\u0142ni\u0142y samob\u00f3jstwo. Jedno z dzieci zosta\u0142o odebrane matce zaraz po porodzie.<\/p>\n<p>Spraw\u0119 na bie\u017c\u0105co monitoruje Fundacja Euro Polonia, kt\u00f3ra na zasadach wolontariatu pozbawiona pomocy ze strony Ambasady i Konsulatu niesie pomoc prawn\u0105, psychologiczn\u0105 i finansow\u0105 poszkodowanym rodzinom anga\u017cuj\u0105c przy tym w\u0142asne fundusze.<\/p>\n<p>Fundacja dzia\u0142a od 6 lat, ale nie wiadomo czy przetrwa. Alarmuj\u0105ce i wr\u0119cz b\u0142agalne listy o pomoc do Ambasady i Konsulatu RP w Holandii, Senator\u00f3w, Rady Polonii pozostaj\u0105 bez odpowiedzi. Je\u015bli Fundacja Euro Polonia zostanie zamkni\u0119ta polskie rodziny, kt\u00f3re cz\u0119sto nie ze swojej winy znalaz\u0142y si\u0119 w dramatycznej sytuacji, pozostawione zostan\u0105 bez pomocy &#8211; alarmuje przedstawiciel Reduty w Holandii.<\/p>\n<p>Organizacje holenderskie nie s\u0105 przyja\u017anie nastawione do Polak\u00f3w. Przyczyn\u0105 takiego stanu rzeczy jest m. in. prowadzona od lat nieobiektywna, a wr\u0119cz wroga kampania medialna na temat Polski i Polak\u00f3w, zaostrzona pod koniec 2015 roku, po obj\u0119ciu rz\u0105du przez Zjednoczon\u0105 Prawic\u0119.<\/p>\n<p>Reduta b\u0119dzie monitorowa\u0107 rozw\u00f3j sytuacji i zwr\u00f3ci si\u0119 do MSZ o pomoc w sprawach polskich dzieci rabowanych przez Holendr\u00f3w.<\/p>\n<hr \/>\n<p><strong>J\u00f3zio z Norwegii otrzyma\u0142\u00a0 tymczasowy polski paszport<\/strong><\/p>\n<p>Trzynastoletni J\u00f3zio, kt\u00f3ry po \u015bmierci mamy zosta\u0142 przej\u0119ty si\u0142\u0105 przez Urz\u0105d ds. Dzieci (w kt\u00f3rego sprawie Reduta Dobrego Imienia wielokrotnie interweniowa\u0142a, o czym informowali\u015bmy), otrzyma\u0142 tymczasowy polski paszport.<\/p>\n<p>By\u0142o to mo\u017cliwe m.in. dzi\u0119ki pomocy MSZ, kt\u00f3rego urz\u0119dnicy mimo trudno\u015bci czynionych przez pracownik\u00f3w norweskiej plac\u00f3wki opieku\u0144czej zdo\u0142ali zablokowa\u0107 procedur\u0119 pozbawienia J\u00f3zia obywatelstwa. Na spotkaniu z Konsulem prowadzonym w obecno\u015bci urz\u0119dnik\u00f3w Barnevernet J\u00f3zio cytowa\u0142 wyuczone frazy o tym, \u017ce w Polsce jest bieda, dzieci nie maj\u0105 komputer\u00f3w, a Norwegia jest bardzo bogata i zapewni mu dostatnie \u017cycie.<\/p>\n<p>Ostatecznie, mimo manipulacji norweskich urz\u0119dnik\u00f3w, J\u00f3zio odm\u00f3wi\u0142 przyj\u0119cia obywatelstwa norweskiego.<\/p>\n<p>Mieszkaj\u0105ca w Polsce babcia J\u00f3zia wci\u0105\u017c czeka na rozpatrzenie wniosku o przej\u0119cie opieki nad wnukiem jaki z\u0142o\u017cy\u0142a w Strasburgu ponad dwa lata temu.<\/p>\n<p>Obecnie J\u00f3zio do ponad p\u00f3\u0142 roku przebywa w nowej rodzinie zast\u0119pczej w znaczenie lepszych warunkach ni\u017c do tej pory. Reduta w dalszym ci\u0105gu monitoruje spraw\u0119.<\/p>\n<p>Zesp\u00f3\u0142 Reduty Dobrego Imienia<\/p>\n<p>&nbsp;<\/p>\n","protected":false},"excerpt":{"rendered":"<p>Holendrzy odebrali Polakom ponad 100 dzieci Przedstawiciel Reduty Dobrego Imienia w Amsterdamie alarmuje o wzrastaj\u0105cym problemie odbierania dzieci polskim rodzinom przebywaj\u0105cym w Holandii. Tylko w ostatnim roku zanotowano ponad 100 takich przypadk\u00f3w. W kilku z nich fina\u0142 okaza\u0142 si\u0119 tragiczny. Kobiety, kt\u00f3rym odebrano potomstwo pope\u0142ni\u0142y samob\u00f3jstwo. Jedno z dzieci zosta\u0142o odebrane matce zaraz po porodzie. [&hellip;]<\/p>\n","protected":false},"author":3,"featured_media":471295,"comment_status":"open","ping_status":"open","sticky":false,"template":"","format":"standard","meta":{"_et_pb_use_builder":"","_et_pb_old_content":"","_et_gb_content_width":"","sfsi_plus_gutenberg_text_before_share":"","sfsi_plus_gutenberg_show_text_before_share":"","sfsi_plus_gutenberg_icon_type":"","sfsi_plus_gutenberg_icon_alignemt":"","sfsi_plus_gutenburg_max_per_row":"","footnotes":""},"categories":[38],"tags":[],"class_list":["post-470919","post","type-post","status-publish","format-standard","has-post-thumbnail","hentry","category-uncategorized"],"_links":{"self":[{"href":"https:\/\/rdi.org.pl\/english\/wp-json\/wp\/v2\/posts\/470919","targetHints":{"allow":["GET"]}}],"collection":[{"href":"https:\/\/rdi.org.pl\/english\/wp-json\/wp\/v2\/posts"}],"about":[{"href":"https:\/\/rdi.org.pl\/english\/wp-json\/wp\/v2\/types\/post"}],"author":[{"embeddable":true,"href":"https:\/\/rdi.org.pl\/english\/wp-json\/wp\/v2\/users\/3"}],"replies":[{"embeddable":true,"href":"https:\/\/rdi.org.pl\/english\/wp-json\/wp\/v2\/comments?post=470919"}],"version-history":[{"count":0,"href":"https:\/\/rdi.org.pl\/english\/wp-json\/wp\/v2\/posts\/470919\/revisions"}],"wp:featuredmedia":[{"embeddable":true,"href":"https:\/\/rdi.org.pl\/english\/wp-json\/wp\/v2\/media\/471295"}],"wp:attachment":[{"href":"https:\/\/rdi.org.pl\/english\/wp-json\/wp\/v2\/media?parent=470919"}],"wp:term":[{"taxonomy":"category","embeddable":true,"href":"https:\/\/rdi.org.pl\/english\/wp-json\/wp\/v2\/categories?post=470919"},{"taxonomy":"post_tag","embeddable":true,"href":"https:\/\/rdi.org.pl\/english\/wp-json\/wp\/v2\/tags?post=470919"}],"curies":[{"name":"wp","href":"https:\/\/api.w.org\/{rel}","templated":true}]}}