{"id":470921,"date":"2016-08-29T10:31:51","date_gmt":"2016-08-29T10:31:51","guid":{"rendered":"http:\/\/www.anti-defamation.pl\/english\/?p=579"},"modified":"2016-08-29T10:31:51","modified_gmt":"2016-08-29T10:31:51","slug":"zniewazeniem-znaku-pw-zajmie-sie-prokuratura","status":"publish","type":"post","link":"https:\/\/rdi.org.pl\/english\/zniewazeniem-znaku-pw-zajmie-sie-prokuratura\/","title":{"rendered":"Zniewa\u017ceniem znaku PW zajmie si\u0119 prokuratura"},"content":{"rendered":"<p>Na profilu facebooka tygodnika \u201ePrzekr\u00f3j\u201d ukaza\u0142 si\u0119 rysunek satyryczny\u00a0 pana Marka\u00a0 Raczkowskiego.\u00a0 Ilustracja przedstawia osobnika, popularnie okre\u015blanego mianem dresiarza, kt\u00f3ry kre\u015bli na murze skr\u00f3t powszechnie znanego wyra\u017cenia wulgarnego pod adresem policji, gdzie s\u0142owo policja zast\u0119puje symbol Polski Walcz\u0105cej.<\/p>\n<p>I tym razem Reduta Dobrego Imienia reaguje zdecydowanie na zniewa\u017cenia znaku Polski Walcz\u0105cej, symbolu\u00a0 walki z okupantem, w kt\u00f3rej zgin\u0119\u0142y miliony Polak\u00f3w.<br \/>\nDeptanie symboli to nomen omen \u017cadna sztuka. \u201eDyskurs\u201d uprawiany metod\u0105, kt\u00f3ra polega na profanacji pami\u0119ci, nie prowadzi do budowania wsp\u00f3lnoty, lecz do dalszego umacniania podzia\u0142\u00f3w. Ciekawe, \u017ce \u015brodowiska tak\u00a0 walcz\u0105ce z uprzedzeniami, stereotypami same propaguj\u0105 wizerunek polskiego patrioty jako t\u0119pego \u0142ysola, obra\u017caj\u0105c w ten spos\u00f3b tysi\u0105ce szlachetnych, warto\u015bciowych ludzi.\u00a0 Ponad 70 lat temu hitlerowska propaganda u\u017cywa\u0142a na walcz\u0105cych pod znakiem PW okre\u015blenia\u00a0 \u201epolnische Banditen\u201d, ubecka &#8211; \u201ezapluty karze\u0142 reakcji\u201d.\u00a0 Czy\u017cby\u015bmy dzi\u015b mieli do czynienia z\u00a0 tego rodzaju mow\u0105 nienawi\u015bci w nowej ods\u0142onie? Musi by\u0107 pytaniem retorycznym, kto z satysfakcj\u0105 podpisa\u0142by si\u0119 dzi\u015b\u00a0 pod tym rysunkiem.\u00a0 Potwierdza si\u0119 niestety tutaj smutna diagnoza tych, kt\u00f3rzy obserwuj\u0105c dzisiejsz\u0105 polsk\u0105 rzeczywisto\u015b\u0107, dostrzegaj\u0105 tocz\u0105c\u0105 si\u0119 walk\u0119, trzeciego ju\u017c, pokolenia potomk\u00f3w\u00a0 UB i AK. Argument prowokacji artystycznej, stosowany jako\u00a0 wytrych do obrony \u201edzie\u0142\u201d, kt\u00f3rych jedyn\u0105 warto\u015bci\u0105 jest szokowanie, nie wytrzymuje tu krytyki.\u00a0 Nawet je\u015bli tym sposobem pr\u00f3bowano zwr\u00f3ci\u0107 uwag\u0119 na trend, w kt\u00f3rym symbole patriotyczne s\u0105 nadu\u017cywane,\u00a0 to wierzymy, \u017ce tak utytu\u0142owanego artyst\u0119\u00a0 sta\u0107 na zasygnalizowanie tego problemu w bardziej umiej\u0119tny spos\u00f3b. Ten zaprezentowany jest na\u00a0 poziomie brukowca. Na zasadzie: Im wi\u0119ksza \u015bwi\u0119to\u015b\u0107, tym lepszy efekt.<\/p>\n<p>Pod znakiem Polski Walcz\u0105cej \u017co\u0142nierze AK, \u017co\u0142nierze wykl\u0119ci walczyli przeciwko totalitaryzmom, zar\u00f3wno czerwonemu, jak i brunatnemu, w kt\u00f3rych arty\u015bci, dziennikarze, tw\u00f3rcy nie mogli nawet marzy\u0107 o namiastce tej\u00a0 swobody wypowiedzi, jak\u0105 maj\u0105 dzisiejsi dziennikarze.<\/p>\n<p>Symbol Polski Walcz\u0105cej na mocy uchwa\u0142y, kt\u00f3ra wesz\u0142a w \u017cycie z dniem 22.08.2014 r jest obj\u0119ty ochron\u0105. W zwi\u0105zku z tym Reduta Dobrego Imienia sk\u0142ada zawiadomienie do prokuratury.<\/p>\n","protected":false},"excerpt":{"rendered":"<p>Na profilu facebooka tygodnika \u201ePrzekr\u00f3j\u201d ukaza\u0142 si\u0119 rysunek satyryczny\u00a0 pana Marka\u00a0 Raczkowskiego.\u00a0 Ilustracja przedstawia osobnika, popularnie okre\u015blanego mianem dresiarza, kt\u00f3ry kre\u015bli na murze skr\u00f3t powszechnie znanego wyra\u017cenia wulgarnego pod adresem policji, gdzie s\u0142owo policja zast\u0119puje symbol Polski Walcz\u0105cej. I tym razem Reduta Dobrego Imienia reaguje zdecydowanie na zniewa\u017cenia znaku Polski Walcz\u0105cej, symbolu\u00a0 walki z okupantem, [&hellip;]<\/p>\n","protected":false},"author":3,"featured_media":471295,"comment_status":"open","ping_status":"open","sticky":false,"template":"","format":"standard","meta":{"_et_pb_use_builder":"","_et_pb_old_content":"","_et_gb_content_width":"","sfsi_plus_gutenberg_text_before_share":"","sfsi_plus_gutenberg_show_text_before_share":"","sfsi_plus_gutenberg_icon_type":"","sfsi_plus_gutenberg_icon_alignemt":"","sfsi_plus_gutenburg_max_per_row":"","footnotes":""},"categories":[38],"tags":[],"class_list":["post-470921","post","type-post","status-publish","format-standard","has-post-thumbnail","hentry","category-uncategorized"],"_links":{"self":[{"href":"https:\/\/rdi.org.pl\/english\/wp-json\/wp\/v2\/posts\/470921","targetHints":{"allow":["GET"]}}],"collection":[{"href":"https:\/\/rdi.org.pl\/english\/wp-json\/wp\/v2\/posts"}],"about":[{"href":"https:\/\/rdi.org.pl\/english\/wp-json\/wp\/v2\/types\/post"}],"author":[{"embeddable":true,"href":"https:\/\/rdi.org.pl\/english\/wp-json\/wp\/v2\/users\/3"}],"replies":[{"embeddable":true,"href":"https:\/\/rdi.org.pl\/english\/wp-json\/wp\/v2\/comments?post=470921"}],"version-history":[{"count":0,"href":"https:\/\/rdi.org.pl\/english\/wp-json\/wp\/v2\/posts\/470921\/revisions"}],"wp:featuredmedia":[{"embeddable":true,"href":"https:\/\/rdi.org.pl\/english\/wp-json\/wp\/v2\/media\/471295"}],"wp:attachment":[{"href":"https:\/\/rdi.org.pl\/english\/wp-json\/wp\/v2\/media?parent=470921"}],"wp:term":[{"taxonomy":"category","embeddable":true,"href":"https:\/\/rdi.org.pl\/english\/wp-json\/wp\/v2\/categories?post=470921"},{"taxonomy":"post_tag","embeddable":true,"href":"https:\/\/rdi.org.pl\/english\/wp-json\/wp\/v2\/tags?post=470921"}],"curies":[{"name":"wp","href":"https:\/\/api.w.org\/{rel}","templated":true}]}}