{"id":470922,"date":"2016-09-01T07:31:40","date_gmt":"2016-09-01T07:31:40","guid":{"rendered":"http:\/\/www.anti-defamation.pl\/english\/?p=590"},"modified":"2016-09-01T07:31:40","modified_gmt":"2016-09-01T07:31:40","slug":"wieczna-chwala-obroncom-ojczyzny-wieczna-pamiec-o-ofiarach-nimieckiego-bestialstwa","status":"publish","type":"post","link":"https:\/\/rdi.org.pl\/english\/wieczna-chwala-obroncom-ojczyzny-wieczna-pamiec-o-ofiarach-nimieckiego-bestialstwa\/","title":{"rendered":"Wieczna chwa\u0142a Obro\u0144com Ojczyzny! Wieczna pami\u0119\u0107 o ofiarach niemieckiego bestialstwa!"},"content":{"rendered":"<p>&nbsp;<\/p>\n<p><img loading=\"lazy\" decoding=\"async\" class=\"wp-image-591 alignleft\" src=\"http:\/\/www.anti-defamation.pl\/english\/wp-content\/uploads\/2016\/09\/wrzesie\u01441939WP.jpg\" alt=\"wrzesie\u01441939WP\" width=\"356\" height=\"332\" \/>77 lat temu Niemcy napadli na Polsk\u0119.<\/p>\n<p>To nie by\u0142a zwyk\u0142a wojna wojna, to nie by\u0142y cywilizowane dzia\u0142ania wojenne.<\/p>\n<p>Ju\u017c od pierwszych chwil Niemcy dopuszczali si\u0119 bestialskich czyn\u00f3w w stosunku do \u017co\u0142nierzy polskich i ludno\u015bci cywilnej napadni\u0119tej Polski.<\/p>\n<p>Nale\u017cy o tym przypomina\u0107, poniewa\u017c wsp\u00f3\u0142czesna popkultura ca\u0142kowicie przeinacza obraz tej wojny &#8211; z jednej strony s\u0142usznie pokazuj\u0105c horror Holokaustu, a z drugiej &#8211; pomijaj\u0105c inne ofiary Niemc\u00f3w ni\u017c \u017bydzi, a w ci\u0105gu ostatnich lat tak\u017ce idealizuj\u0105c niemiecki &#8222;rycerski&#8221; Wehrmacht, przeciwstawiaj\u0105c go demonicznemu Waffen SS.<\/p>\n<p>Ot\u00f3\u017c trzeba jasno powiedzie\u0107 &#8211; je\u015bli napa\u015b\u0107 Niemiec na Polsk\u0119 w porozumieniu z ZSRS w 1939 roku by\u0142a z\u0142amaniem wszelkich norm prawa mi\u0119dzynarodowego, a niemieccy sprawcy tego zostali os\u0105dzeni w Norymberdze, to tak\u017ce niemiecki Wehrmacht, kt\u00f3ry dopuszcza\u0142 si\u0119 zbrodni ju\u017c od pierwszych chwil wojny tak\u017ce nale\u017cy pot\u0119pi\u0107 i \u017caden Polak nie powinien w \u017cadnym wypadku z sympati\u0105 si\u0119 odnosi\u0107 do przedstawicieli niemieckiego wojska, kt\u00f3re najecha\u0142o Polsk\u0119 w 1939 roku.<\/p>\n<p>A niestety takie przypadki si\u0119 zdarzaj\u0105 &#8211; jak chocia\u017cby fetowanie Stauffenberga przez Bronis\u0142awa Komorowskiego. Stauffenberg o Polakach wyra\u017ca\u0142 si\u0119 w najgorszych s\u0142owach i bra\u0142 udzia\u0142 w napa\u015bci na Polsk\u0119 w 1939 roku.<\/p>\n<p>By\u0142y oczywi\u015bcie wyj\u0105tki &#8211; Otto Schimek, rozstrzelany za odmow\u0119 strzelania do ludno\u015bci cywilnej, czy te\u017c pewien Niemiec, kt\u00f3ry zdezerterowa\u0142 do polskiej partyzantki na Podkarpaciu i by\u0142 \u017co\u0142nierzem AK.<\/p>\n<p>Jednak przede wszystkim musimy pami\u0119ta\u0107 o zbrodniach Wehrmachtu, jak np. o spaleniu podcz\u0119stochowskich wsi Parzymiechy i Zimnawoda w pierwszym dniu wojny i zamordowaniu przez \u017co\u0142nierzy 18 Dywizji Piechoty Wehrmachtu 130 os\u00f3b, w tym 30 dzieci.<\/p>\n<p>Ofiarom jeste\u015bmy winni wieczn\u0105 pami\u0119\u0107, a morderc\u00f3w z Wehrmachtu &#8211; na wieczno\u015b\u0107 pot\u0119pi\u0107 i \u015bciga\u0107 \u017cyj\u0105cych jeszcze zbrodniarzy.<\/p>\n<p>Maciej \u015awirski<\/p>\n<p>Reduta Dobrego Imienia<\/p>\n","protected":false},"excerpt":{"rendered":"<p>&nbsp; 77 lat temu Niemcy napadli na Polsk\u0119. To nie by\u0142a zwyk\u0142a wojna wojna, to nie by\u0142y cywilizowane dzia\u0142ania wojenne. Ju\u017c od pierwszych chwil Niemcy dopuszczali si\u0119 bestialskich czyn\u00f3w w stosunku do \u017co\u0142nierzy polskich i ludno\u015bci cywilnej napadni\u0119tej Polski. Nale\u017cy o tym przypomina\u0107, poniewa\u017c wsp\u00f3\u0142czesna popkultura ca\u0142kowicie przeinacza obraz tej wojny &#8211; z jednej strony [&hellip;]<\/p>\n","protected":false},"author":3,"featured_media":471295,"comment_status":"open","ping_status":"open","sticky":false,"template":"","format":"standard","meta":{"_et_pb_use_builder":"","_et_pb_old_content":"","_et_gb_content_width":"","sfsi_plus_gutenberg_text_before_share":"","sfsi_plus_gutenberg_show_text_before_share":"","sfsi_plus_gutenberg_icon_type":"","sfsi_plus_gutenberg_icon_alignemt":"","sfsi_plus_gutenburg_max_per_row":"","footnotes":""},"categories":[39],"tags":[],"class_list":["post-470922","post","type-post","status-publish","format-standard","has-post-thumbnail","hentry","category-aktualnosci"],"_links":{"self":[{"href":"https:\/\/rdi.org.pl\/english\/wp-json\/wp\/v2\/posts\/470922","targetHints":{"allow":["GET"]}}],"collection":[{"href":"https:\/\/rdi.org.pl\/english\/wp-json\/wp\/v2\/posts"}],"about":[{"href":"https:\/\/rdi.org.pl\/english\/wp-json\/wp\/v2\/types\/post"}],"author":[{"embeddable":true,"href":"https:\/\/rdi.org.pl\/english\/wp-json\/wp\/v2\/users\/3"}],"replies":[{"embeddable":true,"href":"https:\/\/rdi.org.pl\/english\/wp-json\/wp\/v2\/comments?post=470922"}],"version-history":[{"count":0,"href":"https:\/\/rdi.org.pl\/english\/wp-json\/wp\/v2\/posts\/470922\/revisions"}],"wp:featuredmedia":[{"embeddable":true,"href":"https:\/\/rdi.org.pl\/english\/wp-json\/wp\/v2\/media\/471295"}],"wp:attachment":[{"href":"https:\/\/rdi.org.pl\/english\/wp-json\/wp\/v2\/media?parent=470922"}],"wp:term":[{"taxonomy":"category","embeddable":true,"href":"https:\/\/rdi.org.pl\/english\/wp-json\/wp\/v2\/categories?post=470922"},{"taxonomy":"post_tag","embeddable":true,"href":"https:\/\/rdi.org.pl\/english\/wp-json\/wp\/v2\/tags?post=470922"}],"curies":[{"name":"wp","href":"https:\/\/api.w.org\/{rel}","templated":true}]}}