{"id":470924,"date":"2016-09-08T14:15:09","date_gmt":"2016-09-08T14:15:09","guid":{"rendered":"http:\/\/www.anti-defamation.pl\/english\/?p=607"},"modified":"2016-09-08T14:15:09","modified_gmt":"2016-09-08T14:15:09","slug":"znieslawienie-w-dwutygodniku-frankfurter-rundschau-reagujemy","status":"publish","type":"post","link":"https:\/\/rdi.org.pl\/english\/znieslawienie-w-dwutygodniku-frankfurter-rundschau-reagujemy\/","title":{"rendered":"Znies\u0142awienie w dwutygodniku \u201eFrankfurter Rundschau\u201d \u2013 reagujemy!"},"content":{"rendered":"<p>W \u201eFrankfurter Rundschau\u201d ukaza\u0142 si\u0119 artyku\u0142 pt. \u201eWarschau Szene ist in Sorge\u201d, po\u015bwi\u0119cony scenie kulturalnej stolicy. Mowa jest o \u201eograniczaniu \u017cycia kulturalnego\u201d, ci\u0119ciu dotacji. Przejawem drapie\u017cnej polityki nowej w\u0142adzy ma by\u0107 r\u00f3wnie\u017c wspieranie kina patriotycznego, w tym m.in. produkcji \u201eHistoria Roja\u201d. W artykule czytamy m.in.: \u201epatriotyzmowi firmowanemu przez PiS nie przeszkadza, \u017ce \u017co\u0142nierze b\u0119d\u0105cy pierwowzorami bohater\u00f3w filmu mordowali \u017byd\u00f3w i ortodoksyjnych chrze\u015bcijan\u201d.<\/p>\n<p>I tu niemiecka gazeta przekracza granic\u0119, wobec czego Reduta Dobrego Imienia musi zareagowa\u0107. Stosowne sprostowanie zosta\u0142o wys\u0142ane na adres redakcji.<\/p>\n<p>\u017bo\u0142nierze Niez\u0142omni\/Wykl\u0119ci byli w wi\u0119kszo\u015bci cz\u0142onkami Armii Krajowej, kt\u00f3rzy nie z\u0142o\u017cyli broni po wkroczeniu Armii Czerwonej. Ich walka by\u0142a wyrazem sprzeciwu wobec sowietyzacji, kt\u00f3ra charakteryzowa\u0142a si\u0119 bezwzgl\u0119dnym terrorem, nie tylko wobec cz\u0142onk\u00f3w podziemia, ale tak\u017ce wobec ludno\u015bci cywilnej. W szeregach komunistycznych oprawc\u00f3w znajdowali si\u0119 \u017bydzi, jednak to nie z uwagi na przynale\u017cno\u015b\u0107 narodow\u0105 gin\u0119li oni w walce z podziemiem antykomunistycznym. Autorowi artyku\u0142u wydaje si\u0119 nie przeszkadza\u0107, \u017ce mit o etnicznych przyczynach ofiar w\u015br\u00f3d zbrodniarzy stalinowskich, w walkach z niepodleg\u0142o\u015bciowym podziemiem, zosta\u0142 ukuty przez aparat propagandy w\u0142adzy ludowej. Trudno dociec, ile w tym ignorancji, a ile z\u0142ej woli. Faktem jest, \u017ce \u017co\u0142nierze Armii Krajowej \u2013 najwi\u0119kszej podziemnej armii w Europie w czasie II wojny \u015bwiatowej, a zarazem formacji znienawidzonej zar\u00f3wno przez Niemc\u00f3w, jak i komunist\u00f3w \u2013 poprzez swoj\u0105 niez\u0142omn\u0105 s\u0142u\u017cb\u0119 przyczynili si\u0119 r\u00f3wnie\u017c do uwolnienia Niemiec od \u201ebrunatnego bagna\u201d, jak czasem nad Renem okre\u015bla si\u0119 rz\u0105dy narodowosocjalistyczne. O tym tak\u017ce wydaje si\u0119 nie pami\u0119ta\u0107 autor tekstu.<\/p>\n<p>\u017bo\u0142nierze Wykl\u0119ci maj\u0105 swoje \u015bwi\u0119to, kt\u00f3re przypada na dzie\u0144 1 marca. Zosta\u0142o ono ustanowione przez Sejm w roku 2011, kiedy pos\u0142owie PiS stanowili parlamentarn\u0105 mniejszo\u015b\u0107. Za ustanowieniem Narodowego Dnia Pami\u0119ci \u017bo\u0142nierzy Wykl\u0119tych g\u0142osowa\u0142o 406 pos\u0142\u00f3w z 411 obecnych, a zatem tak\u017ce przedstawiciele dzisiejszej opozycji, nad kt\u00f3rej losem pochyla si\u0119 z trosk\u0105 \u201eFrankfurter Rundschau\u201d. Tym bardziej nale\u017cy zwraca\u0107 uwag\u0119 na to, \u017ce upami\u0119tnianie \u017bo\u0142nierzy Niez\u0142omnych\/Wykl\u0119tych zosta\u0142o poparte autorytetem Pa\u0144stwa, a nie jednej formacji politycznej.<\/p>\n<p>Autor artyku\u0142u, Philipp Fritz, dziennikarz, kt\u00f3ry sp\u0119dzi\u0142 p\u00f3\u0142 roku nad Wis\u0142\u0105 pracuj\u0105c dla Gazety Wyborczej, zauwa\u017ca, \u017ce scena kulturalna Warszawy jest r\u00f3\u017cnorodna. Podobnych jednak wniosk\u00f3w nie wyci\u0105ga w odniesieniu do rynku opinii w Polsce i wpisuje si\u0119 w trend wi\u0119kszo\u015bci niemieckich medi\u00f3w, dla kt\u00f3rych jedyn\u0105 i ostateczn\u0105 wyroczni\u0105 jest \u201eGazeta Wyborcza\u201d, przywo\u0142ana zreszt\u0105 przez autora tekstu.<\/p>\n","protected":false},"excerpt":{"rendered":"<p>W \u201eFrankfurter Rundschau\u201d ukaza\u0142 si\u0119 artyku\u0142 pt. \u201eWarschau Szene ist in Sorge\u201d, po\u015bwi\u0119cony scenie kulturalnej stolicy. Mowa jest o \u201eograniczaniu \u017cycia kulturalnego\u201d, ci\u0119ciu dotacji. Przejawem drapie\u017cnej polityki nowej w\u0142adzy ma by\u0107 r\u00f3wnie\u017c wspieranie kina patriotycznego, w tym m.in. produkcji \u201eHistoria Roja\u201d. W artykule czytamy m.in.: \u201epatriotyzmowi firmowanemu przez PiS nie przeszkadza, \u017ce \u017co\u0142nierze b\u0119d\u0105cy pierwowzorami [&hellip;]<\/p>\n","protected":false},"author":3,"featured_media":471295,"comment_status":"open","ping_status":"open","sticky":false,"template":"","format":"standard","meta":{"_et_pb_use_builder":"","_et_pb_old_content":"","_et_gb_content_width":"","sfsi_plus_gutenberg_text_before_share":"","sfsi_plus_gutenberg_show_text_before_share":"","sfsi_plus_gutenberg_icon_type":"","sfsi_plus_gutenberg_icon_alignemt":"","sfsi_plus_gutenburg_max_per_row":"","footnotes":""},"categories":[39],"tags":[],"class_list":["post-470924","post","type-post","status-publish","format-standard","has-post-thumbnail","hentry","category-aktualnosci"],"_links":{"self":[{"href":"https:\/\/rdi.org.pl\/english\/wp-json\/wp\/v2\/posts\/470924","targetHints":{"allow":["GET"]}}],"collection":[{"href":"https:\/\/rdi.org.pl\/english\/wp-json\/wp\/v2\/posts"}],"about":[{"href":"https:\/\/rdi.org.pl\/english\/wp-json\/wp\/v2\/types\/post"}],"author":[{"embeddable":true,"href":"https:\/\/rdi.org.pl\/english\/wp-json\/wp\/v2\/users\/3"}],"replies":[{"embeddable":true,"href":"https:\/\/rdi.org.pl\/english\/wp-json\/wp\/v2\/comments?post=470924"}],"version-history":[{"count":0,"href":"https:\/\/rdi.org.pl\/english\/wp-json\/wp\/v2\/posts\/470924\/revisions"}],"wp:featuredmedia":[{"embeddable":true,"href":"https:\/\/rdi.org.pl\/english\/wp-json\/wp\/v2\/media\/471295"}],"wp:attachment":[{"href":"https:\/\/rdi.org.pl\/english\/wp-json\/wp\/v2\/media?parent=470924"}],"wp:term":[{"taxonomy":"category","embeddable":true,"href":"https:\/\/rdi.org.pl\/english\/wp-json\/wp\/v2\/categories?post=470924"},{"taxonomy":"post_tag","embeddable":true,"href":"https:\/\/rdi.org.pl\/english\/wp-json\/wp\/v2\/tags?post=470924"}],"curies":[{"name":"wp","href":"https:\/\/api.w.org\/{rel}","templated":true}]}}