{"id":470925,"date":"2016-09-12T21:35:57","date_gmt":"2016-09-12T21:35:57","guid":{"rendered":"http:\/\/www.anti-defamation.pl\/english\/?p=619"},"modified":"2024-04-12T15:15:43","modified_gmt":"2024-04-12T13:15:43","slug":"pomoc-do-obrony-dobrego-imienia-polski-zapraszamy-do-rozpowszechniania","status":"publish","type":"post","link":"https:\/\/rdi.org.pl\/english\/pomoc-do-obrony-dobrego-imienia-polski-zapraszamy-do-rozpowszechniania\/","title":{"rendered":"Pomoc do obrony dobrego imienia Polski &#8211; zapraszamy do rozpowszechniania"},"content":{"rendered":"<p><strong>Reduta opracowa\u0142a dokument b\u0119d\u0105cy pomoc\u0105 do obrony dobrego imienia Polski, przeciwko k\u0142amstwom na temat obecnej sytuacji w Polsce<\/strong><\/p>\n<p>w Parlamencie Europejskim ma \u00a0po raz drugi odby\u0107 si\u0119 debata na temat sytuacji w Polsce.<br \/>\nWydaje si\u0119, \u017ce organizowanie tego rodzaju debat ma na celu niszczenie wizerunku Polski przez si\u0142y polityczne wrogie w stosunku do zmian zachodz\u0105cych obecnie w naszym kraju.<\/p>\n<p>Europa jest zalewana w spos\u00f3b niekontrolowany setkami tysi\u0119cy obcych kulturowo &#8222;imigrant\u00f3w&#8221;, wzrastaj\u0105 nier\u00f3wno\u015bci rozwoju pa\u0144stw europejskich przy r\u00f3wnoczesnej retoryce o &#8222;pog\u0142\u0119bionej integracji&#8221;, ro\u015bnie zagro\u017cenie terroryzmem, nie ma dnia bez incydentu, wreszcie &#8211; zupe\u0142nie realne jest powt\u00f3rzenie si\u0119 kryzysu podobnego do tego z 2008 roku. W tej sytuacji w PE b\u0119dzie si\u0119 dyskutowa\u0107 na temat Polski, kt\u00f3ra jest na tym tle krajem stabilnym i bez podobnych zagro\u017ce\u0144 &#8211; by\u0107 mo\u017ce dlatego, \u017ce obecny rz\u0105d Polski opiera si\u0119 niemieckiemu dyktatowi w UE.<\/p>\n<p>Jeste\u015bmy \u015bwiadomi, \u017ce wi\u0119ksza cz\u0119\u015b\u0107 elit europejskich czerpie sw\u0105 wiedz\u0119 z medi\u00f3w zasilanych fa\u0142szywymi informacjami o Polsce z zatrutych \u017ar\u00f3de\u0142 wyp\u0142ywaj\u0105cych w okolicach ulicy Czerskiej w Warszawie. Dlatego przygotowali\u015bmy dokument opisuj\u0105cy prawdziw\u0105 sytuacj\u0119 w Polsce i reformy podj\u0119te przez rz\u0105d. Dokument ten w dn. 12.09.2016 roku zosta\u0142 rozes\u0142any do europarlamentarzyst\u00f3w.<\/p>\n<p>Za\u0142\u0105czamy go do niniejszego newslettera i zapraszamy do rozes\u0142ania do swoich kr\u0119g\u00f3w znajomych, poniewa\u017c wiedza o polskich reformach mo\u017ce by\u0107 inspiruj\u0105ca dla obywateli innych kraj\u00f3w, a r\u00f3wnocze\u015bnie nasz dokument pokazuje rzeczywisto\u015b\u0107 a nie urojenia propagandyst\u00f3w, kt\u00f3rzy do niedawna byli beneficjentami systemu III RP, \u0142askawego dla silnych i bezlitosnego dla s\u0142abych.<\/p>\n<p>&nbsp;<\/p>\n<p>Pobierz raport: [ddownload id=&#8221;636&#8243; style=&#8221;button&#8221; button=&#8221;blue&#8221; text=&#8221;w j\u0119zyku angielskim&#8221;]\u00a0[ddownload id=&#8221;635&#8243; style=&#8221;button&#8221; button=&#8221;blue&#8221; text=&#8221;w j\u0119zyku polskim&#8221;]\u00a0[ddownload id=&#8221;762&#8243; style=&#8221;button&#8221; button=&#8221;blue&#8221; text=&#8221;w j\u0119zyku niemieckim&#8221;]<\/p>\n","protected":false},"excerpt":{"rendered":"<p>Reduta opracowa\u0142a dokument b\u0119d\u0105cy pomoc\u0105 do obrony dobrego imienia Polski, przeciwko k\u0142amstwom na temat obecnej sytuacji w Polsce w Parlamencie Europejskim ma \u00a0po raz drugi odby\u0107 si\u0119 debata na temat sytuacji w Polsce. Wydaje si\u0119, \u017ce organizowanie tego rodzaju debat ma na celu niszczenie wizerunku Polski przez si\u0142y polityczne wrogie w stosunku do zmian zachodz\u0105cych [&hellip;]<\/p>\n","protected":false},"author":3,"featured_media":471295,"comment_status":"open","ping_status":"open","sticky":false,"template":"","format":"standard","meta":{"_et_pb_use_builder":"","_et_pb_old_content":"","_et_gb_content_width":"","sfsi_plus_gutenberg_text_before_share":"","sfsi_plus_gutenberg_show_text_before_share":"","sfsi_plus_gutenberg_icon_type":"","sfsi_plus_gutenberg_icon_alignemt":"","sfsi_plus_gutenburg_max_per_row":"","footnotes":""},"categories":[39],"tags":[],"class_list":["post-470925","post","type-post","status-publish","format-standard","has-post-thumbnail","hentry","category-aktualnosci"],"_links":{"self":[{"href":"https:\/\/rdi.org.pl\/english\/wp-json\/wp\/v2\/posts\/470925","targetHints":{"allow":["GET"]}}],"collection":[{"href":"https:\/\/rdi.org.pl\/english\/wp-json\/wp\/v2\/posts"}],"about":[{"href":"https:\/\/rdi.org.pl\/english\/wp-json\/wp\/v2\/types\/post"}],"author":[{"embeddable":true,"href":"https:\/\/rdi.org.pl\/english\/wp-json\/wp\/v2\/users\/3"}],"replies":[{"embeddable":true,"href":"https:\/\/rdi.org.pl\/english\/wp-json\/wp\/v2\/comments?post=470925"}],"version-history":[{"count":1,"href":"https:\/\/rdi.org.pl\/english\/wp-json\/wp\/v2\/posts\/470925\/revisions"}],"predecessor-version":[{"id":473011,"href":"https:\/\/rdi.org.pl\/english\/wp-json\/wp\/v2\/posts\/470925\/revisions\/473011"}],"wp:featuredmedia":[{"embeddable":true,"href":"https:\/\/rdi.org.pl\/english\/wp-json\/wp\/v2\/media\/471295"}],"wp:attachment":[{"href":"https:\/\/rdi.org.pl\/english\/wp-json\/wp\/v2\/media?parent=470925"}],"wp:term":[{"taxonomy":"category","embeddable":true,"href":"https:\/\/rdi.org.pl\/english\/wp-json\/wp\/v2\/categories?post=470925"},{"taxonomy":"post_tag","embeddable":true,"href":"https:\/\/rdi.org.pl\/english\/wp-json\/wp\/v2\/tags?post=470925"}],"curies":[{"name":"wp","href":"https:\/\/api.w.org\/{rel}","templated":true}]}}