{"id":470926,"date":"2016-09-20T15:01:38","date_gmt":"2016-09-20T15:01:38","guid":{"rendered":"http:\/\/www.anti-defamation.pl\/english\/?p=657"},"modified":"2016-09-20T15:01:38","modified_gmt":"2016-09-20T15:01:38","slug":"wystawa-koncert-gra-miejska-relacja-z-wydarzen-17-09","status":"publish","type":"post","link":"https:\/\/rdi.org.pl\/english\/wystawa-koncert-gra-miejska-relacja-z-wydarzen-17-09\/","title":{"rendered":"Wystawa, koncert, gra miejska \u2013 relacja z wydarze\u0144 17.09"},"content":{"rendered":"<p><strong>17 wrze\u015bnia min\u0119\u0142a 77. rocznica agresji Zwi\u0105zku Sowieckiego na Polsk\u0119. Z tej okazji, Reduta Dobrego Imienia przygotowa\u0142a wystaw\u0119 upami\u0119tniaj\u0105c\u0105 ofiary sowieckich zbrodni oraz gr\u0119 miejsk\u0105 nawi\u0105zuj\u0105c\u0105 do wydarze\u0144 wrze\u015bnia 1939. Wieczorem spotkali\u015bmy si\u0119 na koncercie zespo\u0142u<em> Contra Mundum<\/em><\/strong>.<\/p>\n<p>Spotkanie z histori\u0105 rozpocz\u0119li\u015bmy ju\u017c wczesnym rankiem. O godz. 10.00 w\u00a0punkcie startu gry miejskiej przy ul. Ch\u0142odnej zgromadzonych by\u0142o ok. 100 os\u00f3b. Rodzice z dzie\u0107mi, nastolatkowie, harcerze \u2013 wszyscy czekali na rozpocz\u0119cie zabawy. Dru\u017cyny biega\u0142y po uliczkach Woli, zatrzymuj\u0105c si\u0119 w wybranych punktach i realizuj\u0105c tam zadania historyczno-kulturalne.<\/p>\n<p><img loading=\"lazy\" decoding=\"async\" class=\"alignleft size-medium wp-image-671\" src=\"http:\/\/www.anti-defamation.pl\/english\/wp-content\/uploads\/2016\/09\/2016-09-17_gra9g-300x169.jpg\" alt=\"2016-09-17_gra9g\" width=\"300\" height=\"169\" \/>W Barze dla Wszystkich \u201eKarcelak\u201d sprawdzali\u015bmy m.in. znajomo\u015b\u0107 gwary warszawskiej, a w Zespole Szk\u00f3\u0142 Katolickich przy ul. Ogrodowej umiej\u0119tno\u015b\u0107 rozpoznawania czo\u0142g\u00f3w polskich. W zabytkowym tramwaju przy Teatrze Kamienica nale\u017ca\u0142o przyporz\u0105dkowa\u0107 dow\u00f3dc\u00f3w wojsk do bitew, kt\u00f3rymi dowodzili w 1939. Dwa zadania odby\u0142y si\u0119 tak\u017ce w Parku Miniatur \u2013 tam uczestnicy mieli dopasowa\u0107 zdj\u0119cia nieistniej\u0105cych ju\u017c obiekt\u00f3w do wsp\u00f3\u0142czesnej Warszawy oraz rozwi\u0105za\u0107 zaszyfrowan\u0105 wiadomo\u015b\u0107 ukryt\u0105 w sejfie w podziemiach by\u0142ego banku.<\/p>\n<p>Zagadki dostosowane by\u0142y do wieku uczestnik\u00f3w. Starsi szybko radzili sobie z podawaniem prawid\u0142owych odpowiedzi. Dzi\u0119ki temu najm\u0142odsi uczestnicy gry mieli czas na dopytywanie rodzic\u00f3w o szczeg\u00f3\u0142y. Ci z u\u015bmiechem odpowiadali na liczne pytania \u201eA kto to? A co to? A dlaczego?\u201d i wyja\u015bniali dzieciom zawi\u0142o\u015bci polskiej historii.<\/p>\n<p><strong>Wystawa<\/strong><\/p>\n<p><img loading=\"lazy\" decoding=\"async\" class=\"alignright size-medium wp-image-675\" src=\"http:\/\/www.anti-defamation.pl\/english\/wp-content\/uploads\/2016\/09\/2016-09-17_wystawa3-300x200.jpg\" alt=\"2016-09-17_wystawa3\" width=\"300\" height=\"200\" \/>Punktualnie o godz. 15.00 Maciej \u015awirski, Prezes Reduty Dobrego Imienia otworzy\u0142 wystaw\u0119 upami\u0119tniaj\u0105c\u0105 sowieckie ludob\u00f3jstwa na Polakach, jakie zosta\u0142y dokonane w latach 1937-1956. Wystawa o charakterystycznym tytule \u201eJe\u015bli zapomn\u0119 o Nich\u2026\u201d jest swoistym ho\u0142dem z\u0142o\u017conym pomordowanym.<\/p>\n<p>Na wielkoformatowej mapie sowieckiej Rosji zbroczonej krwi\u0105 poleg\u0142ych Polak\u00f3w prezentowane s\u0105 miejsca mord\u00f3w wraz z liczb\u0105 ofiar. Dodatkowo na planszach mo\u017cna przeczyta\u0107, kr\u00f3tki opis historyczny i zapozna\u0107 si\u0119 z biogramami wybranych genera\u0142\u00f3w: Stanis\u0142awa Hallera, Konstantego Druckiego-Lubeckiego, Henryka Minkiewicza-Odrow\u0105\u017ca, Mieczys\u0142awa Smorawi\u0144skiego oraz Kazimierza Tumidajskiego.<\/p>\n<p>&#8211; Pami\u0119\u0107 o zamordowanych jest naszym obowi\u0105zkiem. Chcieli\u015bmy, aby galeria przy Krakowskim Przedmie\u015bciu sta\u0142a si\u0119 na kilka dni miejscem pami\u0119ci, zadumy, modlitwy. Zale\u017ca\u0142o nam na ukazaniu ogromu tych zbrodni. O wielu miejscach si\u0119 nie m\u00f3wi, a przecie\u017c gin\u0119li tam cz\u0142onkowie naszych rodzin \u2013\u00a0 podkre\u015bla Maciej \u015awirski. Dodaje, \u017ce ca\u0142e pomieszczenie zosta\u0142o maksymalnie wyciemnione i wyciszone, aby podkre\u015bli\u0107 smutn\u0105 histori\u0119 naszego kraju.<\/p>\n<p>Wystawa przygotowana jest tak\u017ce w j\u0119zyku angielskim. Zach\u0119camy do odwiedzenia Galerii Kordegarda w godz. 11-19.00 od wtorku do soboty a\u017c do 2 pa\u017adziernika. Wst\u0119p wolny.<\/p>\n<p><strong>Koncert<\/strong><br \/>\n<img loading=\"lazy\" decoding=\"async\" class=\"alignleft size-medium wp-image-672\" src=\"http:\/\/www.anti-defamation.pl\/english\/wp-content\/uploads\/2016\/09\/2016-09-17_koncert1-300x225.jpg\" alt=\"2016-09-17_koncert1\" width=\"300\" height=\"225\" srcset=\"https:\/\/rdi.org.pl\/english\/wp-content\/uploads\/2016\/09\/2016-09-17_koncert1-300x225.jpg 300w, https:\/\/rdi.org.pl\/english\/wp-content\/uploads\/2016\/09\/2016-09-17_koncert1-1024x768.jpg 1024w, https:\/\/rdi.org.pl\/english\/wp-content\/uploads\/2016\/09\/2016-09-17_koncert1-768x576.jpg 768w, https:\/\/rdi.org.pl\/english\/wp-content\/uploads\/2016\/09\/2016-09-17_koncert1-510x382.jpg 510w, https:\/\/rdi.org.pl\/english\/wp-content\/uploads\/2016\/09\/2016-09-17_koncert1-1080x810.jpg 1080w, https:\/\/rdi.org.pl\/english\/wp-content\/uploads\/2016\/09\/2016-09-17_koncert1-980x735.jpg 980w, https:\/\/rdi.org.pl\/english\/wp-content\/uploads\/2016\/09\/2016-09-17_koncert1-480x360.jpg 480w, https:\/\/rdi.org.pl\/english\/wp-content\/uploads\/2016\/09\/2016-09-17_koncert1.jpg 1200w\" sizes=\"auto, (max-width: 300px) 100vw, 300px\" \/>Na zako\u0144czenie dnia na scenie przed Galeri\u0105 Kordegarda wyst\u0105pi\u0142 warszawski zesp\u00f3\u0142 <em>Contra Mundum<\/em>. Zesp\u00f3\u0142 powsta\u0142 latem 2014 roku, nagra\u0142 ju\u017c dwie p\u0142yty <em>Cze\u015b\u0107 i Chwa\u0142a Bohaterom<\/em> oraz <em>W wierszu i boju. 1914-1949<\/em>. Koncertowa\u0142 m.in. w Teatrze Wielkim w Warszawie, Filharmonii Ba\u0142tyckiej w Gda\u0144sku, Operze na Zamku w Szczecinie.\u00a0 Tym razem zagra\u0142 tylko dla nas. Muzyczne inspiracje zgromadzi\u0142y wiele os\u00f3b. Przy rockowych utworach z polskiej poezji, poezji \u017co\u0142nierskiej czasu wojny oraz z pie\u015bni podziemia antykomunistycznego z ciekawo\u015bci\u0105 zatrzymywali si\u0119 przechodnie i tury\u015bci. Wnikliwi s\u0142uchacze mogli us\u0142ysze\u0107 utwory m.in. Tadeusza Gajcego, Krzysztofa Kamila Baczy\u0144skiego czy Cypriana Kamila Norwida.<\/p>\n<p>Zach\u0119camy do obejrzenia zdj\u0119\u0107 z wydarze\u0144!<\/p>\n\n\t\t<style type=\"text\/css\">\n\t\t\t#gallery-1 {\n\t\t\t\tmargin: auto;\n\t\t\t}\n\t\t\t#gallery-1 .gallery-item {\n\t\t\t\tfloat: left;\n\t\t\t\tmargin-top: 10px;\n\t\t\t\ttext-align: center;\n\t\t\t\twidth: 25%;\n\t\t\t}\n\t\t\t#gallery-1 img {\n\t\t\t\tborder: 2px solid #cfcfcf;\n\t\t\t}\n\t\t\t#gallery-1 .gallery-caption {\n\t\t\t\tmargin-left: 0;\n\t\t\t}\n\t\t\t\/* see gallery_shortcode() in wp-includes\/media.php *\/\n\t\t<\/style>\n\t\t<div id='gallery-1' class='gallery galleryid-470926 gallery-columns-4 gallery-size-thumbnail'><dl class='gallery-item'>\n\t\t\t<dt class='gallery-icon landscape'>\n\t\t\t\t<a href='https:\/\/rdi.org.pl\/english\/2016-09-17_gra9c\/'><img loading=\"lazy\" decoding=\"async\" width=\"150\" height=\"150\" src=\"https:\/\/rdi.org.pl\/english\/wp-content\/uploads\/2016\/09\/2016-09-17_gra9c-150x150.jpg\" class=\"attachment-thumbnail size-thumbnail\" alt=\"\" \/><\/a>\n\t\t\t<\/dt><\/dl><dl class='gallery-item'>\n\t\t\t<dt class='gallery-icon landscape'>\n\t\t\t\t<a href='https:\/\/rdi.org.pl\/english\/stock-paper-documentation-fastened-with-clips-accounting-financial-reports\/'><img loading=\"lazy\" decoding=\"async\" width=\"150\" height=\"150\" src=\"https:\/\/rdi.org.pl\/english\/wp-content\/uploads\/2023\/01\/stock-paper-documentation-fastened-with-clips-accounting-financial-reports-150x150.jpg\" class=\"attachment-thumbnail size-thumbnail\" alt=\"\" \/><\/a>\n\t\t\t<\/dt><\/dl>\n\t\t\t<br style='clear: both' \/>\n\t\t<\/div>\n\n<p>Organizatorem wydarze\u0144 by\u0142a Reduta Dobrego Imienia Polska Liga przeciw Znies\u0142awieniom.<\/p>\n<p>Partner gry miejskiej i koncertu: \u00a0<a href=\"http:\/\/www.anti-defamation.pl\/english\/wp-content\/uploads\/2016\/06\/logo-PGE-pionA-RGB.png\"><img loading=\"lazy\" decoding=\"async\" class=\"alignnone wp-image-372\" src=\"http:\/\/www.anti-defamation.pl\/english\/wp-content\/uploads\/2016\/06\/logo-PGE-pionA-RGB-300x168.png\" alt=\"\" width=\"119\" height=\"67\" srcset=\"https:\/\/rdi.org.pl\/english\/wp-content\/uploads\/2016\/06\/logo-PGE-pionA-RGB-300x168.png 300w, https:\/\/rdi.org.pl\/english\/wp-content\/uploads\/2016\/06\/logo-PGE-pionA-RGB-1024x575.png 1024w, https:\/\/rdi.org.pl\/english\/wp-content\/uploads\/2016\/06\/logo-PGE-pionA-RGB-768x431.png 768w, https:\/\/rdi.org.pl\/english\/wp-content\/uploads\/2016\/06\/logo-PGE-pionA-RGB-1536x862.png 1536w, https:\/\/rdi.org.pl\/english\/wp-content\/uploads\/2016\/06\/logo-PGE-pionA-RGB-1080x606.png 1080w, https:\/\/rdi.org.pl\/english\/wp-content\/uploads\/2016\/06\/logo-PGE-pionA-RGB-1280x718.png 1280w, https:\/\/rdi.org.pl\/english\/wp-content\/uploads\/2016\/06\/logo-PGE-pionA-RGB-980x550.png 980w, https:\/\/rdi.org.pl\/english\/wp-content\/uploads\/2016\/06\/logo-PGE-pionA-RGB-480x269.png 480w, https:\/\/rdi.org.pl\/english\/wp-content\/uploads\/2016\/06\/logo-PGE-pionA-RGB.png 1622w\" sizes=\"auto, (max-width: 119px) 100vw, 119px\" \/><\/a>\u00a0\u00a0Partner wystawy i koncertu: \u00a0<a href=\"http:\/\/www.anti-defamation.pl\/english\/wp-content\/uploads\/2016\/09\/logoNCK_pion.jpg\"><img loading=\"lazy\" decoding=\"async\" class=\"alignnone wp-image-695\" src=\"http:\/\/www.anti-defamation.pl\/english\/wp-content\/uploads\/2016\/09\/logoNCK_pion-225x300.jpg\" alt=\"logonck_pion\" width=\"69\" height=\"92\" \/><\/a><\/p>\n","protected":false},"excerpt":{"rendered":"<p>17 wrze\u015bnia min\u0119\u0142a 77. rocznica agresji Zwi\u0105zku Sowieckiego na Polsk\u0119. Z tej okazji, Reduta Dobrego Imienia przygotowa\u0142a wystaw\u0119 upami\u0119tniaj\u0105c\u0105 ofiary sowieckich zbrodni oraz gr\u0119 miejsk\u0105 nawi\u0105zuj\u0105c\u0105 do wydarze\u0144 wrze\u015bnia 1939. Wieczorem spotkali\u015bmy si\u0119 na koncercie zespo\u0142u Contra Mundum. Spotkanie z histori\u0105 rozpocz\u0119li\u015bmy ju\u017c wczesnym rankiem. O godz. 10.00 w\u00a0punkcie startu gry miejskiej przy ul. Ch\u0142odnej [&hellip;]<\/p>\n","protected":false},"author":3,"featured_media":471295,"comment_status":"open","ping_status":"open","sticky":false,"template":"","format":"standard","meta":{"_et_pb_use_builder":"","_et_pb_old_content":"","_et_gb_content_width":"","sfsi_plus_gutenberg_text_before_share":"","sfsi_plus_gutenberg_show_text_before_share":"","sfsi_plus_gutenberg_icon_type":"","sfsi_plus_gutenberg_icon_alignemt":"","sfsi_plus_gutenburg_max_per_row":"","footnotes":""},"categories":[39],"tags":[],"class_list":["post-470926","post","type-post","status-publish","format-standard","has-post-thumbnail","hentry","category-aktualnosci"],"_links":{"self":[{"href":"https:\/\/rdi.org.pl\/english\/wp-json\/wp\/v2\/posts\/470926","targetHints":{"allow":["GET"]}}],"collection":[{"href":"https:\/\/rdi.org.pl\/english\/wp-json\/wp\/v2\/posts"}],"about":[{"href":"https:\/\/rdi.org.pl\/english\/wp-json\/wp\/v2\/types\/post"}],"author":[{"embeddable":true,"href":"https:\/\/rdi.org.pl\/english\/wp-json\/wp\/v2\/users\/3"}],"replies":[{"embeddable":true,"href":"https:\/\/rdi.org.pl\/english\/wp-json\/wp\/v2\/comments?post=470926"}],"version-history":[{"count":0,"href":"https:\/\/rdi.org.pl\/english\/wp-json\/wp\/v2\/posts\/470926\/revisions"}],"wp:featuredmedia":[{"embeddable":true,"href":"https:\/\/rdi.org.pl\/english\/wp-json\/wp\/v2\/media\/471295"}],"wp:attachment":[{"href":"https:\/\/rdi.org.pl\/english\/wp-json\/wp\/v2\/media?parent=470926"}],"wp:term":[{"taxonomy":"category","embeddable":true,"href":"https:\/\/rdi.org.pl\/english\/wp-json\/wp\/v2\/categories?post=470926"},{"taxonomy":"post_tag","embeddable":true,"href":"https:\/\/rdi.org.pl\/english\/wp-json\/wp\/v2\/tags?post=470926"}],"curies":[{"name":"wp","href":"https:\/\/api.w.org\/{rel}","templated":true}]}}