{"id":470927,"date":"2016-09-27T08:42:37","date_gmt":"2016-09-27T08:42:37","guid":{"rendered":"http:\/\/www.anti-defamation.pl\/english\/?p=703"},"modified":"2016-09-27T08:42:37","modified_gmt":"2016-09-27T08:42:37","slug":"straznik-pamieci-nominowalismy-alfreda-znamierowskiego","status":"publish","type":"post","link":"https:\/\/rdi.org.pl\/english\/straznik-pamieci-nominowalismy-alfreda-znamierowskiego\/","title":{"rendered":"Stra\u017cnik Pami\u0119ci \u2013 nominowali\u015bmy Alfreda Znamierowskiego"},"content":{"rendered":"<p><strong>\u00a0 \u00a0 \u00a0 \u00a0 \u00a0 \u00a0 \u00a0 \u00a0 \u00a0 \u00a0 \u00a0 \u00a0 \u00a0 \u00a0 \u00a0 \u00a0 \u00a0 \u00a0 \u00a0 \u00a0 \u00a0 \u00a0 \u00a0 \u00a0 \u00a0 \u00a0 \u00a0 \u00a0 \u00a0 \u00a0 \u00a0 \u00a0 \u00a0 \u00a0 \u00a0 \u00a0 \u00a0 \u00a0 \u00a0 \u00a0 \u00a0 \u00a0 \u00a0 \u00a0 \u00a0 \u00a0 \u00a0 \u00a0 \u00a0 \u00a0 \u00a0 \u00a0 \u00a0 \u00a0 \u00a0 \u00a0 \u00a0 \u00a0 \u00a0 Do<\/strong><br \/>\n<strong>\u00a0 \u00a0 \u00a0 \u00a0 \u00a0 \u00a0 \u00a0 \u00a0 \u00a0 \u00a0 \u00a0 \u00a0 \u00a0 \u00a0 \u00a0 \u00a0 \u00a0 \u00a0 \u00a0 \u00a0 \u00a0 \u00a0 \u00a0 \u00a0 \u00a0 \u00a0 \u00a0 \u00a0 \u00a0 \u00a0 \u00a0 \u00a0 \u00a0 \u00a0 \u00a0 \u00a0 \u00a0 \u00a0 \u00a0 \u00a0 \u00a0 \u00a0 \u00a0 \u00a0 \u00a0 \u00a0 \u00a0 \u00a0 \u00a0 \u00a0 \u00a0 \u00a0 \u00a0 \u00a0 \u00a0 \u00a0 \u00a0 \u00a0 \u00a0 Kapitu\u0142y Konkursu<\/strong><br \/>\n<strong>\u00a0 \u00a0 \u00a0 \u00a0 \u00a0 \u00a0 \u00a0 \u00a0 \u00a0 \u00a0 \u00a0 \u00a0 \u00a0 \u00a0 \u00a0 \u00a0 \u00a0 \u00a0 \u00a0 \u00a0 \u00a0 \u00a0 \u00a0 \u00a0 \u00a0 \u00a0 \u00a0 \u00a0 \u00a0 \u00a0 \u00a0 \u00a0 \u00a0 \u00a0 \u00a0 \u00a0 \u00a0 \u00a0 \u00a0 \u00a0 \u00a0 \u00a0 \u00a0 \u00a0 \u00a0 \u00a0 \u00a0 \u00a0 \u00a0 \u00a0 \u00a0 \u00a0 \u00a0 \u00a0 \u00a0 \u00a0 \u00a0 \u00a0 \u00a0 Stra\u017cnik Pami\u0119ci 2016<\/strong><\/p>\n<p>Szanowni Pa\u0144stwo!<\/p>\n<p>Do tytu\u0142u Stra\u017cnika Pami\u0119ci 2016 w kategorii Tw\u00f3rca zg\u0142aszam pana Alfreda Znamierowskiego, autora ksi\u0105\u017cki pt. \u201eOrze\u0142 Bia\u0142y. Znak pa\u0144stwa i narodu\u201d \u2013 cennej publikacji adresowanej do dzieci, m\u0142odzie\u017cy i doros\u0142ych, popularyzuj\u0105cej wiedz\u0119 o polskich symbolach narodowych.<\/p>\n<p>Alfred Znamierowski pracowa\u0142 jako dziennikarz Radia Wolna Europa. Jest heraldykiem i weksylologiem. Wykonuje ilustracje przedstawiaj\u0105ce herby i flagi dla czasopism oraz wydawnictw. W 1997 za\u0142o\u017cy\u0142 Instytut Heraldyczno-Weksylologiczny, zajmuj\u0105cy si\u0119 badaniami herb\u00f3w i flag oraz projektuj\u0105cy znaki dla polskich jednostek samorz\u0105dowych. Cz\u0142onek Polskiego Towarzystwa Heraldycznego i Komisji Heraldycznej przy Ministerstwie Spraw Wewn\u0119trznych i Administracji. W latach 1998-2000 prezes, nast\u0119pnie wiceprezes Polskiego Towarzystwa Weksylologicznego. Odznaczony Z\u0142otym Krzy\u017cem Zas\u0142ugi za dokumentowanie prawdy historycznej o dziejach Narodu Polskiego. Nale\u017cy do Reduty Dobrego Imienia.<\/p>\n<p>Uprzejmie prosz\u0119 o rozpatrzenie tej kandydatury.<\/p>\n<p>Z wyrazami szacunku,<br \/>\nMaciej \u015awirski<br \/>\nPrezes Reduty Dobrego Imienia<\/p>\n<p>&#8212;-<br \/>\nNagroda \u201eStra\u017cnik Pami\u0119ci\u201d przyznawana jest od 2013 r. w trzech kategoriach: tw\u00f3rca, instytucja i mecenas. W 2015 r. jej laureatem zosta\u0142a Reduta Dobrego Imienia.<\/p>\n","protected":false},"excerpt":{"rendered":"<p>\u00a0 \u00a0 \u00a0 \u00a0 \u00a0 \u00a0 \u00a0 \u00a0 \u00a0 \u00a0 \u00a0 \u00a0 \u00a0 \u00a0 \u00a0 \u00a0 \u00a0 \u00a0 \u00a0 \u00a0 \u00a0 \u00a0 \u00a0 \u00a0 \u00a0 \u00a0 \u00a0 \u00a0 \u00a0 \u00a0 \u00a0 \u00a0 \u00a0 \u00a0 \u00a0 \u00a0 \u00a0 \u00a0 \u00a0 \u00a0 \u00a0 \u00a0 \u00a0 \u00a0 \u00a0 \u00a0 \u00a0 \u00a0 \u00a0 \u00a0 \u00a0 \u00a0 \u00a0 \u00a0 \u00a0 [&hellip;]<\/p>\n","protected":false},"author":3,"featured_media":471295,"comment_status":"open","ping_status":"open","sticky":false,"template":"","format":"standard","meta":{"_et_pb_use_builder":"","_et_pb_old_content":"","_et_gb_content_width":"","sfsi_plus_gutenberg_text_before_share":"","sfsi_plus_gutenberg_show_text_before_share":"","sfsi_plus_gutenberg_icon_type":"","sfsi_plus_gutenberg_icon_alignemt":"","sfsi_plus_gutenburg_max_per_row":"","footnotes":""},"categories":[39],"tags":[],"class_list":["post-470927","post","type-post","status-publish","format-standard","has-post-thumbnail","hentry","category-aktualnosci"],"_links":{"self":[{"href":"https:\/\/rdi.org.pl\/english\/wp-json\/wp\/v2\/posts\/470927","targetHints":{"allow":["GET"]}}],"collection":[{"href":"https:\/\/rdi.org.pl\/english\/wp-json\/wp\/v2\/posts"}],"about":[{"href":"https:\/\/rdi.org.pl\/english\/wp-json\/wp\/v2\/types\/post"}],"author":[{"embeddable":true,"href":"https:\/\/rdi.org.pl\/english\/wp-json\/wp\/v2\/users\/3"}],"replies":[{"embeddable":true,"href":"https:\/\/rdi.org.pl\/english\/wp-json\/wp\/v2\/comments?post=470927"}],"version-history":[{"count":0,"href":"https:\/\/rdi.org.pl\/english\/wp-json\/wp\/v2\/posts\/470927\/revisions"}],"wp:featuredmedia":[{"embeddable":true,"href":"https:\/\/rdi.org.pl\/english\/wp-json\/wp\/v2\/media\/471295"}],"wp:attachment":[{"href":"https:\/\/rdi.org.pl\/english\/wp-json\/wp\/v2\/media?parent=470927"}],"wp:term":[{"taxonomy":"category","embeddable":true,"href":"https:\/\/rdi.org.pl\/english\/wp-json\/wp\/v2\/categories?post=470927"},{"taxonomy":"post_tag","embeddable":true,"href":"https:\/\/rdi.org.pl\/english\/wp-json\/wp\/v2\/tags?post=470927"}],"curies":[{"name":"wp","href":"https:\/\/api.w.org\/{rel}","templated":true}]}}