{"id":470929,"date":"2016-10-05T15:52:29","date_gmt":"2016-10-05T15:52:29","guid":{"rendered":"http:\/\/www.anti-defamation.pl\/english\/?p=718"},"modified":"2016-10-05T15:52:29","modified_gmt":"2016-10-05T15:52:29","slug":"za-nami-pierwsze-czytanie-ustawy-o-ipn","status":"publish","type":"post","link":"https:\/\/rdi.org.pl\/english\/za-nami-pierwsze-czytanie-ustawy-o-ipn\/","title":{"rendered":"Za nami pierwsze czytanie ustawy o IPN"},"content":{"rendered":"<p><img loading=\"lazy\" decoding=\"async\" class=\"wp-image-802 size-medium alignleft\" src=\"http:\/\/www.anti-defamation.pl\/english\/wp-content\/uploads\/2016\/10\/petycja_podpisy-300x198.jpg\" alt=\"petycja_podpisy\" width=\"300\" height=\"198\" \/>5 pa\u017adziernika br. odby\u0142o si\u0119 w Sejmie pierwsze czytanie nowelizacji ustawy o Instytucie Pami\u0119ci Narodowej.<\/p>\n<p>Reduta Dobrego Imienia zebra\u0142a ponad 41 tys. podpis\u00f3w pod petycj\u0105 do Marsza\u0142ka Sejmu Marka Kuchci\u0144skiego w sprawie jak najszybszego uchwalenia ustawy o karaniu za u\u017cycie sformu\u0142owania \u201epolski ob\u00f3z koncentracyjny\u201d, \u201epolski ob\u00f3z \u015bmierci\u201d, \u201epolskie getto\u201d i podobnych.\u00a0 Nowelizacja ustawy jest w Sejmie mi\u0119dzy innymi dzi\u0119ki naszym dzia\u0142aniom.<\/p>\n<p>Omawiany projekt wprowadza kary grzywny lub do trzech lat wi\u0119zienia za stosowanie okre\u015blenia \u201epolskie obozy\u201d. Projekt ustawy porz\u0105dkuje r\u00f3wnie\u017c kwestie odpowiedzialno\u015bci.\u00a0 Ka\u017cdy kto publicznie i wbrew faktom przypisze narodowi polskiemu lub pa\u0144stwu polskiemu odpowiedzialno\u015b\u0107 lub wsp\u00f3\u0142odpowiedzialno\u015b\u0107 za pope\u0142nione przez III Rzesz\u0119 Niemieck\u0105 zbrodnie nazistowskie lub inne zbrodnie przeciwko ludzko\u015bci, pokojowi i zbrodnie wojenne, b\u0119dzie podlega\u0142 karze grzywny lub karze pozbawienia wolno\u015bci do lat 3. Taka sama kara b\u0119dzie grozi\u0107 za \u201era\u017c\u0105ce pomniejszanie odpowiedzialno\u015bci rzeczywistych sprawc\u00f3w tych zbrodni\u201d.<\/p>\n<p>Dla Reduty uchwalenie tej ustawy jest zwie\u0144czeniem ponad dwuletnich stara\u0144, aby takie prawo istnia\u0142o. Ustawa wprowadza tak\u017ce przepis daj\u0105cy prawo organizacjom spo\u0142ecznym, maj\u0105cym zapis statutowy o ochronie dobrego imienia Polski, do wyst\u0119powania przed s\u0105dami z pozwami cywilnymi przeciwko oszczercom. Do tej pory, aby pozwa\u0107 autora artyku\u0142u, w kt\u00f3rym jest oszczercze sformu\u0142owanie &#8222;polski ob\u00f3z koncentracyjny&#8221; w doktrynie prawnej obowi\u0105zywa\u0142a zasada, \u017ce musi istnie\u0107 tzw. &#8222;interes prawny&#8221; powoda, czyli musieli to by\u0107 \u017co\u0142nierze Armii Krajowej, b\u0105d\u017a wi\u0119\u017aniowie oboz\u00f3w koncentracyjnych. \u015arodowisko obro\u0144c\u00f3w dobrego imienia Polski wypracowa\u0142o podej\u015bcie pozwalaj\u0105ce na to, \u017ceby sprawy takie by\u0142y rozpatrywane przed s\u0105dami polskimi.<\/p>\n<p>\u2013 Uchwalenie ustawy jest niezb\u0119dne, poniewa\u017c pokolenie kombatant\u00f3w odchodzi i potrzebne jest jasne sformu\u0142owanie prawne daj\u0105ce organizacjom spo\u0142ecznym takim jak Reduta Dobrego Imienia, interes prawny do wyst\u0119powania przed s\u0105dami \u2013 komentuje Maciej \u015awirski, Prezes Reduty.<\/p>\n<p>O dalszych post\u0119pach b\u0119dziemy informowa\u0107 na bie\u017c\u0105co.<\/p>\n","protected":false},"excerpt":{"rendered":"<p>5 pa\u017adziernika br. odby\u0142o si\u0119 w Sejmie pierwsze czytanie nowelizacji ustawy o Instytucie Pami\u0119ci Narodowej. Reduta Dobrego Imienia zebra\u0142a ponad 41 tys. podpis\u00f3w pod petycj\u0105 do Marsza\u0142ka Sejmu Marka Kuchci\u0144skiego w sprawie jak najszybszego uchwalenia ustawy o karaniu za u\u017cycie sformu\u0142owania \u201epolski ob\u00f3z koncentracyjny\u201d, \u201epolski ob\u00f3z \u015bmierci\u201d, \u201epolskie getto\u201d i podobnych.\u00a0 Nowelizacja ustawy jest w [&hellip;]<\/p>\n","protected":false},"author":3,"featured_media":471295,"comment_status":"open","ping_status":"open","sticky":false,"template":"","format":"standard","meta":{"_et_pb_use_builder":"","_et_pb_old_content":"","_et_gb_content_width":"","sfsi_plus_gutenberg_text_before_share":"","sfsi_plus_gutenberg_show_text_before_share":"","sfsi_plus_gutenberg_icon_type":"","sfsi_plus_gutenberg_icon_alignemt":"","sfsi_plus_gutenburg_max_per_row":"","footnotes":""},"categories":[39],"tags":[],"class_list":["post-470929","post","type-post","status-publish","format-standard","has-post-thumbnail","hentry","category-aktualnosci"],"_links":{"self":[{"href":"https:\/\/rdi.org.pl\/english\/wp-json\/wp\/v2\/posts\/470929","targetHints":{"allow":["GET"]}}],"collection":[{"href":"https:\/\/rdi.org.pl\/english\/wp-json\/wp\/v2\/posts"}],"about":[{"href":"https:\/\/rdi.org.pl\/english\/wp-json\/wp\/v2\/types\/post"}],"author":[{"embeddable":true,"href":"https:\/\/rdi.org.pl\/english\/wp-json\/wp\/v2\/users\/3"}],"replies":[{"embeddable":true,"href":"https:\/\/rdi.org.pl\/english\/wp-json\/wp\/v2\/comments?post=470929"}],"version-history":[{"count":0,"href":"https:\/\/rdi.org.pl\/english\/wp-json\/wp\/v2\/posts\/470929\/revisions"}],"wp:featuredmedia":[{"embeddable":true,"href":"https:\/\/rdi.org.pl\/english\/wp-json\/wp\/v2\/media\/471295"}],"wp:attachment":[{"href":"https:\/\/rdi.org.pl\/english\/wp-json\/wp\/v2\/media?parent=470929"}],"wp:term":[{"taxonomy":"category","embeddable":true,"href":"https:\/\/rdi.org.pl\/english\/wp-json\/wp\/v2\/categories?post=470929"},{"taxonomy":"post_tag","embeddable":true,"href":"https:\/\/rdi.org.pl\/english\/wp-json\/wp\/v2\/tags?post=470929"}],"curies":[{"name":"wp","href":"https:\/\/api.w.org\/{rel}","templated":true}]}}