{"id":470930,"date":"2016-10-15T10:20:08","date_gmt":"2016-10-15T10:20:08","guid":{"rendered":"http:\/\/www.anti-defamation.pl\/english\/?p=725"},"modified":"2024-04-12T15:15:50","modified_gmt":"2024-04-12T13:15:50","slug":"sukces-reduty","status":"publish","type":"post","link":"https:\/\/rdi.org.pl\/english\/sukces-reduty\/","title":{"rendered":"Sukces Reduty!"},"content":{"rendered":"<p style=\"text-align: justify;\">Reduta Dobrego Imienia aktywnie zaanga\u017cowa\u0142a si\u0119 w spraw\u0119 przeciwko Hansowi G., kt\u00f3ry zosta\u0142 nagrany przez p. Natali\u0119 Nitek, kiedy zniewa\u017ca\u0142 swoich pracownik\u00f3w i wsp\u00f3\u0142pracownik\u00f3w &#8211; Polak\u00f3w.<\/p>\n<p>Szokuj\u0105ce s\u0142owa, kt\u00f3re zosta\u0142y przedstawione m.in. w Telewizji Republika, wzburzy\u0142y du\u017c\u0105 cz\u0119\u015b\u0107 polskiego spo\u0142ecze\u0144stwa. W tej sprawie pozew z\u0142o\u017cy\u0142a Natalia Nitek, wspierana przez Redut\u0119 Dobrego Imienia, kt\u00f3ra zapewni\u0142a pomoc prawn\u0105 pokrzywdzonej i finansuje koszty procesu cywilnego.<\/p>\n<p>Reduta z\u0142o\u017cy\u0142a r\u00f3wnie\u017c wniosek o przyst\u0105pienie do sprawy. W pa\u017adzierniku 2016 r. S\u0105d Okr\u0119gowy w Gda\u0144sku, po analizie Statutu Reduty, doszed\u0142 do wniosku, \u017ce Reduta mo\u017ce przyst\u0105pi\u0107 do sprawy po stronie p. Natalii Nitek.<\/p>\n<p>Oznacza to, \u017ce Reduta b\u0119dzie mia\u0142a okre\u015blone prawa w tocz\u0105cym si\u0119 post\u0119powaniu.<\/p>\n<p>Jest to bardzo du\u017cy sukces, bo nie ka\u017cda organizacja otrzymuje zgod\u0119 od s\u0105du na przyst\u0105pienie do procesu po jednej ze stron. Prawo przewiduje bowiem, w takim przypadku, spe\u0142nienie \u015bcis\u0142ych warunk\u00f3w przez organizacje pozarz\u0105dowe.<\/p>\n<p>S\u0105d Okr\u0119gowy wyznaczy\u0142 termin pierwszej rozprawy na dzie\u0144 27 I 2017 r.<\/p>\n<p>Przypominamy, \u017ce w sprawie szokuj\u0105cych s\u0142\u00f3w Niemca w stosunku do Polak\u00f3w toczy si\u0119 r\u00f3wnie\u017c post\u0119powanie prokuratorskie.<\/p>\n<p>&nbsp;<\/p>\n","protected":false},"excerpt":{"rendered":"<p>Reduta Dobrego Imienia aktywnie zaanga\u017cowa\u0142a si\u0119 w spraw\u0119 przeciwko Hansowi G., kt\u00f3ry zosta\u0142 nagrany przez p. Natali\u0119 Nitek, kiedy zniewa\u017ca\u0142 swoich pracownik\u00f3w i wsp\u00f3\u0142pracownik\u00f3w &#8211; Polak\u00f3w. Szokuj\u0105ce s\u0142owa, kt\u00f3re zosta\u0142y przedstawione m.in. w Telewizji Republika, wzburzy\u0142y du\u017c\u0105 cz\u0119\u015b\u0107 polskiego spo\u0142ecze\u0144stwa. W tej sprawie pozew z\u0142o\u017cy\u0142a Natalia Nitek, wspierana przez Redut\u0119 Dobrego Imienia, kt\u00f3ra zapewni\u0142a pomoc [&hellip;]<\/p>\n","protected":false},"author":3,"featured_media":471295,"comment_status":"open","ping_status":"open","sticky":false,"template":"","format":"standard","meta":{"_et_pb_use_builder":"","_et_pb_old_content":"","_et_gb_content_width":"","sfsi_plus_gutenberg_text_before_share":"","sfsi_plus_gutenberg_show_text_before_share":"","sfsi_plus_gutenberg_icon_type":"","sfsi_plus_gutenberg_icon_alignemt":"","sfsi_plus_gutenburg_max_per_row":"","footnotes":""},"categories":[39],"tags":[],"class_list":["post-470930","post","type-post","status-publish","format-standard","has-post-thumbnail","hentry","category-aktualnosci"],"_links":{"self":[{"href":"https:\/\/rdi.org.pl\/english\/wp-json\/wp\/v2\/posts\/470930","targetHints":{"allow":["GET"]}}],"collection":[{"href":"https:\/\/rdi.org.pl\/english\/wp-json\/wp\/v2\/posts"}],"about":[{"href":"https:\/\/rdi.org.pl\/english\/wp-json\/wp\/v2\/types\/post"}],"author":[{"embeddable":true,"href":"https:\/\/rdi.org.pl\/english\/wp-json\/wp\/v2\/users\/3"}],"replies":[{"embeddable":true,"href":"https:\/\/rdi.org.pl\/english\/wp-json\/wp\/v2\/comments?post=470930"}],"version-history":[{"count":1,"href":"https:\/\/rdi.org.pl\/english\/wp-json\/wp\/v2\/posts\/470930\/revisions"}],"predecessor-version":[{"id":473012,"href":"https:\/\/rdi.org.pl\/english\/wp-json\/wp\/v2\/posts\/470930\/revisions\/473012"}],"wp:featuredmedia":[{"embeddable":true,"href":"https:\/\/rdi.org.pl\/english\/wp-json\/wp\/v2\/media\/471295"}],"wp:attachment":[{"href":"https:\/\/rdi.org.pl\/english\/wp-json\/wp\/v2\/media?parent=470930"}],"wp:term":[{"taxonomy":"category","embeddable":true,"href":"https:\/\/rdi.org.pl\/english\/wp-json\/wp\/v2\/categories?post=470930"},{"taxonomy":"post_tag","embeddable":true,"href":"https:\/\/rdi.org.pl\/english\/wp-json\/wp\/v2\/tags?post=470930"}],"curies":[{"name":"wp","href":"https:\/\/api.w.org\/{rel}","templated":true}]}}