{"id":470932,"date":"2016-10-24T15:30:35","date_gmt":"2016-10-24T15:30:35","guid":{"rendered":"http:\/\/www.anti-defamation.pl\/english\/?p=739"},"modified":"2024-04-12T15:15:54","modified_gmt":"2024-04-12T13:15:54","slug":"zadamy-usuniecia-trzech-profili-facebook","status":"publish","type":"post","link":"https:\/\/rdi.org.pl\/english\/zadamy-usuniecia-trzech-profili-facebook\/","title":{"rendered":"\u017b\u0105damy usuni\u0119cia trzech profili Facebook!"},"content":{"rendered":"<p><img loading=\"lazy\" decoding=\"async\" class=\"alignright size-medium wp-image-768\" src=\"http:\/\/www.anti-defamation.pl\/english\/wp-content\/uploads\/2016\/10\/IMG_0337-300x225.jpg\" alt=\"Facebook - zadamy usuniecia profili\" width=\"300\" height=\"225\" \/>Wielokrotnie dostawali\u015bmy zawiadomienia od naszych wolontariuszy i odbiorc\u00f3w newslettera o istnieniu profili Facebook, kt\u00f3re bezprawne umieszczaj\u0105 materia\u0142y naruszaj\u0105ce dobra osobiste katolik\u00f3w. Postanowili\u015bmy z\u0142o\u017cy\u0107 oficjalne pismo do Facebooka z pro\u015bb\u0105 o reakcj\u0119. W dokumencie zwr\u00f3cili\u015bmy uwag\u0119 na trzy profile, kt\u00f3re w spos\u00f3b bulwersuj\u0105cy szkaluj\u0105 Jezusa Chrystusa oraz \u015bw. Jana Paw\u0142a II. Strony prezentuj\u0105 uw\u0142aczaj\u0105ce grafiki oraz wpisy, a wspomniane postacie s\u0105 zniewa\u017cane na r\u00f3\u017cne sposoby. Maj\u0105 one charakter dyskryminuj\u0105cy oraz uderzaj\u0105 w uczucia religijne wiernych Ko\u015bcio\u0142a Katolickiego. Wyszydzaj\u0105 symbole religijne, prawdy wiary, przedmioty czci i kultu.<\/p>\n<p>Nie b\u0119dziemy Pa\u0144stwu jednak przytacza\u0107 nazw, \u017ceby nie budowa\u0107 dodatkowej ogl\u0105dalno\u015bci tym blu\u017anierczym profilom. Mamy nadziej\u0119, \u017ce bardzo szybko znikn\u0105 one z internetu, a nasze dzia\u0142ania odnios\u0105 zamierzony skutek. W zwi\u0105zku z t\u0105 spraw\u0105, z\u0142o\u017cyli\u015bmy tak\u017ce doniesienie do prokuratury o mo\u017cliwo\u015bci pope\u0142nienia przest\u0119pstwa.<\/p>\n<p>&nbsp;<br \/>\n<em>Najnowsze badania internetu Gemius\/PBI pokazuj\u0105, \u017ce w Polsce a\u017c 25,3 mln aktywnie korzysta tego kana\u0142u komunikacji, z czego ponad 21 mln z Facebooka.<\/em><\/p>\n","protected":false},"excerpt":{"rendered":"<p>Wielokrotnie dostawali\u015bmy zawiadomienia od naszych wolontariuszy i odbiorc\u00f3w newslettera o istnieniu profili Facebook, kt\u00f3re bezprawne umieszczaj\u0105 materia\u0142y naruszaj\u0105ce dobra osobiste katolik\u00f3w. Postanowili\u015bmy z\u0142o\u017cy\u0107 oficjalne pismo do Facebooka z pro\u015bb\u0105 o reakcj\u0119. W dokumencie zwr\u00f3cili\u015bmy uwag\u0119 na trzy profile, kt\u00f3re w spos\u00f3b bulwersuj\u0105cy szkaluj\u0105 Jezusa Chrystusa oraz \u015bw. Jana Paw\u0142a II. Strony prezentuj\u0105 uw\u0142aczaj\u0105ce grafiki oraz [&hellip;]<\/p>\n","protected":false},"author":3,"featured_media":471295,"comment_status":"open","ping_status":"open","sticky":false,"template":"","format":"standard","meta":{"_et_pb_use_builder":"","_et_pb_old_content":"","_et_gb_content_width":"","sfsi_plus_gutenberg_text_before_share":"","sfsi_plus_gutenberg_show_text_before_share":"","sfsi_plus_gutenberg_icon_type":"","sfsi_plus_gutenberg_icon_alignemt":"","sfsi_plus_gutenburg_max_per_row":"","footnotes":""},"categories":[39],"tags":[],"class_list":["post-470932","post","type-post","status-publish","format-standard","has-post-thumbnail","hentry","category-aktualnosci"],"_links":{"self":[{"href":"https:\/\/rdi.org.pl\/english\/wp-json\/wp\/v2\/posts\/470932","targetHints":{"allow":["GET"]}}],"collection":[{"href":"https:\/\/rdi.org.pl\/english\/wp-json\/wp\/v2\/posts"}],"about":[{"href":"https:\/\/rdi.org.pl\/english\/wp-json\/wp\/v2\/types\/post"}],"author":[{"embeddable":true,"href":"https:\/\/rdi.org.pl\/english\/wp-json\/wp\/v2\/users\/3"}],"replies":[{"embeddable":true,"href":"https:\/\/rdi.org.pl\/english\/wp-json\/wp\/v2\/comments?post=470932"}],"version-history":[{"count":1,"href":"https:\/\/rdi.org.pl\/english\/wp-json\/wp\/v2\/posts\/470932\/revisions"}],"predecessor-version":[{"id":473013,"href":"https:\/\/rdi.org.pl\/english\/wp-json\/wp\/v2\/posts\/470932\/revisions\/473013"}],"wp:featuredmedia":[{"embeddable":true,"href":"https:\/\/rdi.org.pl\/english\/wp-json\/wp\/v2\/media\/471295"}],"wp:attachment":[{"href":"https:\/\/rdi.org.pl\/english\/wp-json\/wp\/v2\/media?parent=470932"}],"wp:term":[{"taxonomy":"category","embeddable":true,"href":"https:\/\/rdi.org.pl\/english\/wp-json\/wp\/v2\/categories?post=470932"},{"taxonomy":"post_tag","embeddable":true,"href":"https:\/\/rdi.org.pl\/english\/wp-json\/wp\/v2\/tags?post=470932"}],"curies":[{"name":"wp","href":"https:\/\/api.w.org\/{rel}","templated":true}]}}