{"id":470933,"date":"2016-11-01T19:34:31","date_gmt":"2016-11-01T19:34:31","guid":{"rendered":"http:\/\/www.anti-defamation.pl\/english\/?p=819"},"modified":"2016-11-01T19:34:31","modified_gmt":"2016-11-01T19:34:31","slug":"facebook-pod-lupa-reduty-stanowisko-rdi-w-sprawie-praktyk-facebooka-w-polsce","status":"publish","type":"post","link":"https:\/\/rdi.org.pl\/english\/facebook-pod-lupa-reduty-stanowisko-rdi-w-sprawie-praktyk-facebooka-w-polsce\/","title":{"rendered":"Facebook pod lup\u0105 Reduty. Stanowisko RDI w sprawie praktyk Facebooka w Polsce"},"content":{"rendered":"<p style=\"text-align: justify;\">Wydarzenia ostatnich dni zwr\u00f3ci\u0142y uwag\u0119 na rol\u0119 medi\u00f3w spo\u0142eczno\u015bciowych w naszym \u017cyciu, a zw\u0142aszcza na rol\u0119 Facebooka.<\/p>\n<p style=\"text-align: justify;\">W ci\u0105gu kilkunastu ostatnich lat ca\u0142kowicie zmieni\u0142a si\u0119 forma przekazu medialnego, w\u0142a\u015bnie dzi\u0119ki mediom spo\u0142eczno\u015bciowym. Z jednej strony bardzo obni\u017cy\u0142a si\u0119 bariera wej\u015bcia na rynek medialny. Z informacj\u0105 mo\u017cna dotrze\u0107 do tysi\u0119cy i milion\u00f3w odbiorc\u00f3w przy niepor\u00f3wnywalnie mniejszych nak\u0142adach ni\u017c w mediach tradycyjnych. Sukces Reduty polega m.in. na umiej\u0119tnym korzystaniu z medi\u00f3w spo\u0142eczno\u015bciowych.<\/p>\n<p style=\"text-align: justify;\">Facebook, b\u0119d\u0105cy w tej chwili globaln\u0105 korporacj\u0105, z kt\u00f3rej mechanizm\u00f3w udost\u0119pnienia informacji korzysta powy\u017cej miliarda os\u00f3b ma coraz wi\u0119kszy wp\u0142yw nie tylko na spos\u00f3b przesy\u0142ania informacji, ale te\u017c na to, jakie informacje s\u0105 przesy\u0142ane i udost\u0119pniane.<\/p>\n<p style=\"text-align: justify;\">Facebook operuje tak\u017ce na rynku polskim, ma tu sp\u00f3\u0142k\u0119 zale\u017cn\u0105, zarejestrowan\u0105 w KRS.<\/p>\n<p style=\"text-align: justify;\">Okazuje si\u0119, \u017ce przynajmniej w swojej polskiej cz\u0119\u015bci, Facebook w spos\u00f3b arbitralny zezwala na pojawianie si\u0119 jednych informacji, a inne usuwa, powo\u0142uj\u0105c si\u0119 na sw\u00f3j wewn\u0119trzny regulamin. Jednak dziwnym trafem informacje usuwane i niedopuszczane do rozpowszechniania pochodz\u0105 od zwolennik\u00f3w ruch\u00f3w i organizacji patriotycznych, natomiast dopuszczane do rozpowszechniania s\u0105 teksty, zdj\u0119cia i filmy \u015brodowisk neguj\u0105cych warto\u015bci patriotyczne, wy\u015bmiewaj\u0105cych je, nierzadko zniewa\u017caj\u0105ce Polsk\u0119, propaguj\u0105ce komunizm.<\/p>\n<p style=\"text-align: justify;\">U\u017cytkownicy Facebooka wielokrotnie poprzez wewn\u0119trzny mechanizm Facebooka zg\u0142aszali do usuni\u0119cia profile i tre\u015bci zniewa\u017caj\u0105ce Polsk\u0119, \u017bo\u0142nierzy Wykl\u0119tych, Powsta\u0144c\u00f3w Warszawskich, a tak\u017ce godz\u0105ce w uczucia religijne, zw\u0142aszcza zniewa\u017caj\u0105ce \u015aw. Jana Paw\u0142a II.<\/p>\n<p style=\"text-align: justify;\">Z informacji, kt\u00f3re docieraj\u0105 do nas wynika, ze Facebook niezwykle rzadko uwzgl\u0119dnia takie zg\u0142oszenia. Nasze do\u015bwiadczenie to potwierdza.<\/p>\n<p style=\"text-align: justify;\">By\u0107 mo\u017ce takie dzia\u0142anie Facebooka wynika z faktu, \u017ce Facebookiem w Polsce kieruje zaanga\u017cowana aktywistka KODu Sylwia de Weydenthal, o czym poinformowa\u0142 red. Cezary Gmyz.<\/p>\n<p style=\"text-align: justify;\">Dzia\u0142ania cenzorskie Facebooka w Polsce wzbudzaj\u0105 coraz wi\u0119kszy sprzeciw. Sprawa nie dotyczy tylko u\u017cytkownik\u00f3w tego medium spo\u0142eczno\u015bciowego, ale tak\u017ce ca\u0142o\u015bci debaty publicznej w Polsce.<\/p>\n<p style=\"text-align: justify;\">Ze wzgl\u0119du na dominuj\u0105c\u0105 pozycj\u0119 Facebook ma przemo\u017cny wp\u0142yw na obieg informacji i opowiedzenie si\u0119 tego medium po jednej ze stron sporu politycznego i cywilizacyjnego jest niedopuszczaln\u0105 ingerencj\u0105 podmiotu zagranicznego w \u017cycie publiczne w Polsce.<\/p>\n<p style=\"text-align: justify;\">Nale\u017cy przy tym zaznaczy\u0107, \u017ce cenzura w Polsce jest zabroniona. Art. 54 Konstytucji brzmi:<\/p>\n<p style=\"text-align: justify;\"><em>&#8222;1. Ka\u017cdemu zapewnia si\u0119 wolno\u015b\u0107 wyra\u017cania swoich pogl\u0105d\u00f3w oraz pozyskiwania i rozpowszechniania informacji.<\/em><\/p>\n<p style=\"text-align: justify;\"><em>2. Cenzura prewencyjna \u015brodk\u00f3w spo\u0142ecznego przekazu oraz koncesjonowanie prasy s\u0105 zakazane. Ustawa mo\u017ce wprowadzi\u0107 obowi\u0105zek uprzedniego uzyskania koncesji na prowadzenie stacji radiowej lub telewizyjnej.&#8221;<\/em><\/p>\n<p style=\"text-align: justify;\">To co w Polsce wyprawia Facebook jest w\u0142a\u015bnie cenzur\u0105 prewencyjn\u0105, poniewa\u017c FB blokuj\u0105c profile u\u017cytkownik\u00f3w, kt\u00f3rych wypowiedzi uzna\u0142 za \u201eniedopuszczalne dla spo\u0142eczno\u015bci FB\u201d uniemo\u017cliwia im wyra\u017canie pogl\u0105d\u00f3w.<\/p>\n<p style=\"text-align: justify;\">W odpowiedzi na to, mo\u017cna powiedzie\u0107, ze FB jest prywatn\u0105 korporacj\u0105 i jak komu\u015b si\u0119 nie podoba, to mo\u017ce nie korzysta\u0107. Jednak\u017ce, ze wzgl\u0119du na pozycj\u0119 dominuj\u0105c\u0105, FB nie jest ju\u017c \u201ezwyk\u0142\u0105 prywatn\u0105 korporacj\u0105\u201d poniewa\u017c ma przemo\u017cny wp\u0142yw na \u017cycie publiczne. Zreszt\u0105 jak ka\u017cdy podmiot operuj\u0105cy na rynku polskim obowi\u0105zany jest do przestrzegania polskiego porz\u0105dku prawnego. A tu prawem nadrz\u0119dnym jest Konstytucja, a je\u015bli chodzi o ochron\u0119 poszczeg\u00f3lnych d\u00f3br &#8211; przepisy szczeg\u00f3\u0142owe.<\/p>\n<p style=\"text-align: justify;\">I tak:<\/p>\n<p style=\"text-align: justify;\">Facebook, pomimo wielokrotnych wezwa\u0144 od wielu os\u00f3b, nie usuwa profili zniewa\u017caj\u0105cych \u015aw. Jana Paw\u0142a II, czym narusza Art. 196 KK, kt\u00f3ry brzmi:<\/p>\n<p style=\"text-align: justify;\"><em>\u201eKto obra\u017ca uczucia religijne innych os\u00f3b, zniewa\u017caj\u0105c publicznie przedmiot czci religijnej lub miejsce przeznaczone do publicznego wykonywania obrz\u0119d\u00f3w religijnych, podlega grzywnie, karze ograniczenia wolno\u015bci albo pozbawienia wolno\u015bci do lat 2\u201d<\/em><\/p>\n<p style=\"text-align: justify;\">Jan Pawe\u0142 II Papie\u017c jest \u015awi\u0119tym Ko\u015bcio\u0142a Katolickiego, a zatem jest przedmiotem czci religijnej. Przest\u0119pstwa dokonuje nie tylko autor profilu FB zniewa\u017caj\u0105cego \u015aw. Jana Paw\u0142a II ale te\u017c i pracownicy Facebooka, kt\u00f3rzy pomimo wezwa\u0144 nie usuwaj\u0105 tre\u015bci zniewa\u017caj\u0105cych \u015awi\u0119tego.<\/p>\n<p style=\"text-align: justify;\">Facebook \u0142amie r\u00f3wnie\u017c Art 256 KK kt\u00f3ry brzmi:<\/p>\n<p style=\"text-align: justify;\"><em>\u201e\u00a71. Kto publicznie propaguje faszystowski lub inny totalitarny ustr\u00f3j pa\u0144stwa lub nawo\u0142uje do nienawi\u015bci na tle r\u00f3\u017cnic narodowo\u015bciowych, etnicznych, rasowych, wyznaniowych albo ze wzgl\u0119du na bezwyznaniowo\u015b\u0107,podlega grzywnie, karze ograniczenia wolno\u015bci albo pozbawienia wolno\u015bci do lat 2.<\/em><br \/>\n<em> \u00a72. Tej samej karze podlega, kto w celu rozpowszechniania produkuje, utrwala lub sprowadza, nabywa, przechowuje, posiada, prezentuje, przewozi lub przesy\u0142a druk, nagranie lub inny przedmiot, zawieraj\u0105ce tre\u015b\u0107 okre\u015blon\u0105 w \u00a7 1 albo b\u0119d\u0105ce no\u015bnikiem symboliki faszystowskiej, komunistycznej lub innej totalitarnej (\u2026)\u201d<\/em><\/p>\n<p style=\"text-align: justify;\">Na FB znale\u017a\u0107 mo\u017cna setki, je\u015bli nie tysi\u0105ce profili zawieraj\u0105cych tre\u015bci komunistyczne, \u0142\u0105cznie z wizerunkami symboliki komunistycznej, pochwalaj\u0105ce Stalina, zbrodnie komunistyczne itd.<\/p>\n<p style=\"text-align: justify;\">Pomimo monit\u00f3w Facebook tych profili nie usuwa. Przest\u0119pstwa dopuszczaj\u0105 si\u0119 zatem nie tylko tw\u00f3rcy i administratorzy tych profili, ale i pracownicy Facebooka, kt\u00f3rzy mimo wezwa\u0144 tych tre\u015bci nie usuwaj\u0105.<\/p>\n<p style=\"text-align: justify;\">Reduta Dobrego Imienia w tej chwili zbiera dowody w sprawie propagowania przez FB symboliki komunistycznej oraz obrazy uczu\u0107 religijnych.<\/p>\n<p style=\"text-align: justify;\"><strong>Z\u0142o\u017cyli\u015bmy ju\u017c w tej ostatniej kwestii (Art. 196 KK) dwa zawiadomienia o podejrzeniu pope\u0142nienia przest\u0119pstwa.<\/strong><\/p>\n<p style=\"text-align: justify;\"><strong>Prosimy wszystkich, kt\u00f3rzy zg\u0142aszali FB profile do usuni\u0119cia ze wzgl\u0119du na ich charakter uw\u0142aczaj\u0105cy Polsce lub obra\u017caj\u0105cy uczucia religijne, aby przysy\u0142ali do nas zrzuty ekran\u00f3w odpowiedzi z FB, w kt\u00f3rych by\u0142a mowa o tym \u017ce tre\u015bci te nie \u201e\u0142ami\u0105 standard\u00f3w\u201d, razem ze zrzutami ekran\u00f3w profili kt\u00f3re zg\u0142aszali.<\/strong><\/p>\n<p style=\"text-align: justify;\">Zg\u0142oszenia prosimy przysy\u0142a\u0107 na adres <a href=\"mailto:kontakt@reduta-dobrego-imienia.pl\">kontakt@reduta-dobrego-imienia.pl<\/a>\u00a0lub przez formularz kontaktowy na stronie Reduty<\/p>\n<p style=\"text-align: justify;\">O post\u0119pach w sprawie b\u0119dziemy informowa\u0107.<\/p>\n","protected":false},"excerpt":{"rendered":"<p>Wydarzenia ostatnich dni zwr\u00f3ci\u0142y uwag\u0119 na rol\u0119 medi\u00f3w spo\u0142eczno\u015bciowych w naszym \u017cyciu, a zw\u0142aszcza na rol\u0119 Facebooka. W ci\u0105gu kilkunastu ostatnich lat ca\u0142kowicie zmieni\u0142a si\u0119 forma przekazu medialnego, w\u0142a\u015bnie dzi\u0119ki mediom spo\u0142eczno\u015bciowym. Z jednej strony bardzo obni\u017cy\u0142a si\u0119 bariera wej\u015bcia na rynek medialny. Z informacj\u0105 mo\u017cna dotrze\u0107 do tysi\u0119cy i milion\u00f3w odbiorc\u00f3w przy niepor\u00f3wnywalnie mniejszych [&hellip;]<\/p>\n","protected":false},"author":3,"featured_media":471295,"comment_status":"open","ping_status":"open","sticky":false,"template":"","format":"standard","meta":{"_et_pb_use_builder":"","_et_pb_old_content":"","_et_gb_content_width":"","sfsi_plus_gutenberg_text_before_share":"","sfsi_plus_gutenberg_show_text_before_share":"","sfsi_plus_gutenberg_icon_type":"","sfsi_plus_gutenberg_icon_alignemt":"","sfsi_plus_gutenburg_max_per_row":"","footnotes":""},"categories":[39],"tags":[],"class_list":["post-470933","post","type-post","status-publish","format-standard","has-post-thumbnail","hentry","category-aktualnosci"],"_links":{"self":[{"href":"https:\/\/rdi.org.pl\/english\/wp-json\/wp\/v2\/posts\/470933","targetHints":{"allow":["GET"]}}],"collection":[{"href":"https:\/\/rdi.org.pl\/english\/wp-json\/wp\/v2\/posts"}],"about":[{"href":"https:\/\/rdi.org.pl\/english\/wp-json\/wp\/v2\/types\/post"}],"author":[{"embeddable":true,"href":"https:\/\/rdi.org.pl\/english\/wp-json\/wp\/v2\/users\/3"}],"replies":[{"embeddable":true,"href":"https:\/\/rdi.org.pl\/english\/wp-json\/wp\/v2\/comments?post=470933"}],"version-history":[{"count":0,"href":"https:\/\/rdi.org.pl\/english\/wp-json\/wp\/v2\/posts\/470933\/revisions"}],"wp:featuredmedia":[{"embeddable":true,"href":"https:\/\/rdi.org.pl\/english\/wp-json\/wp\/v2\/media\/471295"}],"wp:attachment":[{"href":"https:\/\/rdi.org.pl\/english\/wp-json\/wp\/v2\/media?parent=470933"}],"wp:term":[{"taxonomy":"category","embeddable":true,"href":"https:\/\/rdi.org.pl\/english\/wp-json\/wp\/v2\/categories?post=470933"},{"taxonomy":"post_tag","embeddable":true,"href":"https:\/\/rdi.org.pl\/english\/wp-json\/wp\/v2\/tags?post=470933"}],"curies":[{"name":"wp","href":"https:\/\/api.w.org\/{rel}","templated":true}]}}