{"id":470936,"date":"2016-11-08T15:13:48","date_gmt":"2016-11-08T15:13:48","guid":{"rendered":"http:\/\/www.anti-defamation.pl\/english\/?p=855"},"modified":"2016-11-08T15:13:48","modified_gmt":"2016-11-08T15:13:48","slug":"powolalismy-spoleczny-trybunal-narodowy","status":"publish","type":"post","link":"https:\/\/rdi.org.pl\/english\/powolalismy-spoleczny-trybunal-narodowy\/","title":{"rendered":"Powo\u0142ali\u015bmy Spo\u0142eczny Trybuna\u0142 Narodowy!"},"content":{"rendered":"<p style=\"text-align: justify;\"><strong><a href=\"http:\/\/www.anti-defamation.pl\/english\/wp-content\/uploads\/2016\/11\/spolecznytrybunal.jpg\"><img loading=\"lazy\" decoding=\"async\" class=\"wp-image-857 alignleft\" src=\"http:\/\/www.anti-defamation.pl\/english\/wp-content\/uploads\/2016\/11\/spolecznytrybunal.jpg\" alt=\"spolecznytrybunal\" width=\"396\" height=\"262\" \/><\/a>Spo\u0142eczny Trybuna\u0142 Narodowy to instytucja obywatelska, kt\u00f3ra ma na celu symboliczne os\u0105dzenie komunistycznych morderc\u00f3w, kt\u00f3rzy do tej pory nie ponie\u015bli nale\u017cnej im kary za swoje zbrodnie. B\u0119dzie to s\u0105d obywatelski, dlatego wyroki b\u0119d\u0105 mia\u0142y wymiar symboliczny \u2013 orzeczenie infamii.<\/strong><\/p>\n<p style=\"text-align: justify;\">W polskiej tradycji infamis by\u0142 cz\u0142owiekiem b\u0119d\u0105cym poza nawiasem spo\u0142ecze\u0144stwa. Kara infamii spotyka\u0142a go za czyny haniebne, rozboje, kradzie\u017ce, gwa\u0142ty. Z infamisem nikt nie m\u00f3g\u0142 si\u0119 kontaktowa\u0107, udziela\u0107 schronienia, pomaga\u0107.<\/p>\n<p style=\"text-align: justify;\">Teraz, wsp\u00f3\u0142cze\u015bnie, infamisem mo\u017cemy nazwa\u0107 cz\u0142owieka, kt\u00f3ry \u015bwiadomie i z premedytacj\u0105 wyst\u0105pi\u0142 przeciwko dobru wsp\u00f3lnemu, przeciwko Ojczy\u017anie. 27 lat od czasu, gdy Polska wybi\u0142a si\u0119 na niepodleg\u0142o\u015b\u0107, nale\u017cy g\u0142o\u015bno wo\u0142a\u0107, \u017ce komunistyczne zbrodnie wci\u0105\u017c nie zosta\u0142y ukarane, zbrodniarze odchodz\u0105 nie os\u0105dzeni, cz\u0119sto traktowani z honorami, a wielu \u017cyje w\u015br\u00f3d nas.<\/p>\n<p style=\"text-align: justify;\">Tych w\u0142a\u015bnie przest\u0119pc\u00f3w, nikczemnik\u00f3w i zdrajc\u00f3w trzeba wskaza\u0107 i nazwa\u0107 infamisami. Tak nale\u017cy post\u0105pi\u0107 z tymi, kt\u00f3rzy dopuszczali si\u0119 zbrodni na Polakach, \u017co\u0142nierzach, dzia\u0142aczach niepodleg\u0142o\u015bciowych \u2013 organizowali na nich ob\u0142awy, przetrzymywali w nieludzkich warunkach w obozach, aresztach, wi\u0119zieniach, i innych miejscach, aresztowali, przes\u0142uchiwali i torturowali w \u015bledztwach, oskar\u017cali przed s\u0105dami i skazywali w tych s\u0105dach, wykonywali wyroki, zakopywali w utajnionych miejscach, tuszowali zbrodnie i im zaprzeczali.<\/p>\n<p style=\"text-align: justify;\">Trzeba wskaza\u0107,\u00a0 nazwa\u0107 i w ten spos\u00f3b chocia\u017cby symbolicznie os\u0105dzi\u0107 sprawc\u00f3w komunistycznych zbrodni w mundurach UB i SB, G\u0142\u00f3wnego Zarz\u0105du Informacji WP, KBW, ZOMO i innych. Funkcjonariuszy, wsp\u00f3\u0142pracownik\u00f3w i donosicieli. Sprawc\u00f3w masakr w Poznaniu, Lubinie i na Wybrze\u017cu i tych ze stanu wojennego, morderc\u00f3w w togach prokuratorskich i s\u0119dziowskich komunistycznego wymiaru bezprawia.<\/p>\n<p style=\"text-align: justify;\">Sprawiedliw\u0105, nowoczesn\u0105 Rzeczpospolit\u0105 budowa\u0107 mo\u017cna tylko na fundamencie prawdy. Tymczasem pa\u0144stwo polskie przez 27 lat nie zdo\u0142a\u0142o wskaza\u0107 i skutecznie os\u0105dzi\u0107 sprawc\u00f3w.<\/p>\n<p>Niech\u017ce zatem symbolicznego os\u0105du dokonaj\u0105 obywatele.<\/p>\n<p style=\"text-align: justify;\">Cz\u0142onkami Spo\u0142ecznego Trybuna\u0142u Narodowego s\u0105: mec. Piotr Andrzejewski, Dariusz Jarosi\u0144ski, prof. Bogus\u0142aw Kopka, Przemys\u0142aw Mi\u015bkiewicz, prof. Tomasz Panfil, dr hab. Tadeusz Pawe\u0142 Rutkowski, prof. Wies\u0142aw Wysocki, Leszek \u017bebrowski.<\/p>\n<p>Trybuna\u0142 b\u0119dzie poszerza\u0142 sw\u00f3j sk\u0142ad.<\/p>\n<p>&nbsp;<\/p>\n<p>Podpisali:<\/p>\n<p>Tadeusz P\u0142u\u017ca\u0144ski \u2013 Prezes Fundacji \u0141\u0105czka<\/p>\n<p>Maciej \u015awirski \u2013 Prezes Reduty Dobrego Imienia<\/p>\n","protected":false},"excerpt":{"rendered":"<p>Spo\u0142eczny Trybuna\u0142 Narodowy to instytucja obywatelska, kt\u00f3ra ma na celu symboliczne os\u0105dzenie komunistycznych morderc\u00f3w, kt\u00f3rzy do tej pory nie ponie\u015bli nale\u017cnej im kary za swoje zbrodnie. B\u0119dzie to s\u0105d obywatelski, dlatego wyroki b\u0119d\u0105 mia\u0142y wymiar symboliczny \u2013 orzeczenie infamii. W polskiej tradycji infamis by\u0142 cz\u0142owiekiem b\u0119d\u0105cym poza nawiasem spo\u0142ecze\u0144stwa. Kara infamii spotyka\u0142a go za czyny [&hellip;]<\/p>\n","protected":false},"author":3,"featured_media":471295,"comment_status":"open","ping_status":"open","sticky":false,"template":"","format":"standard","meta":{"_et_pb_use_builder":"","_et_pb_old_content":"","_et_gb_content_width":"","sfsi_plus_gutenberg_text_before_share":"","sfsi_plus_gutenberg_show_text_before_share":"","sfsi_plus_gutenberg_icon_type":"","sfsi_plus_gutenberg_icon_alignemt":"","sfsi_plus_gutenburg_max_per_row":"","footnotes":""},"categories":[39],"tags":[],"class_list":["post-470936","post","type-post","status-publish","format-standard","has-post-thumbnail","hentry","category-aktualnosci"],"_links":{"self":[{"href":"https:\/\/rdi.org.pl\/english\/wp-json\/wp\/v2\/posts\/470936","targetHints":{"allow":["GET"]}}],"collection":[{"href":"https:\/\/rdi.org.pl\/english\/wp-json\/wp\/v2\/posts"}],"about":[{"href":"https:\/\/rdi.org.pl\/english\/wp-json\/wp\/v2\/types\/post"}],"author":[{"embeddable":true,"href":"https:\/\/rdi.org.pl\/english\/wp-json\/wp\/v2\/users\/3"}],"replies":[{"embeddable":true,"href":"https:\/\/rdi.org.pl\/english\/wp-json\/wp\/v2\/comments?post=470936"}],"version-history":[{"count":0,"href":"https:\/\/rdi.org.pl\/english\/wp-json\/wp\/v2\/posts\/470936\/revisions"}],"wp:featuredmedia":[{"embeddable":true,"href":"https:\/\/rdi.org.pl\/english\/wp-json\/wp\/v2\/media\/471295"}],"wp:attachment":[{"href":"https:\/\/rdi.org.pl\/english\/wp-json\/wp\/v2\/media?parent=470936"}],"wp:term":[{"taxonomy":"category","embeddable":true,"href":"https:\/\/rdi.org.pl\/english\/wp-json\/wp\/v2\/categories?post=470936"},{"taxonomy":"post_tag","embeddable":true,"href":"https:\/\/rdi.org.pl\/english\/wp-json\/wp\/v2\/tags?post=470936"}],"curies":[{"name":"wp","href":"https:\/\/api.w.org\/{rel}","templated":true}]}}