{"id":470938,"date":"2016-11-21T09:15:45","date_gmt":"2016-11-21T09:15:45","guid":{"rendered":"http:\/\/www.anti-defamation.pl\/english\/?p=909"},"modified":"2024-04-12T15:15:58","modified_gmt":"2024-04-12T13:15:58","slug":"przesluchanie-swiadka-w-sprawie-filmu-nasze-matki-nasi-ojcowie","status":"publish","type":"post","link":"https:\/\/rdi.org.pl\/english\/przesluchanie-swiadka-w-sprawie-filmu-nasze-matki-nasi-ojcowie\/","title":{"rendered":"Przes\u0142uchanie \u015bwiadka w sprawie filmu \u201eNasze matki, nasi ojcowie\u201d"},"content":{"rendered":"<p><b>W\u00a0S\u0105dzie Okr\u0119gowym w Krakowie trwa<\/b><b>\u00a0kolejna rozprawa przeciwko tw\u00f3rcom filmu \u201eNasze matki, nasi ojcowie\u201d. Proces przeciwko producentom wytoczy\u0142 \u017co\u0142nierz Armii Krajowej.\u00a0<\/b><\/p>\n<p>Post\u0119powanie o naruszenie d\u00f3br osobistych w postaci prawa do to\u017csamo\u015bci narodowej, prawa do dumy narodowej i narodowej godno\u015bci oraz wolno\u015bci od mowy nienawi\u015bci rozpocz\u0119\u0142o si\u0119 18 lipca br. Proces przeciwko producentom serialu \u201eNasze matki, nasi ojcowie\u201d wytoczy\u0142 ponad 90-letni \u017co\u0142nierz Armii Krajowej (AK) oraz \u015awiatowy Zwi\u0105zek \u017bo\u0142nierzy Armii Krajowej. Dotychczas zeznania z\u0142o\u017cy\u0142 \u017co\u0142nierz AK Zbigniew Rad\u0142owski. W trakcie dzisiejszej\u00a0rozprawy przes\u0142uchany b\u0119dzie\u00a0prof. Bogdan Musia\u0142, historyk specjalizuj\u0105cy si\u0119 w badaniu dziej\u00f3w Polski, Niemiec i Rosji w okresie II wojny \u015bwiatowej. Profesor by\u0142 konsultantem historycznym produkcji i zg\u0142asza\u0142 szereg uwag do scenariusza filmu. Ostatecznie wycofa\u0142 swoje nazwisko z konsultacji, gdy zobaczy\u0142 jaki film ostatecznie zosta\u0142 zrealizowany.<\/p>\n<p>W serialu znalaz\u0142y si\u0119 mi\u0119dzy innymi sceny, kt\u00f3re maj\u0105 dowodzi\u0107, \u017ce Armia Krajowa rzekomo by\u0142a wsp\u00f3\u0142winna zbrodni na osobach narodowo\u015bci \u017cydowskiej. \u017bo\u0142nierze AK \u017c\u0105daj\u0105 przeprosin w TVP oraz we wszystkich telewizjach, gdzie pojawi\u0142 si\u0119 film, a tak\u017ce z\u0142o\u017cenia 25.000 z\u0142 tytu\u0142em naruszenia d\u00f3br osobistych. Film, mimo tocz\u0105cego si\u0119 post\u0119powania, nadal znajduje si\u0119 w ram\u00f3wce niekt\u00f3rych stacji telewizyjnych.<\/p>\n<p>Dzia\u0142ania prawne przeciwko producentom, czyli UFA Fiction oraz ZDF (II program niemieckiej telewizji) prowadz\u0105\u00a0<i>pro publico bono<\/i>\u00a0mec. Jerzy Pasieka i mec. Monika Brzozowska z kancelarii Pasieka, Derlikowski, Brzozowska i Partnerzy.<\/p>\n<p>Reduta Dobrego Imienia monitoruje spraw\u0119 od pocz\u0105tku. B\u0119dziemy informowa\u0107 o dalszych post\u0119pach.<\/p>\n","protected":false},"excerpt":{"rendered":"<p>W\u00a0S\u0105dzie Okr\u0119gowym w Krakowie trwa\u00a0kolejna rozprawa przeciwko tw\u00f3rcom filmu \u201eNasze matki, nasi ojcowie\u201d. Proces przeciwko producentom wytoczy\u0142 \u017co\u0142nierz Armii Krajowej.\u00a0 Post\u0119powanie o naruszenie d\u00f3br osobistych w postaci prawa do to\u017csamo\u015bci narodowej, prawa do dumy narodowej i narodowej godno\u015bci oraz wolno\u015bci od mowy nienawi\u015bci rozpocz\u0119\u0142o si\u0119 18 lipca br. Proces przeciwko producentom serialu \u201eNasze matki, nasi [&hellip;]<\/p>\n","protected":false},"author":3,"featured_media":471295,"comment_status":"open","ping_status":"open","sticky":false,"template":"","format":"standard","meta":{"_et_pb_use_builder":"","_et_pb_old_content":"","_et_gb_content_width":"","sfsi_plus_gutenberg_text_before_share":"","sfsi_plus_gutenberg_show_text_before_share":"","sfsi_plus_gutenberg_icon_type":"","sfsi_plus_gutenberg_icon_alignemt":"","sfsi_plus_gutenburg_max_per_row":"","footnotes":""},"categories":[39],"tags":[],"class_list":["post-470938","post","type-post","status-publish","format-standard","has-post-thumbnail","hentry","category-aktualnosci"],"_links":{"self":[{"href":"https:\/\/rdi.org.pl\/english\/wp-json\/wp\/v2\/posts\/470938","targetHints":{"allow":["GET"]}}],"collection":[{"href":"https:\/\/rdi.org.pl\/english\/wp-json\/wp\/v2\/posts"}],"about":[{"href":"https:\/\/rdi.org.pl\/english\/wp-json\/wp\/v2\/types\/post"}],"author":[{"embeddable":true,"href":"https:\/\/rdi.org.pl\/english\/wp-json\/wp\/v2\/users\/3"}],"replies":[{"embeddable":true,"href":"https:\/\/rdi.org.pl\/english\/wp-json\/wp\/v2\/comments?post=470938"}],"version-history":[{"count":1,"href":"https:\/\/rdi.org.pl\/english\/wp-json\/wp\/v2\/posts\/470938\/revisions"}],"predecessor-version":[{"id":473014,"href":"https:\/\/rdi.org.pl\/english\/wp-json\/wp\/v2\/posts\/470938\/revisions\/473014"}],"wp:featuredmedia":[{"embeddable":true,"href":"https:\/\/rdi.org.pl\/english\/wp-json\/wp\/v2\/media\/471295"}],"wp:attachment":[{"href":"https:\/\/rdi.org.pl\/english\/wp-json\/wp\/v2\/media?parent=470938"}],"wp:term":[{"taxonomy":"category","embeddable":true,"href":"https:\/\/rdi.org.pl\/english\/wp-json\/wp\/v2\/categories?post=470938"},{"taxonomy":"post_tag","embeddable":true,"href":"https:\/\/rdi.org.pl\/english\/wp-json\/wp\/v2\/tags?post=470938"}],"curies":[{"name":"wp","href":"https:\/\/api.w.org\/{rel}","templated":true}]}}