{"id":472663,"date":"2023-09-20T12:30:15","date_gmt":"2023-09-20T10:30:15","guid":{"rendered":"https:\/\/rdi.org.pl\/english\/?p=472663"},"modified":"2023-10-04T12:32:16","modified_gmt":"2023-10-04T10:32:16","slug":"establishment-of-the-national-armed-forces","status":"publish","type":"post","link":"https:\/\/rdi.org.pl\/english\/establishment-of-the-national-armed-forces\/","title":{"rendered":"Establishment of the National Armed Forces"},"content":{"rendered":"\n[et_pb_section fb_built=&#8221;1&#8243; admin_label=&#8221;section&#8221; _builder_version=&#8221;4.16&#8243; da_disable_devices=&#8221;off|off|off&#8221; global_colors_info=&#8221;{}&#8221; theme_builder_area=&#8221;post_content&#8221; da_is_popup=&#8221;off&#8221; da_exit_intent=&#8221;off&#8221; da_has_close=&#8221;on&#8221; da_alt_close=&#8221;off&#8221; da_dark_close=&#8221;off&#8221; da_not_modal=&#8221;on&#8221; da_is_singular=&#8221;off&#8221; da_with_loader=&#8221;off&#8221; da_has_shadow=&#8221;on&#8221;][et_pb_row admin_label=&#8221;row&#8221; _builder_version=&#8221;4.20.2&#8243; background_size=&#8221;initial&#8221; background_position=&#8221;top_left&#8221; background_repeat=&#8221;repeat&#8221; width=&#8221;100%&#8221; max_width=&#8221;1500px&#8221; border_radii=&#8221;on|0px|0px|0px|0px&#8221; box_shadow_style=&#8221;none&#8221; global_colors_info=&#8221;{}&#8221; theme_builder_area=&#8221;post_content&#8221;][et_pb_column type=&#8221;4_4&#8243; _builder_version=&#8221;4.20.2&#8243; custom_padding=&#8221;|||&#8221; global_colors_info=&#8221;{}&#8221; custom_padding__hover=&#8221;|||&#8221; theme_builder_area=&#8221;post_content&#8221;][et_pb_text admin_label=&#8221;Text&#8221; _builder_version=&#8221;4.20.2&#8243; text_font=&#8221;|300|||||||&#8221; text_font_size=&#8221;18px&#8221; text_line_height=&#8221;1.9em&#8221; max_width=&#8221;95%&#8221; hover_enabled=&#8221;0&#8243; global_colors_info=&#8221;{}&#8221; theme_builder_area=&#8221;post_content&#8221; sticky_enabled=&#8221;0&#8243;]<p style=\"text-align: justify;\"><span>The Second World War national conspiracy operating under the auspices of the National Party began to function as early as mid-October 1939. At that time, the National Army was established, which was later transformed into the National Party Military Organisation and the National Military Detachments, until finally, on 1 July 1941, the National Military Organisation was established. The first commander of NOW was General Marian \u017begota-Januszajtis, who after a very short time was replaced by Aleksander Demidowicz-Demidecki alias &#8222;Aleksander&#8221;. <\/span><\/p>\n<p style=\"text-align: justify;\"><span>The National Party, by creating its own armed forces, intended to organise a military counterweight to the Union of Armed Struggle\/Home Army. This was because they believed that the aforementioned organisation was controlled by the so-called Sanacja officers. At the same time, and this is extremely important, both representatives of the SN and NOW completely subordinated themselves to the Polish authorities in exile, including the President of the Republic Edward Raczkiewicz and Prime Minister General W\u0142adys\u0142aw Sikorski.<\/span><\/p>\n<p style=\"text-align: justify;\"><span>Between 1940 and 1941, the structures of the SN and NOW were quite severely thinned by mass arrests carried out by the Germans. Nationalists from, among others, Ma\u0142opolska, Mazovia, Pomerania and Wielkopolska found themselves in Nazi casemates. After these events, however, the leadership of the SN did not lay down its arms and decided to rebuild its structures. Lieutenant Colonel Jozef Rokicki, alias &#8222;Karol&#8221;, an ardent advocate of incorporating NOW into the structures of the Home Army, became the Supreme Commander of NOW. At the same time, those in the SN who believed similarly to Rokicki were increasingly vocal.<\/span><\/p>\n<p style=\"text-align: justify;\"><span>Finally, in May 1942, the SN leadership sent a signal to Home Army Commander General Stefan Rowecki, alias &#8222;Grot&#8221;, that it would like to merge NOW with the armed forces under his command. Rowecki agreed to this proposal. Thus, talks lasting several months began, which ended in the second half of August 1942. It was then agreed that the first phase of the merger of the two armies would take place in November 1942, on which day the oath of office was taken by the Commander-in-Chief of NOW, Lieutenant Colonel Rokicki.<\/span><\/p>\n<p style=\"text-align: justify;\"><span>In the meantime, there was a group of officers in NOW who were unequivocally opposed to the amalgamation agreement for political and ideological reasons. Leading the way in this kind of reasoning was a long-standing member of the SN Main Committee and head of NOW&#8217;s Organisational Branch I, August Micha\u0142owski alias &#8222;Roman&#8221;, and NOW&#8217;s Deputy Commander-in-Chief, Lt. Col. Ignacy Oziewicz alias &#8222;Czes\u0142aw&#8221;. These activists managed to convince a part of NOW&#8217;s command staff and the heads of several NOW districts: Cz\u0119stochowa, Kielce, Lublin, \u0141\u00f3d\u017a, Podlasie and Radom. Thus, a split occurred in the ranks of NOW. Some of its soldiers joined the structures of the Home Army. The others, staunch opponents of the unification, decided to form a new organisation: National Armed Forces.<\/span><\/p>\n<p style=\"text-align: justify;\"><span><\/span><\/p>\n<p><span><img loading=\"lazy\" decoding=\"async\" src=\"https:\/\/rdi.org.pl\/english\/wp-content\/uploads\/2023\/10\/Ignacy_Oziewicz_Ignacy-Oziewicz-przed-1939_ns-228x300.jpg\" width=\"228\" height=\"300\" alt=\"\" class=\"wp-image-472666 alignnone size-medium\" style=\"display: block; margin-left: auto; margin-right: auto;\" srcset=\"https:\/\/rdi.org.pl\/english\/wp-content\/uploads\/2023\/10\/Ignacy_Oziewicz_Ignacy-Oziewicz-przed-1939_ns-228x300.jpg 228w, https:\/\/rdi.org.pl\/english\/wp-content\/uploads\/2023\/10\/Ignacy_Oziewicz_Ignacy-Oziewicz-przed-1939_ns.jpg 356w\" sizes=\"auto, (max-width: 228px) 100vw, 228px\" \/><\/span><\/p>\n<p><span><\/span><\/p>\n<p style=\"text-align: justify;\"><span>Formally, the date of the formation of the NSZ is assumed to be 20 September 1942, as it was on this day that the aforementioned Ignacy Oziewicz issued an order, addressed to his soldiers, in which he announced that he had taken up the post of Commander-in-Chief of the NSZ. Importantly, in addition to a group of NOW soldiers, the newly-formed organisation was also joined by people affiliated with the Jaszczurczy Union &#8211; another underground organisation linked to the pre-war National Radical Camp.<\/span><\/p>\n<p style=\"text-align: justify;\"><span>The formation of the NSZ was not greeted with approval, either by the Home Army command or the most important political activists in the country. Quite the contrary. The high-ranking, rank and position politicians and soldiers just mentioned approached this fact with reluctance and even hostility. One piece of evidence for this was a text written by the former Government Delegate to Poland, i.e. the representative of the Polish Government in Exile in occupied Poland, Jan Pieka\u0142kiewicz alias &#8222;Julia\u0144ski&#8221;, which bore the very telling title: Warcholstwo&#8221;. The article appeared in the &#8222;Biuletyn Informacyjny&#8221;, in April 1943. In the study, Pieka\u0142kiewicz unequivocally criticised the formation of the NSZ.<\/span><\/p>\n<p style=\"text-align: justify;\"><span>Despite negative opinions from the Home Army community, the new underground organisation took action. As early as the autumn of 1942, Oziewicz issued two special orders &#8211; No. 1 and No. 2 &#8211; in which he ordered that banditry be fought and that a number of reprisal actions be carried out against the Germans. In the following months, the activity of the NSZ continued to increase. For example, soldiers of the organisation liquidated the highest-ranking German officer to be killed by the Polish underground, Lieutenant General Kurt Renner. The action was carried out by soldiers of the NSZ, under the command of the commandant Tomasz W\u00f3jcicki alias &#8222;Tarzan&#8221;, on 26 August 1943 near O\u017car\u00f3w. A few months earlier, a unit of the NSZ, led by Lieutenant Feliks Kowalik alias &#8222;Zag\u0142oba&#8221;, had smashed the Emission Bank in Cz\u0119stochowa, capturing some three million zlotys.<\/span><\/p>\n<p style=\"text-align: justify;\"><span>Such armed operations, as well as intelligence, sabotage or propaganda actions, were definitely more to the NSZ soldiers&#8217; credit. It is worth recalling at this point that, contrary to popular opinion, the activists of this organisation dreamt of liberating Poland from both occupations. And to this idea they devoted themselves mainly during almost the entire period of the Second World War, as well as after its end. In any case, the NSZ was eventually merged with the Home Army anyway. This took place in March 1944, and that event resulted from the military-political situation that had developed on the territory of occupied Poland. <\/span>However, this is a completely different story.<\/p>[\/et_pb_text][\/et_pb_column][\/et_pb_row][\/et_pb_section]\n","protected":false},"excerpt":{"rendered":"<p>The Second World War national conspiracy operating under the auspices of the National Party began to function as early as mid-October 1939. At that time, the National Army was established, which was later transformed into the National Party Military Organisation and the National Military Detachments, until finally, on 1 July 1941, the National Military Organisation [&hellip;]<\/p>\n","protected":false},"author":8,"featured_media":472664,"comment_status":"open","ping_status":"open","sticky":false,"template":"","format":"standard","meta":{"_et_pb_use_builder":"on","_et_pb_old_content":"","_et_gb_content_width":"","sfsi_plus_gutenberg_text_before_share":"","sfsi_plus_gutenberg_show_text_before_share":"","sfsi_plus_gutenberg_icon_type":"","sfsi_plus_gutenberg_icon_alignemt":"","sfsi_plus_gutenburg_max_per_row":"","footnotes":""},"categories":[39],"tags":[],"class_list":["post-472663","post","type-post","status-publish","format-standard","has-post-thumbnail","hentry","category-aktualnosci"],"_links":{"self":[{"href":"https:\/\/rdi.org.pl\/english\/wp-json\/wp\/v2\/posts\/472663","targetHints":{"allow":["GET"]}}],"collection":[{"href":"https:\/\/rdi.org.pl\/english\/wp-json\/wp\/v2\/posts"}],"about":[{"href":"https:\/\/rdi.org.pl\/english\/wp-json\/wp\/v2\/types\/post"}],"author":[{"embeddable":true,"href":"https:\/\/rdi.org.pl\/english\/wp-json\/wp\/v2\/users\/8"}],"replies":[{"embeddable":true,"href":"https:\/\/rdi.org.pl\/english\/wp-json\/wp\/v2\/comments?post=472663"}],"version-history":[{"count":3,"href":"https:\/\/rdi.org.pl\/english\/wp-json\/wp\/v2\/posts\/472663\/revisions"}],"predecessor-version":[{"id":472669,"href":"https:\/\/rdi.org.pl\/english\/wp-json\/wp\/v2\/posts\/472663\/revisions\/472669"}],"wp:featuredmedia":[{"embeddable":true,"href":"https:\/\/rdi.org.pl\/english\/wp-json\/wp\/v2\/media\/472664"}],"wp:attachment":[{"href":"https:\/\/rdi.org.pl\/english\/wp-json\/wp\/v2\/media?parent=472663"}],"wp:term":[{"taxonomy":"category","embeddable":true,"href":"https:\/\/rdi.org.pl\/english\/wp-json\/wp\/v2\/categories?post=472663"},{"taxonomy":"post_tag","embeddable":true,"href":"https:\/\/rdi.org.pl\/english\/wp-json\/wp\/v2\/tags?post=472663"}],"curies":[{"name":"wp","href":"https:\/\/api.w.org\/{rel}","templated":true}]}}