{"id":519,"date":"2016-08-04T12:17:36","date_gmt":"2016-08-04T12:17:36","guid":{"rendered":"http:\/\/www.anti-defamation.pl\/english\/?p=519"},"modified":"2016-08-04T12:17:36","modified_gmt":"2016-08-04T12:17:36","slug":"jest-pozew-przeciw-onet-pl-za-znieslawienie-bohaterskich-polek","status":"publish","type":"post","link":"https:\/\/rdi.org.pl\/english\/jest-pozew-przeciw-onet-pl-za-znieslawienie-bohaterskich-polek\/","title":{"rendered":"Jest pozew przeciw Onet.pl za znies\u0142awienie bohaterskich Polek"},"content":{"rendered":"<p><strong>Z inicjatywy Reduty Dobrego Imienia 1 sierpnia 2016 r. do S\u0105du Okr\u0119gowego w Krakowie\u00a0 z\u0142o\u017cony zosta\u0142 pozew\u00a0\u00a0\u00a0\u00a0\u00a0\u00a0 p. Krystiana Brodackiego przeciwko Onet.pl. Sprawa dotyczy zdj\u0119cia opublikowanego 15 marca 2016 r. na portalu onet.pl. przestawiaj\u0105cego kobiety prowadzone na egzekucj\u0119 w Palmirach w tym matk\u0119 Pana Krystiana.\u00a0 Zdj\u0119cie ilustrowa\u0142o tekst o romansach Polek z Niemcami.<\/strong><\/p>\n<div id=\"attachment_520\" style=\"width: 310px\" class=\"wp-caption alignright\"><a href=\"http:\/\/www.anti-defamation.pl\/english\/wp-content\/uploads\/2016\/08\/krzy\u017ce-palmirskie.jpg\"><img loading=\"lazy\" decoding=\"async\" aria-describedby=\"caption-attachment-520\" class=\"wp-image-520 size-medium\" src=\"http:\/\/www.anti-defamation.pl\/english\/wp-content\/uploads\/2016\/08\/krzy\u017ce-palmirskie-300x239.jpg\" alt=\"Cmentarz w Palmirach, zdj\u0119cie Maciej Szczepa\u0144czyk\" width=\"300\" height=\"239\" \/><\/a><p id=\"caption-attachment-520\" class=\"wp-caption-text\">Cmentarz w Palmirach, zdj\u0119cie Maciej Szczepa\u0144czyk.<\/p><\/div>\n<p>&nbsp;<\/p>\n<p>\u015ap. Maria Brodacka zosta\u0142a rozpoznana na zdj\u0119ciu. Jej syn Krystian Brodacki za zniewa\u017cenie matki \u017c\u0105da przeprosin oraz 150.000 z\u0142 tytu\u0142em zado\u015b\u0107uczynienia. Pana Krystiana Brodackiego reprezentuje wsp\u00f3\u0142pracuj\u0105ca z Redut\u0105 kancelaria Pasieka, Derlikowski, Brzozowska \u00a0 \u00a0 \u00a0 \u00a0\u00a0 i Partnerzy. \u015ap. Maria Brodacka, matka Pana Krystiana Brodackiego by\u0142a c\u00f3rk\u0105 genera\u0142a Wojska Polskiego, W\u0142adys\u0142awa Jaxa-Ro\u017cen i siostr\u0105 pu\u0142kownika WP Stanis\u0142awa Jaxa-Ro\u017cen. Jej m\u0105\u017c, Antonii Stanis\u0142aw Brodacki, ojciec Krystiana, zgin\u0105\u0142 w obronie Warszawy w 1939 roku.<\/p>\n<p>Od pierwszych dni okupacji zaanga\u017cowa\u0142a si\u0119 w konspiracj\u0119, dzia\u0142a\u0142a\u00a0\u00a0\u00a0\u00a0 \u00a0\u00a0\u00a0 w organizacji PLAN (Polska Ludowa Akcja Niepodleg\u0142o\u015bciowa). Po wsypie PLAN ukrywa\u0142a Kazimierza Andrzeja Kotta, dow\u00f3dc\u0119 wydzia\u0142u bojowego PLAN \u2013 Polaka pochodzenia \u017cydowskiego, kt\u00f3ry 14 stycznia 1940 r. zosta\u0142 aresztowany, a 17 stycznia 1940 r. uciek\u0142 z wi\u0119zienia i uda\u0142 si\u0119 do mieszkania Marii Brodackiej. Listy go\u0144cze zaopatrzone w fotografi\u0119 Kazimierza Kotta ukaza\u0142y si\u0119 w ca\u0142ym Generalnym Gubernatorstwie. Za pomoc w jego schwytaniu wyznaczono wysok\u0105 nagrod\u0119 pieni\u0119\u017cn\u0105. Kotta jednak nie odnaleziono. Maria Brodacka zosta\u0142a aresztowana przez Gestapo. Zdradzi\u0142a j\u0105 nia\u0144ka jej 2,5 rocznego synka Krystiana. Matka Pana Krystiana przesz\u0142a okrutne \u015bledztwo w wi\u0119zieniu na ul. Rakowieckiej i Pawiaku, nie wydaj\u0105c nikogo. W dniu 14 czerwca 1940 roku zosta\u0142a rozstrzelana w Palmirach, miejscu masowych mord\u00f3w Polak\u00f3w, zw\u0142aszcza inteligencji (\u0142\u0105cznie Niemcy wymordowali tam 2,2 tys. os\u00f3b).<\/p>\n<p>Na zdj\u0119ciu niemiecki fotograf uwieczni\u0142 ostatnie chwile kobiet przywiezionych z Pawiaka do Palmir w czerwcu 1940 r. (tzw. styczni\u00f3wek &#8211; aresztowanych w styczniu 1940 roku). Zdj\u0119cie to znajduje si\u0119 w Muzeum Zbrodni w Palmirach. Jedn\u0105 z kobiet prowadzonych na rozstrzelanie jest \u015bp. Maria Brodacka.<\/p>\n<p>Publikacja artyku\u0142u odnosz\u0105cego si\u0119 do tematyki kolaboracji oraz utrzymywania intymnych kontakt\u00f3w z okupantem w zestawieniu z dramatycznym zdj\u0119ciem kobiet prowadzonych na egzekucj\u0119, g\u0142\u0119boko go zszokowa\u0142a. Czyn Onetu jest nie tylko znies\u0142awieniem pami\u0119ci, czci i dobrego imienia \u015bp. Marii Brodackiej. Jest uderzeniem w pami\u0119\u0107, cze\u015b\u0107 i dobre imi\u0119 wszystkich bohaterskich Polek, kt\u00f3re ponios\u0142y ofiar\u0119 \u017cycia w walce o niepodleg\u0142o\u015b\u0107. Sprawa wymaga ostrzejszej reakcji i pot\u0119pienia zw\u0142aszcza, \u017ce czynu tego dopu\u015bci\u0142 si\u0119 portal, kt\u00f3rego w\u0142a\u015bcicielami s\u0105 Niemcy (AxelSpringer).<\/p>\n<p>Zesp\u00f3\u0142 Reduty Dobrego Imienia<\/p>\n<p>&nbsp;<\/p>\n","protected":false},"excerpt":{"rendered":"<p>Z inicjatywy Reduty Dobrego Imienia 1 sierpnia 2016 r. do S\u0105du Okr\u0119gowego w Krakowie\u00a0 z\u0142o\u017cony zosta\u0142 pozew\u00a0\u00a0\u00a0\u00a0\u00a0\u00a0 p. Krystiana Brodackiego przeciwko Onet.pl. Sprawa dotyczy zdj\u0119cia opublikowanego 15 marca 2016 r. na portalu onet.pl. przestawiaj\u0105cego kobiety prowadzone na egzekucj\u0119 w Palmirach w tym matk\u0119 Pana Krystiana.\u00a0 Zdj\u0119cie ilustrowa\u0142o tekst o romansach Polek z Niemcami. &nbsp; \u015ap. [&hellip;]<\/p>\n","protected":false},"author":3,"featured_media":471295,"comment_status":"open","ping_status":"open","sticky":false,"template":"","format":"standard","meta":{"_et_pb_use_builder":"","_et_pb_old_content":"","_et_gb_content_width":"","sfsi_plus_gutenberg_text_before_share":"","sfsi_plus_gutenberg_show_text_before_share":"","sfsi_plus_gutenberg_icon_type":"","sfsi_plus_gutenberg_icon_alignemt":"","sfsi_plus_gutenburg_max_per_row":"","footnotes":""},"categories":[38],"tags":[],"class_list":["post-519","post","type-post","status-publish","format-standard","has-post-thumbnail","hentry","category-uncategorized"],"_links":{"self":[{"href":"https:\/\/rdi.org.pl\/english\/wp-json\/wp\/v2\/posts\/519","targetHints":{"allow":["GET"]}}],"collection":[{"href":"https:\/\/rdi.org.pl\/english\/wp-json\/wp\/v2\/posts"}],"about":[{"href":"https:\/\/rdi.org.pl\/english\/wp-json\/wp\/v2\/types\/post"}],"author":[{"embeddable":true,"href":"https:\/\/rdi.org.pl\/english\/wp-json\/wp\/v2\/users\/3"}],"replies":[{"embeddable":true,"href":"https:\/\/rdi.org.pl\/english\/wp-json\/wp\/v2\/comments?post=519"}],"version-history":[{"count":0,"href":"https:\/\/rdi.org.pl\/english\/wp-json\/wp\/v2\/posts\/519\/revisions"}],"wp:featuredmedia":[{"embeddable":true,"href":"https:\/\/rdi.org.pl\/english\/wp-json\/wp\/v2\/media\/471295"}],"wp:attachment":[{"href":"https:\/\/rdi.org.pl\/english\/wp-json\/wp\/v2\/media?parent=519"}],"wp:term":[{"taxonomy":"category","embeddable":true,"href":"https:\/\/rdi.org.pl\/english\/wp-json\/wp\/v2\/categories?post=519"},{"taxonomy":"post_tag","embeddable":true,"href":"https:\/\/rdi.org.pl\/english\/wp-json\/wp\/v2\/tags?post=519"}],"curies":[{"name":"wp","href":"https:\/\/api.w.org\/{rel}","templated":true}]}}