{"id":597,"date":"2016-09-07T13:33:00","date_gmt":"2016-09-07T13:33:00","guid":{"rendered":"http:\/\/www.anti-defamation.pl\/english\/?p=597"},"modified":"2016-09-07T13:33:00","modified_gmt":"2016-09-07T13:33:00","slug":"upamietnienie-17-wrzesnia-1939","status":"publish","type":"post","link":"https:\/\/rdi.org.pl\/english\/upamietnienie-17-wrzesnia-1939\/","title":{"rendered":"Upami\u0119tnienie 17 wrze\u015bnia 1939"},"content":{"rendered":"<p>Reduta Dobrego Imienia zaprasza do wsp\u00f3lnego uczczenia ofiar II wojny\u00a0 \u015bwiatowej oraz sowieckiego ludob\u00f3jstwa na Polakach w latach 1937-1956.<\/p>\n<p>Wydarzenia:<\/p>\n<p><strong><img loading=\"lazy\" decoding=\"async\" class=\" wp-image-649 alignright\" src=\"http:\/\/www.anti-defamation.pl\/english\/wp-content\/uploads\/2016\/09\/plakat-729x1024.jpg\" alt=\"plakat\" width=\"396\" height=\"556\" \/>Zagraj w histori\u0119 \u2013 gra miejska z histori\u0105 w tle<\/strong><br \/>\n17 wrze\u015bnia, w rocznic\u0119 agresji sowieckiej na Polsk\u0119, zapraszamy na gr\u0119 miejsk\u0105 nawi\u0105zuj\u0105c\u0105 do wydarze\u0144 wrze\u015bnia 1939. W\u0119druj\u0105c po uliczkach Woli, kilkuosobowe dru\u017cyny b\u0119d\u0105 poznawa\u0107 \u017cycie i histori\u0119 Warszawy lat 30 XX w.<\/p>\n<p>Start: ul. Ch\u0142odna 36\/46<br \/>\nObowi\u0105zuj\u0105 wcze\u015bniejsze zapisy: grymiejskie@rdi.org.pl<br \/>\nLiczba miejsc ograniczona!<\/p>\n<p><strong>Je\u015bli zapomn\u0119 o Nich\u2026<\/strong><br \/>\nMultimedialna wystawa, kt\u00f3ra ma na celu ukazanie skali sowieckiego ludob\u00f3jstwa dokonanego na Polakach w latach 1937-56. Katy\u0144, Chark\u00f3w, Miednoje &#8211; pami\u0119\u0107 o zamordowanych na terenach rosyjskich powinna by\u0107 wci\u0105\u017c \u017cywa. Mamy nadziej\u0119, \u017ce historia pokazana w obrazach stanie si\u0119 punktem wyj\u015bcia do pog\u0142\u0119bionej refleksji nad zbrodniami dokonanymi na Polakach. Wystaw\u0119 b\u0119dzie mo\u017cna ogl\u0105da\u0107 do 2 pa\u017adziernika.<\/p>\n<p>Otwarcie wystawy 17.09 o godz. 15.00<br \/>\nGaleria Kordegarda, ul. Krakowskie Przedmie\u015bcie 15, Wst\u0119p wolny!<\/p>\n<p><strong>Muzyczne spotkanie z histori\u0105<\/strong><br \/>\nNa zako\u0144czenie dnia, zapraszamy na koncert zespo\u0142u<strong> Contra Mundum<\/strong>, kt\u00f3ry poprowadzi nas przez meandry historii w rockowym stylu. Teksty utwor\u00f3w s\u0105 zaczerpni\u0119te z polskiej poezji, poezji \u017co\u0142nierskiej czasu wojny oraz z pie\u015bni podziemia antykomunistycznego. Muzycy wydali dotychczas dwie p\u0142yty: Cze\u015b\u0107 i Chwa\u0142a Bohaterom oraz W wierszu i boju. 1914 &#8211; 1949.<\/p>\n<p>17.09, godz. 17.00, ul. Krakowskie Przedmie\u015bcie 15<br \/>\nWst\u0119p wolny!<\/p>\n<p>&nbsp;<\/p>\n<p>Organizatorem wydarze\u0144 jest\u00a0Reduta Dobrego Imienia Polska Liga przeciw Znies\u0142awieniom.<\/p>\n<p>Partner gry miejskiej i koncertu: \u00a0<a href=\"http:\/\/www.anti-defamation.pl\/english\/wp-content\/uploads\/2016\/06\/logo-PGE-pionA-RGB.png\"><img loading=\"lazy\" decoding=\"async\" class=\"alignnone wp-image-372 imageSeven\" src=\"http:\/\/www.anti-defamation.pl\/english\/wp-content\/uploads\/2016\/06\/logo-PGE-pionA-RGB-300x168.png\" sizes=\"auto, (max-width: 119px) 100vw, 119px\" srcset=\"http:\/\/www.anti-defamation.pl\/english\/wp-content\/uploads\/2016\/06\/logo-PGE-pionA-RGB-300x168.png 300w, http:\/\/www.anti-defamation.pl\/english\/wp-content\/uploads\/2016\/06\/logo-PGE-pionA-RGB-768x431.png 768w, http:\/\/www.anti-defamation.pl\/english\/wp-content\/uploads\/2016\/06\/logo-PGE-pionA-RGB-1024x575.png 1024w, http:\/\/www.anti-defamation.pl\/english\/wp-content\/uploads\/2016\/06\/logo-PGE-pionA-RGB-250x140.png 250w, http:\/\/www.anti-defamation.pl\/english\/wp-content\/uploads\/2016\/06\/logo-PGE-pionA-RGB-150x84.png 150w\" alt=\"\" width=\"119\" height=\"67\" \/><\/a>\u00a0\u00a0Partner wystawy i koncertu: \u00a0<a href=\"http:\/\/www.anti-defamation.pl\/english\/wp-content\/uploads\/2016\/09\/logoNCK_pion.jpg\"><img loading=\"lazy\" decoding=\"async\" class=\"alignnone wp-image-695 imageSeven\" src=\"http:\/\/www.anti-defamation.pl\/english\/wp-content\/uploads\/2016\/09\/logoNCK_pion-225x300.jpg\" sizes=\"auto, (max-width: 69px) 100vw, 69px\" srcset=\"http:\/\/www.anti-defamation.pl\/english\/wp-content\/uploads\/2016\/09\/logoNCK_pion-225x300.jpg 225w, http:\/\/www.anti-defamation.pl\/english\/wp-content\/uploads\/2016\/09\/logoNCK_pion-768x1024.jpg 768w, http:\/\/www.anti-defamation.pl\/english\/wp-content\/uploads\/2016\/09\/logoNCK_pion-112x150.jpg 112w, http:\/\/www.anti-defamation.pl\/english\/wp-content\/uploads\/2016\/09\/logoNCK_pion.jpg 850w\" alt=\"logonck_pion\" width=\"69\" height=\"92\" \/><\/a><\/p>\n","protected":false},"excerpt":{"rendered":"<p>Reduta Dobrego Imienia zaprasza do wsp\u00f3lnego uczczenia ofiar II wojny\u00a0 \u015bwiatowej oraz sowieckiego ludob\u00f3jstwa na Polakach w latach 1937-1956. Wydarzenia: Zagraj w histori\u0119 \u2013 gra miejska z histori\u0105 w tle 17 wrze\u015bnia, w rocznic\u0119 agresji sowieckiej na Polsk\u0119, zapraszamy na gr\u0119 miejsk\u0105 nawi\u0105zuj\u0105c\u0105 do wydarze\u0144 wrze\u015bnia 1939. W\u0119druj\u0105c po uliczkach Woli, kilkuosobowe dru\u017cyny b\u0119d\u0105 poznawa\u0107 [&hellip;]<\/p>\n","protected":false},"author":3,"featured_media":471295,"comment_status":"open","ping_status":"open","sticky":false,"template":"","format":"standard","meta":{"_et_pb_use_builder":"","_et_pb_old_content":"","_et_gb_content_width":"","sfsi_plus_gutenberg_text_before_share":"","sfsi_plus_gutenberg_show_text_before_share":"","sfsi_plus_gutenberg_icon_type":"","sfsi_plus_gutenberg_icon_alignemt":"","sfsi_plus_gutenburg_max_per_row":"","footnotes":""},"categories":[39],"tags":[],"class_list":["post-597","post","type-post","status-publish","format-standard","has-post-thumbnail","hentry","category-aktualnosci"],"_links":{"self":[{"href":"https:\/\/rdi.org.pl\/english\/wp-json\/wp\/v2\/posts\/597","targetHints":{"allow":["GET"]}}],"collection":[{"href":"https:\/\/rdi.org.pl\/english\/wp-json\/wp\/v2\/posts"}],"about":[{"href":"https:\/\/rdi.org.pl\/english\/wp-json\/wp\/v2\/types\/post"}],"author":[{"embeddable":true,"href":"https:\/\/rdi.org.pl\/english\/wp-json\/wp\/v2\/users\/3"}],"replies":[{"embeddable":true,"href":"https:\/\/rdi.org.pl\/english\/wp-json\/wp\/v2\/comments?post=597"}],"version-history":[{"count":0,"href":"https:\/\/rdi.org.pl\/english\/wp-json\/wp\/v2\/posts\/597\/revisions"}],"wp:featuredmedia":[{"embeddable":true,"href":"https:\/\/rdi.org.pl\/english\/wp-json\/wp\/v2\/media\/471295"}],"wp:attachment":[{"href":"https:\/\/rdi.org.pl\/english\/wp-json\/wp\/v2\/media?parent=597"}],"wp:term":[{"taxonomy":"category","embeddable":true,"href":"https:\/\/rdi.org.pl\/english\/wp-json\/wp\/v2\/categories?post=597"},{"taxonomy":"post_tag","embeddable":true,"href":"https:\/\/rdi.org.pl\/english\/wp-json\/wp\/v2\/tags?post=597"}],"curies":[{"name":"wp","href":"https:\/\/api.w.org\/{rel}","templated":true}]}}